{"id":42614,"date":"2024-03-15T08:42:36","date_gmt":"2024-03-15T12:42:36","guid":{"rendered":"https:\/\/www.thebeertimes.com\/por-que-celebramos-el-dia-de-san-patricio\/"},"modified":"2025-03-17T07:29:59","modified_gmt":"2025-03-17T11:29:59","slug":"why-do-we-celebrate-saint-patricks-day","status":"publish","type":"post","link":"https:\/\/www.thebeertimes.com\/en\/why-do-we-celebrate-saint-patricks-day\/","title":{"rendered":"Why Do We Celebrate Saint Patrick&#8217;s Day? Origin, History, and Traditions"},"content":{"rendered":"<div id=\"thebe-1282985909\" class=\"thebe-antes-del-contenido-3 thebe-entity-placement\">\n            <div \n                class=\"elfsight-widget-popup elfsight-widget\" \n                data-elfsight-popup-options=\"%7B%22blocks%22%3A%5B%7B%22id%22%3A%22babc7e96-e195-4da3-a8c5-7072d42f2f5c%22%2C%22type%22%3A%22image%22%2C%22imageFile%22%3A%7B%22type%22%3A%22uploaded%22%2C%22data%22%3A%7B%22name%22%3A%2261d71zGp0%2BL._SL1500_%22%2C%22url%22%3A%22https%3A%5C%2F%5C%2Fwww.thebeertimes.com%5C%2Fwp-content%5C%2Fuploads%5C%2F2026%5C%2F02%5C%2F61d71zGp0L._SL1500_.jpg%22%2C%22size%22%3A45654%2C%22type%22%3A%22image%22%2C%22extension%22%3A%22jpeg%22%2C%22width%22%3A940%2C%22height%22%3A1500%2C%22ext%22%3A%22jpeg%22%7D%7D%2C%22imageScale%22%3A60%7D%2C%7B%22id%22%3A%226689e0da-ab1d-42a0-ac83-457ff13f91dd%22%2C%22type%22%3A%22button%22%2C%22buttonText%22%3A%22Buy%20on%20AMAZON%22%2C%22buttonAction%22%3A%22redirect%22%2C%22buttonStyle%22%3A%22filled%22%2C%22buttonShape%22%3A%22rectangle%22%2C%22buttonColor%22%3A%22rgb%28255%2C%2038%2C%2067%29%22%2C%22buttonFontSize%22%3A16%2C%22label%22%3A%22Button%22%2C%22buttonUrl%22%3A%22https%3A%5C%2F%5C%2Fwww.amazon.com%5C%2Fdp%5C%2FB0GDGJJWD2%22%7D%5D%2C%22layout%22%3A%22modal%22%2C%22width%22%3A500%2C%22popupBlocksAlignment%22%3A%22center%22%2C%22popupShape%22%3A%22rounded%22%2C%22popupBackgroundColor%22%3A%22rgb%28255%2C%20255%2C%20255%29%22%2C%22popupBackgroundImage%22%3Anull%2C%22popupBackgroundImageOverlayColor%22%3A%22%22%2C%22overlayVisible%22%3Atrue%2C%22overlayClose%22%3Atrue%2C%22overlayBackgroundColor%22%3A%22rgba%2817%2C%2017%2C%2017%2C%200.7%29%22%2C%22overlayBackgroundImage%22%3Anull%2C%22overlayBackgroundImageOverlayColor%22%3A%22%22%2C%22closeButtonVisible%22%3Atrue%2C%22closeButtonColor%22%3A%22rgba%2817%2C%2017%2C%2017%2C%200.7%29%22%2C%22triggerPageLoadEnabled%22%3Afalse%2C%22triggerTimeOnPageEnabled%22%3Afalse%2C%22triggerTimeOnPageDuration%22%3A30%2C%22triggerScrollEnabled%22%3Atrue%2C%22triggerScrollPosition%22%3A25%2C%22triggerScrollToElementEnabled%22%3Afalse%2C%22triggerScrollToElementId%22%3Anull%2C%22triggerClickEnabled%22%3Afalse%2C%22triggerClickElementId%22%3Anull%2C%22triggerExitIntentEnabled%22%3Afalse%2C%22displayFrequency%22%3A%22everytime%22%2C%22displayPages%22%3A%22allPages%22%2C%22displayExcludedPages%22%3A%5B%5D%2C%22displaySpecificPages%22%3A%5B%5D%2C%22displayDevices%22%3A%5B%22desktop%22%2C%22tablet%22%2C%22mobile%22%5D%2C%22widgetId%22%3A%224%22%7D\" \n                data-elfsight-popup-version=\"1.0.0\"\n                data-elfsight-widget-id=\"elfsight-popup-4\">\n            <\/div>\n            <\/div><div id=\"thebe-4056367111\" class=\"thebe-fuente-preferida-2 thebe-entity-placement\" style=\"margin-bottom: 30px;margin-left: auto;margin-right: auto;text-align: center;\"><a href=\"https:\/\/www.google.com\/preferences\/source?q=thebeertimes.com\" target=\"_blank\" aria-label=\"A\u00f1adir como fuente preferida en google\"><img loading=\"lazy\" decoding=\"async\" src=\"https:\/\/www.thebeertimes.com\/wp-content\/uploads\/2026\/07\/Anadir-como-fuente-preferida-en-google-1.jpg\" alt=\"\"  srcset=\"https:\/\/www.thebeertimes.com\/wp-content\/uploads\/2026\/07\/Anadir-como-fuente-preferida-en-google-1.jpg 638w, https:\/\/www.thebeertimes.com\/wp-content\/uploads\/2026\/07\/Anadir-como-fuente-preferida-en-google-1-300x60.jpg 300w\" sizes=\"(max-width: 638px) 100vw, 638px\" width=\"175\" height=\"127\"  style=\"display: inline-block;\" \/><\/a><\/div><p>Saint Patrick&#8217;s Day is celebrated annually on March 17 to commemorate the death of the patron saint of Ireland, who is credited with converting the island&#8217;s inhabitants to Catholicism.<\/p>\n<figure id=\"attachment_9825\" aria-describedby=\"caption-attachment-9825\" style=\"width: 600px\" class=\"wp-caption aligncenter\"><img loading=\"lazy\" decoding=\"async\" class=\"wp-image-9825 size-full\" title=\"Saint Patrick\" src=\"https:\/\/www.thebeertimes.com\/wp-content\/uploads\/2017\/01\/San_Patricio.jpg\" alt=\"Saint Patrick\" width=\"600\" height=\"315\" srcset=\"https:\/\/www.thebeertimes.com\/wp-content\/uploads\/2017\/01\/San_Patricio.jpg 600w, https:\/\/www.thebeertimes.com\/wp-content\/uploads\/2017\/01\/San_Patricio-300x158.jpg 300w, https:\/\/www.thebeertimes.com\/wp-content\/uploads\/2017\/01\/San_Patricio-114x60.jpg 114w\" sizes=\"auto, (max-width: 600px) 100vw, 600px\" \/><figcaption id=\"caption-attachment-9825\" class=\"wp-caption-text\">Saint Patrick<\/figcaption><\/figure>\n<p>This holiday, which began as a religious celebration, has evolved into a global event honoring Irish culture with parades, music, food, and of course, beer.<\/p>\n\n<h2>The History of Saint Patrick<\/h2>\n<p>Saint Patrick was born in the town of Bennhaven Taberniae, present-day Scotland, around the year 387. <span style=\"font-size: inherit; color: rgba(var(--c-rgba), 0.74);\">His father, Calpurnius, was a Christian deacon and an officer in the Roman army.<\/span><\/p>\n<p>At the age of 16, Patrick was captured by Irish pirates and sold into slavery in Ireland, where he spent six years tending sheep.<\/p>\n<p>During this time, he learned the Celtic language and became familiar with the local culture.<\/p>\n<p>After escaping and returning to his family, Patrick felt called to religious life. He was ordained as a priest and years later, was sent back to Ireland by Pope Celestine I with the mission of evangelizing its inhabitants.<\/p>\n<p>Ireland, at that time, was divided into clans under the influence of the druids, a powerful priestly class among the Celts.<\/p>\n<div id=\"thebe-4073850649\" style=\"margin-bottom: 30px;\"><script async src=\"\/\/pagead2.googlesyndication.com\/pagead\/js\/adsbygoogle.js?client=ca-pub-9395258998211551\" crossorigin=\"anonymous\"><\/script><ins class=\"adsbygoogle\" style=\"display:block;\" data-ad-client=\"ca-pub-9395258998211551\" \ndata-ad-slot=\"8775458773\" \ndata-ad-format=\"auto\"><\/ins>\n<script> \n(adsbygoogle = window.adsbygoogle || []).push({}); \n<\/script>\n<\/div>\n<h2>Saint Patrick Returns to Ireland<\/h2>\n<p>Saint Patrick managed to adapt to the social conditions of Ireland, respecting local traditions while introducing Christianity.<\/p>\n<p>He used symbols such as the shamrock to explain religious concepts, like the Holy Trinity.<\/p>\n<p>He remained in Ireland for nearly three decades, establishing Christian communities and training local clergy.<\/p>\n<p>He died on March 17, 461, in Downpatrick, a town named in his honor.<\/p>\n<p><img loading=\"lazy\" decoding=\"async\" class=\"aligncenter wp-image-20116\" title=\"Ireland\" src=\"https:\/\/www.thebeertimes.com\/wp-content\/uploads\/2017\/01\/Irlanda.jpg\" alt=\"Ireland\" width=\"400\" height=\"266\" srcset=\"https:\/\/www.thebeertimes.com\/wp-content\/uploads\/2017\/01\/Irlanda.jpg 500w, https:\/\/www.thebeertimes.com\/wp-content\/uploads\/2017\/01\/Irlanda-300x199.jpg 300w, https:\/\/www.thebeertimes.com\/wp-content\/uploads\/2017\/01\/Irlanda-270x180.jpg 270w, https:\/\/www.thebeertimes.com\/wp-content\/uploads\/2017\/01\/Irlanda-370x245.jpg 370w\" sizes=\"auto, (max-width: 400px) 100vw, 400px\" \/><\/p>\n<h2>Symbols of Saint Patrick&#8217;s Day Celebration<\/h2>\n<p>Every element and symbol associated with this day has a deep meaning, rooted in Irish history and culture.<\/p>\n<h3>1. The Color Green<\/h3>\n<p>Originally, the color associated with Saint Patrick was blue. However, green became popular thanks to the song &#8220;The Wearing of the Green,&#8221; which urged the Irish to wear something green in honor of their homeland.<\/p><div id=\"thebe-2413425991\" class=\"thebe-libros-amazon thebe-entity-placement\" style=\"margin-left: auto;margin-right: auto;text-align: center;\"><div style=\"background-color: #ffffff; border: 1px solid #ccc; border-radius: 12px; padding: 16px; max-width: 320px; margin: 20px auto; text-align: center; font-family: helvetica, arial, sans-serif;\">\n<p><a href=\"https:\/\/amzn.to\/3LddZmQ\"><img loading=\"lazy\" decoding=\"async\" class=\"wp-image-43340 aligncenter\" src=\"https:\/\/www.thebeertimes.com\/wp-content\/uploads\/2025\/05\/Catar-cerveza-300x300.jpg\" alt=\"Gu\u00eda Pr\u00e1ctica Catar Cerveza Amazon\" width=\"200\" height=\"199\" srcset=\"https:\/\/www.thebeertimes.com\/wp-content\/uploads\/2025\/05\/Catar-cerveza-300x300.jpg 300w, https:\/\/www.thebeertimes.com\/wp-content\/uploads\/2025\/05\/Catar-cerveza-150x150.jpg 150w, https:\/\/www.thebeertimes.com\/wp-content\/uploads\/2025\/05\/Catar-cerveza-370x370.jpg 370w, https:\/\/www.thebeertimes.com\/wp-content\/uploads\/2025\/05\/Catar-cerveza.jpg 500w\" sizes=\"auto, (max-width: 200px) 100vw, 200px\" \/><\/a><\/p>\n<p style=\"color: #0000ff; font-weight: bold; margin: 8px 0; line-height: 1.2;\"><a href=\"https:\/\/amzn.to\/3LddZmQ\" target=\"_blank\" rel=\"nofollow\"><span style=\"font-size: 11pt;\">Gu\u00eda pr\u00e1ctica para catar cerveza: C\u00f3mo apreciar correctamente todas las cervezas del mundo<\/span><\/a><\/p>\n<p><a class=\"fasc-button fasc-size-medium fasc-type-flat fasc-rounded-medium fasc-ico-before dashicons-cart\" style=\"background-color: #ff9900; color: #000000;\" target=\"_blank\" rel=\"nofollow\" href=\"https:\/\/amzn.to\/3LddZmQ\">Comprar en Amazon<\/a><\/p>\n<\/div>\n<\/div>\n<p style=\"text-align: center;\"><iframe referrerpolicy=\"strict-origin-when-cross-origin\" loading=\"lazy\" title=\"YouTube video player\" src=\"https:\/\/www.youtube.com\/embed\/mrU23o3mBR8?si=XJmWpqNxi4Rbnq1t\" width=\"560\" height=\"315\" frameborder=\"0\" allowfullscreen=\"allowfullscreen\"><\/iframe><\/p>\n<p>Today, green represents the lush landscapes of Ireland, known as the &#8220;Emerald Isle.&#8221;<\/p>\n<h3>2. The Three-Leaf Clover<\/h3>\n<p>The clover, or &#8220;shamrock,&#8221; is one of the most recognizable symbols of Ireland.<\/p>\n<p>According to legend, Saint Patrick used the shamrock to explain the Holy Trinity: three leaves on a single plant, just as there are three persons in one God.<\/p>\n<p>Today, the shamrock is an emblem of Irish identity and a reminder of the country&#8217;s Christian heritage.<\/p>\n<h3>3. Leprechauns<\/h3>\n<p>Leprechauns are mythological Irish creatures, known for their grumpy nature and skill as shoemakers.<\/p>\n<p>Dressed in green and wearing a distinctive hat, they are said to hide a pot of gold at the end of the rainbow.<\/p>\n<p>These leprechauns represent Irish magic and folklore and are a popular symbol during Saint Patrick&#8217;s Day celebrations.<\/p>\n<p><img loading=\"lazy\" decoding=\"async\" class=\"aligncenter wp-image-9826\" title=\"Irish Symbols\" src=\"https:\/\/www.thebeertimes.com\/wp-content\/uploads\/2017\/01\/Leprechauns_y_cerveza_Guinness.jpg\" alt=\"Irish Symbols\" width=\"400\" height=\"208\" srcset=\"https:\/\/www.thebeertimes.com\/wp-content\/uploads\/2017\/01\/Leprechauns_y_cerveza_Guinness.jpg 500w, https:\/\/www.thebeertimes.com\/wp-content\/uploads\/2017\/01\/Leprechauns_y_cerveza_Guinness-300x156.jpg 300w\" sizes=\"auto, (max-width: 400px) 100vw, 400px\" \/><\/p>\n<h3>4. The Snakes<\/h3>\n<p>One of the most famous legends about Saint Patrick is that he drove all the snakes out of Ireland.<\/p>\n<p>Although scientifically Ireland has never had snakes due to its geographical isolation, this story symbolizes the eradication of paganism and the arrival of Christianity.<\/p>\n<h3>5. Green Beer<\/h3>\n<p>The tradition of dyeing beer green is not native to Ireland but was popularized in the United States.<\/p>\n<p>In 1914, during a Saint Patrick&#8217;s Day celebration in New York, Dr. Thomas Hayes Curtin added food coloring to beer, creating a festive drink that has become an icon of this holiday.<\/p>\n<div id=\"thebe-3841354060\" style=\"margin-bottom: 20px;margin-left: auto;margin-right: auto;text-align: center;\"><script async src=\"\/\/pagead2.googlesyndication.com\/pagead\/js\/adsbygoogle.js?client=ca-pub-9395258998211551\" crossorigin=\"anonymous\"><\/script><ins class=\"adsbygoogle\" style=\"display:block; text-align:center;\" data-ad-client=\"ca-pub-9395258998211551\" \ndata-ad-slot=\"1179889612\" \ndata-ad-layout=\"in-article\"\ndata-ad-format=\"fluid\"><\/ins>\n<script> \n(adsbygoogle = window.adsbygoogle || []).push({}); \n<\/script>\n<\/div>\n<h2>Final Thoughts<\/h2>\n<p>Saint Patrick&#8217;s Day is a celebration that transcends the borders of Ireland, uniting people from all over the world in honor of Irish culture, history, and traditions.<\/p>\n<p>From the color green to shamrocks and leprechauns, each symbol has a fascinating story that reflects the richness of this holiday.<\/p>\n<h2>We Recommend<\/h2><div id=\"thebe-2714907098\" class=\"thebe-adsterra-300-x-250 thebe-entity-placement\" style=\"margin-top: 15px;margin-left: auto;margin-right: auto;text-align: center;\"><script async src=\"\/\/pagead2.googlesyndication.com\/pagead\/js\/adsbygoogle.js?client=ca-pub-9395258998211551\" crossorigin=\"anonymous\"><\/script><ins class=\"adsbygoogle\" style=\"display:block;\" data-ad-client=\"ca-pub-9395258998211551\" \ndata-ad-slot=\"1930811761\" \ndata-ad-format=\"auto\"><\/ins>\n<script> \n(adsbygoogle = window.adsbygoogle || []).push({}); \n<\/script>\n<\/div>\n<ul>\n<li><a href=\"https:\/\/www.thebeertimes.com\/es\/en\/corona-extra-history-origin-and-global-expansion-of-a-mexican-symbol\/\" target=\"_blank\" rel=\"noopener\">The History and Origins of Corona Extra Beer<\/a><\/li>\n<li><a href=\"https:\/\/www.thebeertimes.com\/es\/the-beer-bang-theory-la-cerveza-como-origen-de-la-agricultura-y-la-civilizacion\/\" target=\"_blank\" rel=\"noopener\">Beer as the Origin of Agriculture and Civilization<\/a><\/li>\n<\/ul>\n<div id=\"thebe-1033477993\" class=\"thebe-adskeeper-fin-articulo thebe-entity-placement\" style=\"margin-top: 20px;margin-left: auto;margin-right: auto;text-align: center;\"><div data-type=\"_mgwidget\" data-widget-id=\"1705281\">\r\n<\/div>\r\n<script>(function(w,q){w[q]=w[q]||[];w[q].push([\"_mgc.load\"])})(window,\"_mgq\");\r\n<\/script><\/div>","protected":false},"excerpt":{"rendered":"<p>This holiday, which began as a religious celebration, has evolved into a global event honoring Irish culture with parades, music, food, and of course, beer.<\/p>\n","protected":false},"author":1,"featured_media":37767,"comment_status":"closed","ping_status":"closed","sticky":false,"template":"","format":"standard","meta":{"wpai_generated_summary":"","footnotes":""},"categories":[21119,21153],"tags":[21122,21374,21380,21375,21134,21381,21376],"class_list":["post-42614","post","type-post","status-publish","format-standard","has-post-thumbnail","category-culture","category-history","tag-culture","tag-eventos-en","tag-events","tag-guinness-en","tag-history","tag-saint-patrick","tag-san-patricio-en"],"_links":{"self":[{"href":"https:\/\/www.thebeertimes.com\/en\/wp-json\/wp\/v2\/posts\/42614","targetHints":{"allow":["GET"]}}],"collection":[{"href":"https:\/\/www.thebeertimes.com\/en\/wp-json\/wp\/v2\/posts"}],"about":[{"href":"https:\/\/www.thebeertimes.com\/en\/wp-json\/wp\/v2\/types\/post"}],"author":[{"embeddable":true,"href":"https:\/\/www.thebeertimes.com\/en\/wp-json\/wp\/v2\/users\/1"}],"replies":[{"embeddable":true,"href":"https:\/\/www.thebeertimes.com\/en\/wp-json\/wp\/v2\/comments?post=42614"}],"version-history":[{"count":0,"href":"https:\/\/www.thebeertimes.com\/en\/wp-json\/wp\/v2\/posts\/42614\/revisions"}],"wp:featuredmedia":[{"embeddable":true,"href":"https:\/\/www.thebeertimes.com\/en\/wp-json\/wp\/v2\/media\/37767"}],"wp:attachment":[{"href":"https:\/\/www.thebeertimes.com\/en\/wp-json\/wp\/v2\/media?parent=42614"}],"wp:term":[{"taxonomy":"category","embeddable":true,"href":"https:\/\/www.thebeertimes.com\/en\/wp-json\/wp\/v2\/categories?post=42614"},{"taxonomy":"post_tag","embeddable":true,"href":"https:\/\/www.thebeertimes.com\/en\/wp-json\/wp\/v2\/tags?post=42614"}],"curies":[{"name":"wp","href":"https:\/\/api.w.org\/{rel}","templated":true}]}}