{"id":47753,"date":"2021-10-15T15:46:12","date_gmt":"2021-10-15T19:46:12","guid":{"rendered":"https:\/\/www.thebeertimes.com\/?p=47753"},"modified":"2026-07-06T13:24:14","modified_gmt":"2026-07-06T17:24:14","slug":"battle-gravensteen-castle-1949-student-protest-flemish-legend","status":"publish","type":"post","link":"https:\/\/www.thebeertimes.com\/en\/battle-gravensteen-castle-1949-student-protest-flemish-legend\/","title":{"rendered":"The Battle of Gravensteen Castle: The Student Protest That Became a Flemish Legend"},"content":{"rendered":"<div id=\"thebe-3971022183\" class=\"thebe-antes-del-contenido-3 thebe-entity-placement\">\n            <div \n                class=\"elfsight-widget-popup elfsight-widget\" \n                data-elfsight-popup-options=\"%7B%22blocks%22%3A%5B%7B%22id%22%3A%22babc7e96-e195-4da3-a8c5-7072d42f2f5c%22%2C%22type%22%3A%22image%22%2C%22imageFile%22%3A%7B%22type%22%3A%22uploaded%22%2C%22data%22%3A%7B%22name%22%3A%2261d71zGp0%2BL._SL1500_%22%2C%22url%22%3A%22https%3A%5C%2F%5C%2Fwww.thebeertimes.com%5C%2Fwp-content%5C%2Fuploads%5C%2F2026%5C%2F02%5C%2F61d71zGp0L._SL1500_.jpg%22%2C%22size%22%3A45654%2C%22type%22%3A%22image%22%2C%22extension%22%3A%22jpeg%22%2C%22width%22%3A940%2C%22height%22%3A1500%2C%22ext%22%3A%22jpeg%22%7D%7D%2C%22imageScale%22%3A60%7D%2C%7B%22id%22%3A%226689e0da-ab1d-42a0-ac83-457ff13f91dd%22%2C%22type%22%3A%22button%22%2C%22buttonText%22%3A%22Buy%20on%20AMAZON%22%2C%22buttonAction%22%3A%22redirect%22%2C%22buttonStyle%22%3A%22filled%22%2C%22buttonShape%22%3A%22rectangle%22%2C%22buttonColor%22%3A%22rgb%28255%2C%2038%2C%2067%29%22%2C%22buttonFontSize%22%3A16%2C%22label%22%3A%22Button%22%2C%22buttonUrl%22%3A%22https%3A%5C%2F%5C%2Fwww.amazon.com%5C%2Fdp%5C%2FB0GDGJJWD2%22%7D%5D%2C%22layout%22%3A%22modal%22%2C%22width%22%3A500%2C%22popupBlocksAlignment%22%3A%22center%22%2C%22popupShape%22%3A%22rounded%22%2C%22popupBackgroundColor%22%3A%22rgb%28255%2C%20255%2C%20255%29%22%2C%22popupBackgroundImage%22%3Anull%2C%22popupBackgroundImageOverlayColor%22%3A%22%22%2C%22overlayVisible%22%3Atrue%2C%22overlayClose%22%3Atrue%2C%22overlayBackgroundColor%22%3A%22rgba%2817%2C%2017%2C%2017%2C%200.7%29%22%2C%22overlayBackgroundImage%22%3Anull%2C%22overlayBackgroundImageOverlayColor%22%3A%22%22%2C%22closeButtonVisible%22%3Atrue%2C%22closeButtonColor%22%3A%22rgba%2817%2C%2017%2C%2017%2C%200.7%29%22%2C%22triggerPageLoadEnabled%22%3Afalse%2C%22triggerTimeOnPageEnabled%22%3Afalse%2C%22triggerTimeOnPageDuration%22%3A30%2C%22triggerScrollEnabled%22%3Atrue%2C%22triggerScrollPosition%22%3A25%2C%22triggerScrollToElementEnabled%22%3Afalse%2C%22triggerScrollToElementId%22%3Anull%2C%22triggerClickEnabled%22%3Afalse%2C%22triggerClickElementId%22%3Anull%2C%22triggerExitIntentEnabled%22%3Afalse%2C%22displayFrequency%22%3A%22everytime%22%2C%22displayPages%22%3A%22allPages%22%2C%22displayExcludedPages%22%3A%5B%5D%2C%22displaySpecificPages%22%3A%5B%5D%2C%22displayDevices%22%3A%5B%22desktop%22%2C%22tablet%22%2C%22mobile%22%5D%2C%22widgetId%22%3A%224%22%7D\" \n                data-elfsight-popup-version=\"1.0.0\"\n                data-elfsight-widget-id=\"elfsight-popup-4\">\n            <\/div>\n            <\/div><div id=\"thebe-3004103381\" class=\"thebe-fuente-preferida-2 thebe-entity-placement\" style=\"margin-bottom: 30px;margin-left: auto;margin-right: auto;text-align: center;\"><a href=\"https:\/\/www.google.com\/preferences\/source?q=thebeertimes.com\" target=\"_blank\" aria-label=\"A\u00f1adir como fuente preferida en google\"><img loading=\"lazy\" decoding=\"async\" src=\"https:\/\/www.thebeertimes.com\/wp-content\/uploads\/2026\/07\/Anadir-como-fuente-preferida-en-google-1.jpg\" alt=\"\"  srcset=\"https:\/\/www.thebeertimes.com\/wp-content\/uploads\/2026\/07\/Anadir-como-fuente-preferida-en-google-1.jpg 638w, https:\/\/www.thebeertimes.com\/wp-content\/uploads\/2026\/07\/Anadir-como-fuente-preferida-en-google-1-300x60.jpg 300w\" sizes=\"(max-width: 638px) 100vw, 638px\" width=\"175\" height=\"127\"  style=\"display: inline-block;\" \/><\/a><\/div><p>The &#8220;Battle of Gravensteen&#8221; today is primarily known as a song based on the texts of the poem by Eugeen De Ridder, to whom Armand Preud&#8217;homme later composed the music.<\/p>\n<p><!-- MEJORA ESTRUCTURA: Subt\u00edtulo H2 puente para jerarqu\u00eda de contenido y escaneabilidad --><\/p>\n<figure id=\"attachment_22398\" aria-describedby=\"caption-attachment-22398\" style=\"width: 600px\" class=\"wp-caption aligncenter\"><img loading=\"lazy\" decoding=\"async\" class=\"wp-image-22398 size-full\" title=\"La batalla del castillo Gravensteen\" src=\"https:\/\/www.thebeertimes.com\/wp-content\/uploads\/2021\/10\/La-batalla-del-castillo-Gravensteen.jpg\" alt=\"The Battle of Gravensteen Castle\" width=\"600\" height=\"315\" srcset=\"https:\/\/www.thebeertimes.com\/wp-content\/uploads\/2021\/10\/La-batalla-del-castillo-Gravensteen.jpg 600w, https:\/\/www.thebeertimes.com\/wp-content\/uploads\/2021\/10\/La-batalla-del-castillo-Gravensteen-300x158.jpg 300w, https:\/\/www.thebeertimes.com\/wp-content\/uploads\/2021\/10\/La-batalla-del-castillo-Gravensteen-114x60.jpg 114w\" sizes=\"auto, (max-width: 600px) 100vw, 600px\" \/><figcaption id=\"caption-attachment-22398\" class=\"wp-caption-text\">The Battle of Gravensteen Castle<\/figcaption><\/figure>\n<p><!-- MEJORA CONTEXTO: P\u00e1rrafo de transici\u00f3n que aporta autoridad sobre los creadores de la obra --><\/p>\n<p>To understand the significance of this work, it is useful to recall that Eugeen De Ridder was a prominent Flemish poet committed to the cultural identity of Flanders, while Armand Preud&#8217;homme established himself as a leading composer of Belgian popular music in the mid-20th century. Their collaboration turned a local episode into an anthem of collective memory.<\/p>\n<p>The song describes the occupation of Gravensteen (&#8220;Castle of the Counts&#8221;), located in Ghent, in East Flanders of Belgium. A medieval castle that was built in 1180.<\/p>\n<p>The events occurred on November 16, 1949, when 138 students from the <a href=\"https:\/\/www.ugent.be\/en\" target=\"_blank\" rel=\"noopener\">University of Ghent<\/a> (137 men and 1 woman) barricaded themselves in the castle to protest the increase in beer prices.<\/p>\n<div id=\"thebe-2910771932\" style=\"margin-bottom: 30px;\"><script async src=\"\/\/pagead2.googlesyndication.com\/pagead\/js\/adsbygoogle.js?client=ca-pub-9395258998211551\" crossorigin=\"anonymous\"><\/script><ins class=\"adsbygoogle\" style=\"display:block;\" data-ad-client=\"ca-pub-9395258998211551\" \ndata-ad-slot=\"8775458773\" \ndata-ad-format=\"auto\"><\/ins>\n<script> \n(adsbygoogle = window.adsbygoogle || []).push({}); \n<\/script>\n<\/div>\n<p>But in addition to protesting the new taxes, the students also wanted to abolish the rule that replaced the use of white helmets by the police, which had been replaced by blue kepis so that police officers would be less distinguishable, among other things, from mailmen and taxi drivers.<\/p>\n<figure id=\"attachment_22399\" aria-describedby=\"caption-attachment-22399\" style=\"width: 400px\" class=\"wp-caption aligncenter\"><img loading=\"lazy\" decoding=\"async\" class=\"wp-image-22399\" title=\"La batalla del castillo Gravensteen bomberos\" src=\"https:\/\/www.thebeertimes.com\/wp-content\/uploads\/2021\/10\/La-batalla-del-castillo-Gravensteen-bomberos.jpg\" alt=\"Ghent firefighters attempting to clear the castle during the 1949 student protest\" width=\"400\" height=\"297\" srcset=\"https:\/\/www.thebeertimes.com\/wp-content\/uploads\/2021\/10\/La-batalla-del-castillo-Gravensteen-bomberos.jpg 800w, https:\/\/www.thebeertimes.com\/wp-content\/uploads\/2021\/10\/La-batalla-del-castillo-Gravensteen-bomberos-300x223.jpg 300w\" sizes=\"auto, (max-width: 400px) 100vw, 400px\" \/><figcaption id=\"caption-attachment-22399\" class=\"wp-caption-text\">Firefighters attempting to evict the students.<\/figcaption><\/figure>\n<p>The University of Ghent itself keeps records of the events that occurred that day:<\/p>\n<blockquote><p>On November 16, 1949, 138 students (including one woman) barricaded themselves in Gravensteen in Ghent. The battlements were adorned with funny student slogans, while police and firefighters received overly ripe fruit and smoke bombs in response. The student prank becomes front-page news in the international press.<\/p><\/blockquote>\n<p>Finally, the police and firefighters managed to stop and evict the castle, but already with public opinion in favor of the protest, so no student was actually prosecuted and essentially got what they asked for.<\/p><div id=\"thebe-2501112080\" class=\"thebe-libros-amazon thebe-entity-placement\" style=\"margin-left: auto;margin-right: auto;text-align: center;\"><div style=\"background-color: #ffffff; border: 1px solid #ccc; border-radius: 12px; padding: 16px; max-width: 320px; margin: 20px auto; text-align: center; font-family: helvetica, arial, sans-serif;\">\n<p><a href=\"https:\/\/amzn.to\/3LddZmQ\"><img loading=\"lazy\" decoding=\"async\" class=\"wp-image-43340 aligncenter\" src=\"https:\/\/www.thebeertimes.com\/wp-content\/uploads\/2025\/05\/Catar-cerveza-300x300.jpg\" alt=\"Gu\u00eda Pr\u00e1ctica Catar Cerveza Amazon\" width=\"200\" height=\"199\" srcset=\"https:\/\/www.thebeertimes.com\/wp-content\/uploads\/2025\/05\/Catar-cerveza-300x300.jpg 300w, https:\/\/www.thebeertimes.com\/wp-content\/uploads\/2025\/05\/Catar-cerveza-150x150.jpg 150w, https:\/\/www.thebeertimes.com\/wp-content\/uploads\/2025\/05\/Catar-cerveza-370x370.jpg 370w, https:\/\/www.thebeertimes.com\/wp-content\/uploads\/2025\/05\/Catar-cerveza.jpg 500w\" sizes=\"auto, (max-width: 200px) 100vw, 200px\" \/><\/a><\/p>\n<p style=\"color: #0000ff; font-weight: bold; margin: 8px 0; line-height: 1.2;\"><a href=\"https:\/\/amzn.to\/3LddZmQ\" target=\"_blank\" rel=\"nofollow\"><span style=\"font-size: 11pt;\">Gu\u00eda pr\u00e1ctica para catar cerveza: C\u00f3mo apreciar correctamente todas las cervezas del mundo<\/span><\/a><\/p>\n<p><a class=\"fasc-button fasc-size-medium fasc-type-flat fasc-rounded-medium fasc-ico-before dashicons-cart\" style=\"background-color: #ff9900; color: #000000;\" target=\"_blank\" rel=\"nofollow\" href=\"https:\/\/amzn.to\/3LddZmQ\">Comprar en Amazon<\/a><\/p>\n<\/div>\n<\/div>\n<p>The prank ended peacefully and the Gravensteen Castle was returned to local authorities that same night.<\/p>\n<p><!-- MEJORA CONTEXTO: Referencia comparativa que aporta profundidad anal\u00edtica sin desviar el foco --><\/p>\n<p>This type of playful but effective protest has parallels in other post-war European universities, where student humor served as a tool for institutional negotiation and collective identity building.<\/p>\n<p>This is how to this day, every year the Battle of Gravensteen Castle is commemorated, with a parade and a tribute song, in what is considered, at least by the city of Ghent, as the greatest student prank in its history.<\/p>\n<p><!-- MEJORA CONTEXTO: Vinculaci\u00f3n con turismo cultural y experiencias patrimoniales --><\/p>\n<p>Nowadays, this commemoration is integrated into the cultural tourist calendar of Ghent, attracting visitors interested in authentic experiences that connect historical memory, university life, and intangible heritage.<\/p>\n<figure id=\"attachment_22400\" aria-describedby=\"caption-attachment-22400\" style=\"width: 400px\" class=\"wp-caption aligncenter\"><img loading=\"lazy\" decoding=\"async\" class=\"wp-image-22400\" title=\"Celebraci\u00f3n anual de la batalla del castillo Gravensteen\" src=\"https:\/\/www.thebeertimes.com\/wp-content\/uploads\/2021\/10\/Celebracion-del-niversario.jpg\" alt=\"Annual celebration of the Battle of Gravensteen Castle\" width=\"400\" height=\"230\" srcset=\"https:\/\/www.thebeertimes.com\/wp-content\/uploads\/2021\/10\/Celebracion-del-niversario.jpg 600w, https:\/\/www.thebeertimes.com\/wp-content\/uploads\/2021\/10\/Celebracion-del-niversario-300x173.jpg 300w\" sizes=\"auto, (max-width: 400px) 100vw, 400px\" \/><figcaption id=\"caption-attachment-22400\" class=\"wp-caption-text\">Annual celebration of the battle<\/figcaption><\/figure>\n<p><!-- MEJORA CONTEXTO: Nota sobre m\u00e9trica y estilo po\u00e9tico para enriquecer el an\u00e1lisis literario --><\/p>\n<p style=\"font-style: italic; color: #666; font-size: 0.95em;\">The rhythmic structure of the song, with its repetitive choruses and folkloric references, facilitates its oral transmission and explains its permanence in collective memory.<\/p>\n<blockquote><p>In Ghent, the old city,<br \/>\nstood the Gravensteen<br \/>\nFor centuries as forgotten,<br \/>\nabandoned and alone.<br \/>\nUntil the time of students came,<br \/>\nLust for fun and laughter,<br \/>\nWith tricks to renew the castle,<br \/>\nWithout a blow or a strike.<\/p>\n<p>Sprayers of Flanders!<br \/>\nGhent roars with pleasure:<br \/>\n&#8220;Gravenkasteel is occupied by students!&#8221;<br \/>\nThey are in it! They want to get them out!<br \/>\nThey fear neither the club nor the water nor the spray!<br \/>\nSiegers if they want to attack.<br \/>\nCareful, careful, careful, careful!<\/p>\n<p>Ulenspiegel, Ulenspiegel leads them!<\/p>\n<p>&#8216;t Pandoerheir, like a seal, rolls<br \/>\nstairs along the wall,<br \/>\nAnd takes with water spears,<br \/>\nThe ruin under fire.<br \/>\nBut apples like grenades,<br \/>\nexplode on the ground,<br \/>\nand the muddy remains sow, crushing,<br \/>\nconfusion everywhere.<\/p>\n<p>The student guild, stubbornly<br \/>\ncovered in dust and ashes,<br \/>\nwithered its last apple,<br \/>\nits last sod.<br \/>\nThen their battle ended&#8230;<br \/>\nBut, over the centuries,<br \/>\nthe laughter of Vlaadren will commemorate,<br \/>\nThe Battle of &#8216;t Gravensteen!<\/p><\/blockquote>\n<p><!-- MEJORA CIERRE: P\u00e1rrafo de s\u00edntesis que conecta el episodio con su relevancia contempor\u00e1nea --><\/p>\n<p>The Battle of Gravensteen transcends the historical anecdote to become a case study on how collective creativity can transform a local protest into cultural heritage.<\/p>\n<p>Its annual commemoration reflects the value that Ghent places on student participation, humor as a tool for social dialogue, and memory as a living element of urban identity.<\/p>\n<p><!-- SECCI\u00d3N FAQ: 5 preguntas que aportan valor adicional sin redundar con el contenido principal --><\/p>\n<h2>Frequently Asked Questions (FAQs)<\/h2>\n<div>\n<div>\n<h3>1. Why was Gravensteen chosen as the stage for the protest?<\/h3>\n<div>\n<p>The castle symbolized the historical countly power of Flanders, which gave the occupation a symbolic charge of popular resistance against institutional decisions. Additionally, its central location and defensive structure made it ideal for a visible but safe action, allowing students to maintain media attention without exposing themselves to unnecessary risks.<\/p>\n<\/div>\n<\/div>\n<div>\n<h3>2. How did this protest influence university or municipal policies?<\/h3>\n<div>\n<p>Although there are no records of direct legislative changes, the episode consolidated an informal dialogue channel between students and local authorities. The University of Ghent began to consider humor and student creativity as legitimate factors in conflict management, setting a precedent for youth participation in cultural and social decisions of the city.<\/p>\n<\/div>\n<\/div>\n<div>\n<div>\n<h3>3. Are there audiovisual or documentary records of the 1949 protest?<\/h3>\n<\/div>\n<\/div>\n<div>\n<div>\n<p>Yes, the municipal archive of Ghent and the University itself preserve photographs and international press clippings from the time. In addition, in recent years documentary short films have been produced that recreate the events with testimonies from participants, available on Belgian cultural platforms. These resources allow for deeper immersion for those who wish to explore the topic beyond the article.<\/p>\n<\/div>\n<\/div>\n<\/div>\n<h2>We Recommend<\/h2><div id=\"thebe-4136092055\" class=\"thebe-adsterra-300-x-250 thebe-entity-placement\" style=\"margin-top: 15px;margin-left: auto;margin-right: auto;text-align: center;\"><script async src=\"\/\/pagead2.googlesyndication.com\/pagead\/js\/adsbygoogle.js?client=ca-pub-9395258998211551\" crossorigin=\"anonymous\"><\/script><ins class=\"adsbygoogle\" style=\"display:block;\" data-ad-client=\"ca-pub-9395258998211551\" \ndata-ad-slot=\"1930811761\" \ndata-ad-format=\"auto\"><\/ins>\n<script> \n(adsbygoogle = window.adsbygoogle || []).push({}); \n<\/script>\n<\/div>\n<ul>\n<li><a href=\"https:\/\/www.thebeertimes.com\/michelob-ultra-se-corona-como-la-cerveza-mas-vendida-en-estados-unidos\/\">Michelob Ultra is crowned as the best-selling beer in the United States<\/a><\/li>\n<li><a href=\"https:\/\/www.thebeertimes.com\/netflix-y-ab-inbev-anuncian-una-inedita-alianza-global\/\">Netflix and AB InBev announce an unprecedented global collaboration and marketing alliance<\/a><\/li>\n<\/ul>\n<div id=\"thebe-1337833131\" class=\"thebe-adskeeper-fin-articulo thebe-entity-placement\" style=\"margin-top: 20px;margin-left: auto;margin-right: auto;text-align: center;\"><div data-type=\"_mgwidget\" data-widget-id=\"1705281\">\r\n<\/div>\r\n<script>(function(w,q){w[q]=w[q]||[];w[q].push([\"_mgc.load\"])})(window,\"_mgq\");\r\n<\/script><\/div>","protected":false},"excerpt":{"rendered":"<p>The &#8220;Battle of Gravensteen&#8221; today is primarily known as a song based on the texts of the poem by Eugeen De Ridder, to whom Armand Preud&#8217;homme later composed the music. To understand the significance of this work, it is useful to recall that Eugeen De Ridder was a prominent Flemish poet committed to the cultural<\/p>\n","protected":false},"author":1,"featured_media":22398,"comment_status":"closed","ping_status":"closed","sticky":false,"template":"","format":"standard","meta":{"wpai_generated_summary":"","footnotes":""},"categories":[21153],"tags":[21621,21131,22013,21594],"class_list":["post-47753","post","type-post","status-publish","format-standard","has-post-thumbnail","category-history","tag-belgica","tag-belgium","tag-flanders","tag-historia"],"_links":{"self":[{"href":"https:\/\/www.thebeertimes.com\/en\/wp-json\/wp\/v2\/posts\/47753","targetHints":{"allow":["GET"]}}],"collection":[{"href":"https:\/\/www.thebeertimes.com\/en\/wp-json\/wp\/v2\/posts"}],"about":[{"href":"https:\/\/www.thebeertimes.com\/en\/wp-json\/wp\/v2\/types\/post"}],"author":[{"embeddable":true,"href":"https:\/\/www.thebeertimes.com\/en\/wp-json\/wp\/v2\/users\/1"}],"replies":[{"embeddable":true,"href":"https:\/\/www.thebeertimes.com\/en\/wp-json\/wp\/v2\/comments?post=47753"}],"version-history":[{"count":1,"href":"https:\/\/www.thebeertimes.com\/en\/wp-json\/wp\/v2\/posts\/47753\/revisions"}],"predecessor-version":[{"id":47754,"href":"https:\/\/www.thebeertimes.com\/en\/wp-json\/wp\/v2\/posts\/47753\/revisions\/47754"}],"wp:featuredmedia":[{"embeddable":true,"href":"https:\/\/www.thebeertimes.com\/en\/wp-json\/wp\/v2\/media\/22398"}],"wp:attachment":[{"href":"https:\/\/www.thebeertimes.com\/en\/wp-json\/wp\/v2\/media?parent=47753"}],"wp:term":[{"taxonomy":"category","embeddable":true,"href":"https:\/\/www.thebeertimes.com\/en\/wp-json\/wp\/v2\/categories?post=47753"},{"taxonomy":"post_tag","embeddable":true,"href":"https:\/\/www.thebeertimes.com\/en\/wp-json\/wp\/v2\/tags?post=47753"}],"curies":[{"name":"wp","href":"https:\/\/api.w.org\/{rel}","templated":true}]}}