{"id":49218,"date":"2026-08-30T12:09:00","date_gmt":"2026-08-30T16:09:00","guid":{"rendered":"https:\/\/www.thebeertimes.com\/?p=49218"},"modified":"2026-09-02T15:59:46","modified_gmt":"2026-09-02T19:59:46","slug":"la-westmalle-dubbel-fete-ses-100-ans-comme-la-biere-trappiste-qui-a-donne-vie-a-un-style","status":"publish","type":"post","link":"https:\/\/www.thebeertimes.com\/fr\/la-westmalle-dubbel-fete-ses-100-ans-comme-la-biere-trappiste-qui-a-donne-vie-a-un-style\/","title":{"rendered":"La Westmalle Dubbel f\u00eate ses 100 ans comme la bi\u00e8re trappiste qui a donn\u00e9 vie \u00e0 un style"},"content":{"rendered":"<div id=\"thebe-3929777060\" class=\"thebe-fuente-preferida-2 thebe-entity-placement\" style=\"margin-bottom: 30px;margin-left: auto;margin-right: auto;text-align: center;\"><a href=\"https:\/\/www.google.com\/preferences\/source?q=thebeertimes.com\" target=\"_blank\" aria-label=\"A\u00f1adir como fuente preferida en google\"><img loading=\"lazy\" decoding=\"async\" src=\"https:\/\/www.thebeertimes.com\/wp-content\/uploads\/2026\/07\/Anadir-como-fuente-preferida-en-google-1.jpg\" alt=\"\"  srcset=\"https:\/\/www.thebeertimes.com\/wp-content\/uploads\/2026\/07\/Anadir-como-fuente-preferida-en-google-1.jpg 638w, https:\/\/www.thebeertimes.com\/wp-content\/uploads\/2026\/07\/Anadir-como-fuente-preferida-en-google-1-300x60.jpg 300w\" sizes=\"(max-width: 638px) 100vw, 638px\" width=\"175\" height=\"127\"  style=\"display: inline-block;\" \/><\/a><\/div><p>La Westmalle Dubbel f\u00eate ses 100 ans en 2026. L&rsquo;abbaye trappiste de Westmalle, en Belgique, c\u00e9l\u00e8bre le centenaire d&rsquo;une recette qui, en 1926, a d\u00e9fini le style Dubbel et qui est encore brass\u00e9e aujourd&rsquo;hui selon les m\u00eames principes \u00e9tablis par la communaut\u00e9 monastique il y a un si\u00e8cle.<\/p>\n<figure id=\"attachment_49151\" aria-describedby=\"caption-attachment-49151\" style=\"width: 600px\" class=\"wp-caption aligncenter\"><img loading=\"lazy\" decoding=\"async\" class=\"wp-image-49151 size-full\" title=\"Westmalle Dubbel\" src=\"https:\/\/www.thebeertimes.com\/wp-content\/uploads\/2026\/08\/westmalle-dubbel-100-anos.jpg\" alt=\"Westmalle Dubbel, bouteille comm\u00e9morative des 100 ans\" width=\"600\" height=\"315\" srcset=\"https:\/\/www.thebeertimes.com\/wp-content\/uploads\/2026\/08\/westmalle-dubbel-100-anos.jpg 600w, https:\/\/www.thebeertimes.com\/wp-content\/uploads\/2026\/08\/westmalle-dubbel-100-anos-300x158.jpg 300w\" sizes=\"auto, (max-width: 600px) 100vw, 600px\" \/><figcaption id=\"caption-attachment-49151\" class=\"wp-caption-text\">Westmalle Dubbel 100 ans<\/figcaption><\/figure>\n<p>Ce parcours\u2014d&rsquo;une bi\u00e8re de table monastique \u00e0 l&rsquo;une des recettes trappistes les plus reproduites au monde\u2014traverse pr\u00e8s de deux si\u00e8cles d&rsquo;histoire de l&rsquo;abbaye.<\/p>\n\n<h2>De la fondation \u00e0 la premi\u00e8re bi\u00e8re<\/h2>\n<p>L&rsquo;abbaye de Westmalle a \u00e9t\u00e9 fond\u00e9e en 1794 et \u00e9lev\u00e9e au rang de monast\u00e8re trappiste en 1836, ann\u00e9e o\u00f9 le premier abb\u00e9 d\u00e9cida que la communaut\u00e9 brasserait sa propre bi\u00e8re.<\/p>\n<p>Au d\u00e9but, il s&rsquo;agissait d&rsquo;une bi\u00e8re de table \u00e0 faible teneur en alcool, destin\u00e9e uniquement \u00e0 la consommation des moines.<\/p>\n<p>En 1856, une seconde bi\u00e8re fut ajout\u00e9e\u2014une brune forte qui est aujourd&rsquo;hui reconnue comme le pr\u00e9d\u00e9cesseur direct de la Dubbel, encore loin de la recette actuelle, comme le mentionne \u00e9galement notre revue de <a href=\"https:\/\/www.thebeertimes.com\/historia-la-abadia-westmalle-cervezas-trapenses\/\">l&rsquo;histoire de l&rsquo;abbaye de Westmalle<\/a>.<\/p>\n<h2>Verlinden et la recette qui a fix\u00e9 le style en 1926<\/h2>\n<p>Apr\u00e8s la Premi\u00e8re Guerre mondiale, l&rsquo;abbaye traversait des difficult\u00e9s et la qualit\u00e9 de cette bi\u00e8re brune \u00e9tait devenue irr\u00e9guli\u00e8re. En 1926, la communaut\u00e9 engagea le ma\u00eetre brasseur Henrik Verlinden pour remettre de l&rsquo;ordre dans la production.<\/p>\n<p>Verlinden r\u00e9visa la recette en profondeur, ajusta le programme de maltes et \u00e9tablit un profil brun et plus cors\u00e9 que l&rsquo;abbaye baptisa Dubbel Bruin.<\/p>\n<p>Cette version de 1926 est le point de d\u00e9part de la Westmalle Dubbel brass\u00e9e encore aujourd&rsquo;hui, et celle que d&rsquo;autres brasseries trappistes et s\u00e9culi\u00e8res ont fini par imiter, donnant naissance au style Dubbel tel qu&rsquo;il est connu actuellement.<\/p>\n<h2>Pourquoi l&rsquo;appelle-t-on Dubbel ?<\/h2>\n<p>Le nom fait r\u00e9f\u00e9rence \u00e0 la technique consistant \u00e0 doubler la quantit\u00e9 de malt par rapport \u00e0 la bi\u00e8re brune de base de la maison\u2014la m\u00eame d\u00e9cision que Verlinden prit en 1926 et qui d\u00e9termina le corps dense et le caract\u00e8re fruit\u00e9 de la recette.<\/p>\n<h2>Une recette qui a transcend\u00e9 le Kempen<\/h2>\n<p>Pr\u00e8s d&rsquo;un si\u00e8cle plus tard, Manu Pauwels, responsable marketing de la brasserie, r\u00e9sume cet h\u00e9ritage en notant que la Dubbel est devenue la r\u00e9f\u00e9rence pour tout un style de bi\u00e8re.<\/p>\n<blockquote><p>La Dubbel a \u00e9t\u00e9 l&rsquo;une des premi\u00e8res bi\u00e8res sp\u00e9ciales \u00e0 se faire un nom et \u00e0 se r\u00e9pandre au-del\u00e0 de la r\u00e9gion du Kempen.<\/p><\/blockquote>\n<p>Pauwels ajoute que la brasserie a maintenu les m\u00eames principes depuis 1926, avec des techniques de brassage qui ont \u00e9volu\u00e9 au fil du temps.<\/p>\n<p>Ce m\u00eame point de d\u00e9part a \u00e9galement servi pour un autre jalon : en 1934, lors de l&rsquo;inauguration d&rsquo;une nouvelle salle de brassage, les moines tripl\u00e8rent les proportions de cette recette originale et donn\u00e8rent naissance \u00e0 la <a href=\"https:\/\/www.thebeertimes.com\/westmalle-tripel-notas-de-cata\/\">Westmalle Tripel<\/a>, consid\u00e9r\u00e9e par beaucoup d&rsquo;amateurs comme la m\u00e8re de toutes les Tripels.<\/p>\n<p>Ceux qui souhaitent approfondir le profil sensoriel de la Dubbel peuvent consulter <a href=\"https:\/\/www.thebeertimes.com\/westmalle-dubbel-notas-de-cata\/\">les notes de d\u00e9gustation compl\u00e8tes<\/a>, publi\u00e9es par notre \u00e9quipe de sommeliers de bi\u00e8re.<\/p><div id=\"thebe-3533581040\" class=\"thebe-libros-amazon thebe-entity-placement\" style=\"margin-left: auto;margin-right: auto;text-align: center;\"><div style=\"background-color: #ffffff; border: 1px solid #ccc; border-radius: 12px; padding: 16px; max-width: 320px; margin: 20px auto; text-align: center; font-family: helvetica, arial, sans-serif;\">\n<p><a href=\"https:\/\/amzn.to\/3LddZmQ\"><img loading=\"lazy\" decoding=\"async\" class=\"wp-image-43340 aligncenter\" src=\"https:\/\/www.thebeertimes.com\/wp-content\/uploads\/2025\/05\/Catar-cerveza-300x300.jpg\" alt=\"Gu\u00eda Pr\u00e1ctica Catar Cerveza Amazon\" width=\"200\" height=\"199\" srcset=\"https:\/\/www.thebeertimes.com\/wp-content\/uploads\/2025\/05\/Catar-cerveza-300x300.jpg 300w, https:\/\/www.thebeertimes.com\/wp-content\/uploads\/2025\/05\/Catar-cerveza-150x150.jpg 150w, https:\/\/www.thebeertimes.com\/wp-content\/uploads\/2025\/05\/Catar-cerveza-370x370.jpg 370w, https:\/\/www.thebeertimes.com\/wp-content\/uploads\/2025\/05\/Catar-cerveza.jpg 500w\" sizes=\"auto, (max-width: 200px) 100vw, 200px\" \/><\/a><\/p>\n<p style=\"color: #0000ff; font-weight: bold; margin: 8px 0; line-height: 1.2;\"><a href=\"https:\/\/amzn.to\/3LddZmQ\" target=\"_blank\" rel=\"nofollow\"><span style=\"font-size: 11pt;\">Gu\u00eda pr\u00e1ctica para catar cerveza: C\u00f3mo apreciar correctamente todas las cervezas del mundo<\/span><\/a><\/p>\n<p><a class=\"fasc-button fasc-size-medium fasc-type-flat fasc-rounded-medium fasc-ico-before dashicons-cart\" style=\"background-color: #ff9900; color: #000000;\" target=\"_blank\" rel=\"nofollow\" href=\"https:\/\/amzn.to\/3LddZmQ\">Comprar en Amazon<\/a><\/p>\n<\/div>\n<\/div>\n<h2>Qu&rsquo;est-ce qui caract\u00e9rise une Dubbel ?<\/h2>\n<p>Le style consolid\u00e9 par Westmalle se d\u00e9finit par une couleur acajou fonc\u00e9, un corps malt\u00e9 prononc\u00e9 et des notes de fruits noirs, de caramel et d&rsquo;\u00e9pices douces apport\u00e9es par la levure.<\/p>\n<p>Le degr\u00e9 d&rsquo;alcool typique se situe entre 6,5 % et 8 % ABV, une fourchette dans laquelle l&rsquo;alcool reste int\u00e9gr\u00e9 \u00e0 la saveur et est \u00e0 peine per\u00e7u en bouche, contrairement \u00e0 des styles plus puissants comme la Quadrupel.<\/p>\n<p>Cette combinaison de corps, de douceur contenue et de faible perception alcoolique est pr\u00e9cis\u00e9ment ce que d&rsquo;autres brasseries trappistes et artisanales ont reproduit au fil des d\u00e9cennies.<\/p>\n<h2>Bouteilles, verres et fromage pour marquer le si\u00e8cle<\/h2>\n<p>Pour c\u00e9l\u00e9brer le centenaire, la brasserie a lanc\u00e9 une bouteille redessin\u00e9e de 33 centilitres avec une \u00e9tiquette comm\u00e9morative et une capsule assortie. Elle a \u00e9galement pr\u00e9sent\u00e9 une \u00e9dition sp\u00e9ciale de verres avec un design d&rsquo;anniversaire et un d\u00e9licat bord argent\u00e9.<\/p>\n<p>Entre fin septembre et fin octobre, des bars s\u00e9lectionn\u00e9s proposeront \u00e9galement une production limit\u00e9e de fromage Westmalle, \u00e9labor\u00e9 par l&rsquo;abbaye elle-m\u00eame.<\/p>\n<h2>17 moines et une brasserie avec un autre objectif<\/h2>\n<p>Actuellement, dix-sept moines vivent \u00e0 l&rsquo;abbaye, aux c\u00f4t\u00e9s de 75 employ\u00e9s, dont 53 travaillent directement \u00e0 la brasserie. Les revenus g\u00e9n\u00e9r\u00e9s par la production ne visent pas \u00e0 maximiser les profits, mais \u00e0 maintenir le patrimoine de la communaut\u00e9, \u00e0 payer les salaires du personnel et \u00e0 soutenir des \u0153uvres caritatives.<\/p>\n<p>Ce mod\u00e8le suit la logique des <a href=\"https:\/\/www.thebeertimes.com\/que-es-una-cerveza-trapense-referencias-de-estilos\/\">authentiques brasseries trappistes<\/a>, r\u00e9glement\u00e9es par le label ATP et historiquement li\u00e9es \u00e0 des fins non commerciales.<\/p>\n<h2>Questions fr\u00e9quentes (FAQ)<\/h2>\n<h3>1. Qu&rsquo;est-ce que la Westmalle Dubbel ?<\/h3>\n<p>C&rsquo;est la bi\u00e8re trappiste de l&rsquo;abbaye de Westmalle, dont la recette actuelle date de 1926, lorsque le ma\u00eetre brasseur Henrik Verlinden a \u00e9tabli le profil brun et plus cors\u00e9 connu aujourd&rsquo;hui sous le nom de Dubbel.<\/p>\n<h3>2. Pourquoi l&rsquo;appelle-t-on Dubbel ?<\/h3>\n<p>Le nom fait r\u00e9f\u00e9rence \u00e0 la technique consistant \u00e0 doubler la quantit\u00e9 de malt utilis\u00e9e par rapport \u00e0 la bi\u00e8re brune de base que les moines brassaient avant la r\u00e9forme de 1926.<\/p>\n<h3>3. Qui a cr\u00e9\u00e9 la recette de la Dubbel brass\u00e9e aujourd&rsquo;hui ?<\/h3>\n<p>Le ma\u00eetre brasseur Henrik Verlinden, engag\u00e9 par l&rsquo;abbaye en 1926 pour r\u00e9soudre les probl\u00e8mes de qualit\u00e9 de la bi\u00e8re brune produite depuis 1856, \u00e0 la suite de la crise laiss\u00e9e par la Premi\u00e8re Guerre mondiale.<\/p>\n<h3>4. Comment Westmalle c\u00e9l\u00e8bre-t-elle ses 100 ans ?<\/h3>\n<p>Avec une bouteille redessin\u00e9e de 33 centilitres, une \u00e9dition sp\u00e9ciale de verres \u00e0 bord argent\u00e9 et une production limit\u00e9e de fromage Westmalle dans des bars s\u00e9lectionn\u00e9s entre septembre et octobre.<\/p>\n<h3>5. Combien de moines vivent aujourd&rsquo;hui \u00e0 l&rsquo;abbaye de Westmalle ?<\/h3>\n<p>Dix-sept moines vivent \u00e0 l&rsquo;abbaye aux c\u00f4t\u00e9s de 75 employ\u00e9s, dont 53 sont directement d\u00e9di\u00e9s \u00e0 la brasserie.<\/p>\n<p><script type=\"application\/ld+json\">\n{\n  \"@context\": \"https:\/\/schema.org\",\n  \"@type\": \"FAQPage\",\n  \"mainEntity\": [\n    {\n      \"@type\": \"Question\",\n      \"name\": \"Qu'est-ce que la Westmalle Dubbel ?\",\n      \"acceptedAnswer\": {\"@type\": \"Answer\", \"text\": \"C'est la bi\u00e8re trappiste de l'abbaye de Westmalle, dont la recette actuelle date de 1926, lorsque le ma\u00eetre brasseur Henrik Verlinden a \u00e9tabli le profil brun et plus cors\u00e9 connu aujourd'hui sous le nom de Dubbel.\"}\n    },\n    {\n      \"@type\": \"Question\",\n      \"name\": \"Pourquoi l'appelle-t-on Dubbel ?\",\n      \"acceptedAnswer\": {\"@type\": \"Answer\", \"text\": \"Le nom fait r\u00e9f\u00e9rence \u00e0 la technique consistant \u00e0 doubler la quantit\u00e9 de malt utilis\u00e9e par rapport \u00e0 la bi\u00e8re brune de base que les moines brassaient avant la r\u00e9forme de 1926.\"}\n    },\n    {\n      \"@type\": \"Question\",\n      \"name\": \"Qui a cr\u00e9\u00e9 la recette de la Dubbel brass\u00e9e aujourd'hui ?\",\n      \"acceptedAnswer\": {\"@type\": \"Answer\", \"text\": \"Le ma\u00eetre brasseur Henrik Verlinden, engag\u00e9 par l'abbaye en 1926 pour r\u00e9soudre les probl\u00e8mes de qualit\u00e9 de la bi\u00e8re brune produite depuis 1856, \u00e0 la suite de la crise laiss\u00e9e par la Premi\u00e8re Guerre mondiale.\"}\n    },\n    {\n      \"@type\": \"Question\",\n      \"name\": \"Comment Westmalle c\u00e9l\u00e8bre-t-elle ses 100 ans ?\",\n      \"acceptedAnswer\": {\"@type\": \"Answer\", \"text\": \"Avec une bouteille redessin\u00e9e de 33 centilitres, une \u00e9dition sp\u00e9ciale de verres \u00e0 bord argent\u00e9 et une production limit\u00e9e de fromage Westmalle dans des bars s\u00e9lectionn\u00e9s entre septembre et octobre.\"}\n    },\n    {\n      \"@type\": \"Question\",\n      \"name\": \"Combien de moines vivent aujourd'hui \u00e0 l'abbaye de Westmalle ?\",\n      \"acceptedAnswer\": {\"@type\": \"Answer\", \"text\": \"Dix-sept moines vivent \u00e0 l'abbaye aux c\u00f4t\u00e9s de 75 employ\u00e9s, dont 53 sont directement d\u00e9di\u00e9s \u00e0 la brasserie.\"}\n    }\n  ]\n}\n<\/script><\/p>\n<h2>Nous recommandons<\/h2><div id=\"thebe-523301330\" class=\"thebe-adsterra-300-x-250 thebe-entity-placement\" style=\"margin-top: 15px;margin-left: auto;margin-right: auto;text-align: center;\"><script async src=\"\/\/pagead2.googlesyndication.com\/pagead\/js\/adsbygoogle.js?client=ca-pub-9395258998211551\" crossorigin=\"anonymous\"><\/script><ins class=\"adsbygoogle\" style=\"display:block;\" data-ad-client=\"ca-pub-9395258998211551\" \ndata-ad-slot=\"1930811761\" \ndata-ad-format=\"auto\"><\/ins>\n<script> \n(adsbygoogle = window.adsbygoogle || []).push({}); \n<\/script>\n<\/div>\n<ul>\n<li><a href=\"https:\/\/www.thebeertimes.com\/cervezas-belgas-imprescindibles-que-deberias-probar\/\">30 bi\u00e8res belges incontournables \u00e0 go\u00fbter au moins une fois dans sa vie<\/a><\/li>\n<li><a href=\"https:\/\/www.thebeertimes.com\/10-cervecerias-que-deberias-visitar-en-belgica\/\">10 brasseries \u00e0 visiter en Belgique<\/a><\/li>\n<\/ul>\n<div id=\"thebe-3289910895\" class=\"thebe-adskeeper-fin-articulo thebe-entity-placement\" style=\"margin-top: 20px;margin-left: auto;margin-right: auto;text-align: center;\"><div data-type=\"_mgwidget\" data-widget-id=\"1705281\">\r\n<\/div>\r\n<script>(function(w,q){w[q]=w[q]||[];w[q].push([\"_mgc.load\"])})(window,\"_mgq\");\r\n<\/script><\/div>","protected":false},"excerpt":{"rendered":"<p>Pour c\u00e9l\u00e9brer le centenaire, la brasserie a lanc\u00e9 une bouteille de 33 cl avec une \u00e9tiquette comm\u00e9morative et une capsule assortie. Elle a \u00e9galement pr\u00e9sent\u00e9 une \u00e9dition sp\u00e9ciale de verres avec un design d&rsquo;anniversaire et un d\u00e9licat bord argent\u00e9.<\/p>\n","protected":false},"author":1,"featured_media":49217,"comment_status":"open","ping_status":"open","sticky":false,"template":"","format":"standard","meta":{"wpai_generated_summary":"","footnotes":""},"categories":[22147],"tags":[22309,22310,22174,22311],"class_list":["post-49218","post","type-post","status-publish","format-standard","has-post-thumbnail","category-actualites","tag-anniversaire","tag-belgique","tag-styles-de-biere","tag-westmalle"],"_links":{"self":[{"href":"https:\/\/www.thebeertimes.com\/fr\/wp-json\/wp\/v2\/posts\/49218","targetHints":{"allow":["GET"]}}],"collection":[{"href":"https:\/\/www.thebeertimes.com\/fr\/wp-json\/wp\/v2\/posts"}],"about":[{"href":"https:\/\/www.thebeertimes.com\/fr\/wp-json\/wp\/v2\/types\/post"}],"author":[{"embeddable":true,"href":"https:\/\/www.thebeertimes.com\/fr\/wp-json\/wp\/v2\/users\/1"}],"replies":[{"embeddable":true,"href":"https:\/\/www.thebeertimes.com\/fr\/wp-json\/wp\/v2\/comments?post=49218"}],"version-history":[{"count":1,"href":"https:\/\/www.thebeertimes.com\/fr\/wp-json\/wp\/v2\/posts\/49218\/revisions"}],"predecessor-version":[{"id":49219,"href":"https:\/\/www.thebeertimes.com\/fr\/wp-json\/wp\/v2\/posts\/49218\/revisions\/49219"}],"wp:featuredmedia":[{"embeddable":true,"href":"https:\/\/www.thebeertimes.com\/fr\/wp-json\/wp\/v2\/media\/49217"}],"wp:attachment":[{"href":"https:\/\/www.thebeertimes.com\/fr\/wp-json\/wp\/v2\/media?parent=49218"}],"wp:term":[{"taxonomy":"category","embeddable":true,"href":"https:\/\/www.thebeertimes.com\/fr\/wp-json\/wp\/v2\/categories?post=49218"},{"taxonomy":"post_tag","embeddable":true,"href":"https:\/\/www.thebeertimes.com\/fr\/wp-json\/wp\/v2\/tags?post=49218"}],"curies":[{"name":"wp","href":"https:\/\/api.w.org\/{rel}","templated":true}]}}