{"id":42129,"date":"2024-06-14T07:35:43","date_gmt":"2024-06-14T11:35:43","guid":{"rendered":"https:\/\/www.thebeertimes.com\/orval-belgian-pale-ale-notas-de-degustacao-e-harmonizacoes-recomendadas\/"},"modified":"2024-06-14T07:35:43","modified_gmt":"2024-06-14T11:35:43","slug":"orval-belgian-pale-ale-notas-de-degustacao-e-harmonizacoes-recomendadas","status":"publish","type":"post","link":"https:\/\/www.thebeertimes.com\/pt-br\/orval-belgian-pale-ale-notas-de-degustacao-e-harmonizacoes-recomendadas\/","title":{"rendered":"Orval Belgian Pale Ale: Notas de Degusta\u00e7\u00e3o e Harmoniza\u00e7\u00f5es Recomendadas"},"content":{"rendered":"<div id=\"thebe-2299706031\" class=\"thebe-antes-del-contenido-3-2 thebe-entity-placement\">\n            <div \n                class=\"elfsight-widget-popup elfsight-widget\" \n                data-elfsight-popup-options=\"%7B%22blocks%22%3A%5B%7B%22id%22%3A%22babc7e96-e195-4da3-a8c5-7072d42f2f5c%22%2C%22type%22%3A%22image%22%2C%22imageFile%22%3A%7B%22type%22%3A%22uploaded%22%2C%22data%22%3A%7B%22name%22%3A%2261fKvUY%2BdpL._SL1500_%22%2C%22url%22%3A%22https%3A%5C%2F%5C%2Fwww.thebeertimes.com%5C%2Fwp-content%5C%2Fuploads%5C%2F2026%5C%2F02%5C%2F61fKvUYdpL._SL1500_.jpg%22%2C%22size%22%3A53499%2C%22type%22%3A%22image%22%2C%22extension%22%3A%22jpeg%22%2C%22width%22%3A940%2C%22height%22%3A1500%2C%22ext%22%3A%22jpeg%22%7D%7D%2C%22imageScale%22%3A60%7D%2C%7B%22id%22%3A%226689e0da-ab1d-42a0-ac83-457ff13f91dd%22%2C%22type%22%3A%22button%22%2C%22buttonText%22%3A%22Comprar%20na%20AMAZON%22%2C%22buttonAction%22%3A%22redirect%22%2C%22buttonStyle%22%3A%22filled%22%2C%22buttonShape%22%3A%22rectangle%22%2C%22buttonColor%22%3A%22rgb%28255%2C%2038%2C%2067%29%22%2C%22buttonFontSize%22%3A16%2C%22label%22%3A%22Button%22%2C%22buttonUrl%22%3A%22https%3A%5C%2F%5C%2Fwww.amazon.com%5C%2Fdp%5C%2FB0GDGJJWD2%22%7D%5D%2C%22layout%22%3A%22modal%22%2C%22width%22%3A500%2C%22popupBlocksAlignment%22%3A%22center%22%2C%22popupShape%22%3A%22rounded%22%2C%22popupBackgroundColor%22%3A%22rgb%28255%2C%20255%2C%20255%29%22%2C%22popupBackgroundImage%22%3Anull%2C%22popupBackgroundImageOverlayColor%22%3A%22%22%2C%22overlayVisible%22%3Atrue%2C%22overlayClose%22%3Atrue%2C%22overlayBackgroundColor%22%3A%22rgba%2817%2C%2017%2C%2017%2C%200.7%29%22%2C%22overlayBackgroundImage%22%3Anull%2C%22overlayBackgroundImageOverlayColor%22%3A%22%22%2C%22closeButtonVisible%22%3Atrue%2C%22closeButtonColor%22%3A%22rgba%2817%2C%2017%2C%2017%2C%200.7%29%22%2C%22triggerPageLoadEnabled%22%3Afalse%2C%22triggerTimeOnPageEnabled%22%3Afalse%2C%22triggerTimeOnPageDuration%22%3A30%2C%22triggerScrollEnabled%22%3Atrue%2C%22triggerScrollPosition%22%3A25%2C%22triggerScrollToElementEnabled%22%3Afalse%2C%22triggerScrollToElementId%22%3Anull%2C%22triggerClickEnabled%22%3Afalse%2C%22triggerClickElementId%22%3Anull%2C%22triggerExitIntentEnabled%22%3Afalse%2C%22displayFrequency%22%3A%22everytime%22%2C%22displayPages%22%3A%22allPages%22%2C%22displayExcludedPages%22%3A%5B%5D%2C%22displaySpecificPages%22%3A%5B%5D%2C%22displayDevices%22%3A%5B%22desktop%22%2C%22tablet%22%2C%22mobile%22%5D%2C%22widgetId%22%3A%225%22%7D\" \n                data-elfsight-popup-version=\"1.0.0\"\n                data-elfsight-widget-id=\"elfsight-popup-5\">\n            <\/div>\n            <\/div><div id=\"thebe-1777759070\" class=\"thebe-fuente-preferida-2 thebe-entity-placement\" style=\"margin-bottom: 30px;margin-left: auto;margin-right: auto;text-align: center;\"><a href=\"https:\/\/www.google.com\/preferences\/source?q=thebeertimes.com\" target=\"_blank\" aria-label=\"A\u00f1adir como fuente preferida en google\"><img loading=\"lazy\" decoding=\"async\" src=\"https:\/\/www.thebeertimes.com\/wp-content\/uploads\/2026\/07\/Anadir-como-fuente-preferida-en-google-1.jpg\" alt=\"\"  srcset=\"https:\/\/www.thebeertimes.com\/wp-content\/uploads\/2026\/07\/Anadir-como-fuente-preferida-en-google-1.jpg 638w, https:\/\/www.thebeertimes.com\/wp-content\/uploads\/2026\/07\/Anadir-como-fuente-preferida-en-google-1-300x60.jpg 300w\" sizes=\"(max-width: 638px) 100vw, 638px\" width=\"175\" height=\"127\"  style=\"display: inline-block;\" \/><\/a><\/div><p><span style=\"font-size: 12pt;\">Por <strong><a href=\"https:\/\/www.linkedin.com\/in\/uhartharper\/\" target=\"_blank\" rel=\"noopener\">Carlos Uhart M.<\/a><\/strong><\/span><\/p>\n<p>Diferente de todas as outras <a href=\"https:\/\/www.thebeertimes.com\/cervezas-trapenses-ora-et-labora\/\" target=\"_blank\" rel=\"noopener\">cervejarias Trapistas<\/a>, a Orval produz apenas uma variedade de cerveja para o p\u00fablico em geral, com apenas 15% de sua produ\u00e7\u00e3o total dispon\u00edvel para exporta\u00e7\u00e3o.<\/p>\n<figure id=\"attachment_17111\" aria-describedby=\"caption-attachment-17111\" style=\"width: 600px\" class=\"wp-caption aligncenter\"><img loading=\"lazy\" decoding=\"async\" class=\"wp-image-17111 size-full\" title=\"Orval\" src=\"https:\/\/www.thebeertimes.com\/wp-content\/uploads\/2020\/07\/Orval.jpg\" alt=\"Orval\" width=\"600\" height=\"315\" srcset=\"https:\/\/www.thebeertimes.com\/wp-content\/uploads\/2020\/07\/Orval.jpg 600w, https:\/\/www.thebeertimes.com\/wp-content\/uploads\/2020\/07\/Orval-300x158.jpg 300w, https:\/\/www.thebeertimes.com\/wp-content\/uploads\/2020\/07\/Orval-114x60.jpg 114w\" sizes=\"auto, (max-width: 600px) 100vw, 600px\" \/><figcaption id=\"caption-attachment-17111\" class=\"wp-caption-text\">Orval Belgian Pale Ale<\/figcaption><\/figure>\n<div id=\"thebe-2200130483\" style=\"margin-bottom: 30px;\"><script async src=\"\/\/pagead2.googlesyndication.com\/pagead\/js\/adsbygoogle.js?client=ca-pub-9395258998211551\" crossorigin=\"anonymous\"><\/script><ins class=\"adsbygoogle\" style=\"display:block;\" data-ad-client=\"ca-pub-9395258998211551\" \ndata-ad-slot=\"8775458773\" \ndata-ad-format=\"auto\"><\/ins>\n<script> \n(adsbygoogle = window.adsbygoogle || []).push({}); \n<\/script>\n<\/div>\n\n<h2>Informa\u00e7\u00f5es Gerais<\/h2>\n<p><strong>Nome: <\/strong> Orval<br \/>\n<strong>Cervejaria: <\/strong><a href=\"http:\/\/www.orval.be\" target=\"_blank\" rel=\"noopener noreferrer\">Brasserie d&#8217;Orval<\/a><br \/>\n<strong>Origem: <\/strong>Florenville, B\u00e9lgica<br \/>\n<strong>Estilo: <\/strong>Belgian Ale<br \/>\n<strong>ABV:<\/strong> 6,2%<br \/>\n<strong>IBU:<\/strong> 32<br \/>\n<strong>Calor\u00edas:<\/strong> 186<br \/>\n<strong>Copo Ideal: <\/strong> <a href=\"https:\/\/www.thebeertimes.com\/la-cerveza-vaso-a-vaso-tulipa\/\" target=\"_blank\" rel=\"noopener noreferrer\">Tulipa<\/a>, <a href=\"https:\/\/www.thebeertimes.com\/la-cerveza-vaso-a-vaso-caliz\/\" target=\"_blank\" rel=\"noopener noreferrer\">C\u00e1lice<\/a>, <a href=\"https:\/\/www.thebeertimes.com\/la-cerveza-vaso-a-vaso-jelly-frances\/\" target=\"_blank\" rel=\"noopener noreferrer\">Tumbler<\/a><\/p>\n<h2>Notas de degusta\u00e7\u00e3o e impress\u00f5es<\/h2>\n<p>Orval \u00e9 intensamente arom\u00e1tica e seca. Entre a primeira e a segunda fermenta\u00e7\u00e3o, ela passa por <a href=\"https:\/\/www.thebeertimes.com\/pt-br\/dry-hopping-dry-hop-ou-lupulagem-a-seco-o-que-e-para-que-serve-e-quais-sao-seus-beneficios\/\">um processo adicional de dry-hopping<\/a>, que confere \u00e0 cerveja seu aroma pronunciado de l\u00fapulo e sabor extra seco. <\/p>\n<h3>1. Apar\u00eancia<\/h3>\n<p>Dourado escuro com tons acobreados e leve turbidez. A clareza revela uma carbonata\u00e7\u00e3o viva com bolhas finas, coroada por uma espuma esbranqui\u00e7ada, m\u00e9dia-alta, que se assenta de forma compacta, mas leve, com excelente reten\u00e7\u00e3o e rendilhado.<\/p>\n<h3>2. Aroma<\/h3>\n<p>Uma diversidade de aromas se desdobra: notas frutadas de ma\u00e7\u00e3 verde e raspas c\u00edtricas, seguidas por nuances picantes, florais, terrosas, de couro e casca de queijo. Uma maltado sutil surge no meio, com tra\u00e7os de levedura no fundo, tudo emoldurado por \u00e9steres que se intensificam no final.<\/p>\n<h3>3. Sabor<\/h3>\n<p>O sabor se desenvolve gradualmente, combinando notas \u00e1cidas, c\u00edtricas, herbais, terrosas, de couro e umidade. Um acento mais picante surge no meio do paladar, dando lugar a uma maltado suave com toques de caramelo, que sustentam um amargor m\u00e9dio, mas firme. O final \u00e9 marcadamente seco, prolongando-se em um retrogosto frutado, herbal e levemente mentolado.<\/p>\n<h3>4. Sensa\u00e7\u00e3o na boca<\/h3>\n<p>Corpo m\u00e9dio, com estrutura suave. A efervesc\u00eancia evolui para uma leve aspereza na l\u00edngua, com sensa\u00e7\u00e3o alco\u00f3lica muito baixa.<\/p><div id=\"thebe-3405751941\" class=\"thebe-libros-amazon thebe-entity-placement\" style=\"margin-left: auto;margin-right: auto;text-align: center;\"><div style=\"background-color: #ffffff; border: 1px solid #ccc; border-radius: 12px; padding: 16px; max-width: 320px; margin: 20px auto; text-align: center; font-family: helvetica, arial, sans-serif;\">\n<p><a href=\"https:\/\/amzn.to\/3LddZmQ\"><img loading=\"lazy\" decoding=\"async\" class=\"wp-image-43340 aligncenter\" src=\"https:\/\/www.thebeertimes.com\/wp-content\/uploads\/2025\/05\/Catar-cerveza-300x300.jpg\" alt=\"Gu\u00eda Pr\u00e1ctica Catar Cerveza Amazon\" width=\"200\" height=\"199\" srcset=\"https:\/\/www.thebeertimes.com\/wp-content\/uploads\/2025\/05\/Catar-cerveza-300x300.jpg 300w, https:\/\/www.thebeertimes.com\/wp-content\/uploads\/2025\/05\/Catar-cerveza-150x150.jpg 150w, https:\/\/www.thebeertimes.com\/wp-content\/uploads\/2025\/05\/Catar-cerveza-370x370.jpg 370w, https:\/\/www.thebeertimes.com\/wp-content\/uploads\/2025\/05\/Catar-cerveza.jpg 500w\" sizes=\"auto, (max-width: 200px) 100vw, 200px\" \/><\/a><\/p>\n<p style=\"color: #0000ff; font-weight: bold; margin: 8px 0; line-height: 1.2;\"><a href=\"https:\/\/amzn.to\/3LddZmQ\" target=\"_blank\" rel=\"nofollow\"><span style=\"font-size: 11pt;\">Gu\u00eda pr\u00e1ctica para catar cerveza: C\u00f3mo apreciar correctamente todas las cervezas del mundo<\/span><\/a><\/p>\n<p><a class=\"fasc-button fasc-size-medium fasc-type-flat fasc-rounded-medium fasc-ico-before dashicons-cart\" style=\"background-color: #ff9900; color: #000000;\" target=\"_blank\" rel=\"nofollow\" href=\"https:\/\/amzn.to\/3LddZmQ\">Comprar en Amazon<\/a><\/p>\n<\/div>\n<\/div>\n<h3>5. Impress\u00e3o Geral<\/h3>\n<p>Orval \u00e9 uma cerveja que se define por si s\u00f3. Ela incorpora uma tradi\u00e7\u00e3o que combina <a href=\"https:\/\/www.thebeertimes.com\/orval-la-cerveza-del-valle-de-oro\/\" target=\"_blank\" rel=\"noopener\">s\u00e9culos de hist\u00f3ria<\/a>, uma lenda fant\u00e1stica e um design magn\u00edfico para oferecer uma experi\u00eancia sempre \u00fanica. Cada dia traz uma metamorfose em seu conte\u00fado, deixando a n\u00f3s a decis\u00e3o de quando capturar um momento de sua evolu\u00e7\u00e3o. <\/p>\n<p>Esta \u00e9 uma experi\u00eancia sensorial multidimensional que exige deixar de lado preconceitos, fazer uma pausa e permitir que a express\u00e3o do tempo fale atrav\u00e9s da cerveja. Orval \u00e9 um produto ic\u00f4nico de uma tradi\u00e7\u00e3o que, com ou sem t\u00edtulos oficiais, \u00e9 sem d\u00favida um patrim\u00f4nio universal da humanidade. <\/p>\n<div id=\"thebe-3135600305\" style=\"margin-bottom: 30px;\"><div id=\"pf-15242-1\" data-format=\"display\" ><script>window.pubfuturetag = window.pubfuturetag || [];window.pubfuturetag.push({unit: \"683988d268662b3361d8a48f\", id: \"pf-15242-1\"})<\/script><\/div><\/div>\n<h2>Harmoniza\u00e7\u00f5es sugeridas<\/h2>\n<div class=\"group\/conversation-turn relative flex w-full min-w-0 flex-col agent-turn\">\n<div class=\"flex-col gap-1 md:gap-3\">\n<div class=\"flex flex-grow flex-col max-w-full\">\n<div class=\"min-h-[20px] text-message flex flex-col items-start whitespace-pre-wrap break-words [.text-message+&amp;]:mt-5 juice:w-full juice:items-end overflow-x-auto gap-2\" dir=\"auto\" data-message-author-role=\"assistant\" data-message-id=\"e4872e38-cfae-4e46-8650-31c04112fcb1\">\n<div class=\"flex w-full flex-col gap-1 juice:empty:hidden juice:first:pt-[3px]\">\n<div class=\"markdown prose w-full break-words dark:prose-invert light\">\n<p>Orval \u00e9 uma Belgian Ale altamente vers\u00e1til quando se trata de harmoniza\u00e7\u00f5es. Abaixo est\u00e3o algumas recomenda\u00e7\u00f5es que destacam e complementam sua complexidade de aromas e sabores.<\/p>\n<\/div>\n<\/div>\n<\/div>\n<\/div>\n<\/div>\n<\/div>\n<div class=\"group\/conversation-turn relative flex w-full min-w-0 flex-col agent-turn\">\n<div class=\"flex-col gap-1 md:gap-3\">\n<div class=\"flex flex-grow flex-col max-w-full\">\n<div class=\"min-h-[20px] text-message flex flex-col items-start whitespace-pre-wrap break-words [.text-message+&amp;]:mt-5 juice:w-full juice:items-end overflow-x-auto gap-2\" dir=\"auto\" data-message-author-role=\"assistant\" data-message-id=\"ce50d7ed-1f66-455e-a63c-9464438e8be4\">\n<div class=\"flex w-full flex-col gap-1 juice:empty:hidden juice:first:pt-[3px]\">\n<div class=\"markdown prose w-full break-words dark:prose-invert light\">\n<h3>1. Pratos Principais<\/h3>\n<\/div>\n<\/div>\n<\/div>\n<\/div>\n<\/div>\n<\/div>\n<p>Cordeiro assado com ervas complementa o perfil seco e picante da Orval, <a href=\"https:\/\/www.thebeertimes.com\/maridajes-cerveza-y-carne\/\">equilibrando a riqueza da carne<\/a> com a carbonata\u00e7\u00e3o e acidez da cerveja.<\/p>\n<h3>2. Queijos<\/h3>\n<p>Os sabores terrosos e levemente picantes do queijo de cabra curado combinam excepcionalmente bem com as notas terrosas e especiadas da Orval, idealmente acompanhados por nozes e mel.<\/p>\n<div id=\"thebe-3387401256\" style=\"margin-bottom: 20px;margin-left: auto;margin-right: auto;text-align: center;\"><script async src=\"\/\/pagead2.googlesyndication.com\/pagead\/js\/adsbygoogle.js?client=ca-pub-9395258998211551\" crossorigin=\"anonymous\"><\/script><ins class=\"adsbygoogle\" style=\"display:block; text-align:center;\" data-ad-client=\"ca-pub-9395258998211551\" \ndata-ad-slot=\"1179889612\" \ndata-ad-layout=\"in-article\"\ndata-ad-format=\"fluid\"><\/ins>\n<script> \n(adsbygoogle = window.adsbygoogle || []).push({}); \n<\/script>\n<\/div>\n<h3>3. Pratos Vegetarianos<\/h3>\n<p>Uma ratatouille francesa combina perfeitamente com as notas herbais e especiadas da Orval, real\u00e7ando os sabores dos vegetais mediterr\u00e2neos.<\/p>\n<h3>4. Sobremesas<\/h3>\n<p>Uma torta de ma\u00e7\u00e3 caseira harmoniza perfeitamente com os toques frutados e especiados da Orval, criando um contraste delicioso entre a do\u00e7ura da torta e o final seco da cerveja.<\/p>\n<p >No se encontraron productos.<\/p>\n<h2>Recomendamos<\/h2><div id=\"thebe-537364633\" class=\"thebe-adsterra-300-x-250 thebe-entity-placement\" style=\"margin-top: 15px;margin-left: auto;margin-right: auto;text-align: center;\"><script async src=\"\/\/pagead2.googlesyndication.com\/pagead\/js\/adsbygoogle.js?client=ca-pub-9395258998211551\" crossorigin=\"anonymous\"><\/script><ins class=\"adsbygoogle\" style=\"display:block;\" data-ad-client=\"ca-pub-9395258998211551\" \ndata-ad-slot=\"1930811761\" \ndata-ad-format=\"auto\"><\/ins>\n<script> \n(adsbygoogle = window.adsbygoogle || []).push({}); \n<\/script>\n<\/div>\n<ul>\n<li><a href=\"https:\/\/www.thebeertimes.com\/aprendiendo-a-comprender-las-maltas-base\/\">Entendendo os maltes base para fabrica\u00e7\u00e3o de cerveja: Tipos e usos principais <\/a><\/li>\n<li><a href=\"https:\/\/www.thebeertimes.com\/pt-br\/stc-1000-como-instalar-configurar-controlador-temperatura\/\">Como instalar um controlador de temperatura para fermenta\u00e7\u00e3o de cerveja<\/a><\/li>\n<\/ul>\n<div id=\"thebe-1871758551\" class=\"thebe-adskeeper-fin-articulo thebe-entity-placement\" style=\"margin-top: 20px;margin-left: auto;margin-right: auto;text-align: center;\"><div data-type=\"_mgwidget\" data-widget-id=\"1705281\">\r\n<\/div>\r\n<script>(function(w,q){w[q]=w[q]||[];w[q].push([\"_mgc.load\"])})(window,\"_mgq\");\r\n<\/script><\/div>","protected":false},"excerpt":{"rendered":"<p>Diferente de todas as outras cervejarias Trapistas, a Orval produz apenas uma variedade de cerveja para o p\u00fablico em geral, com apenas 15% de sua produ\u00e7\u00e3o total dispon\u00edvel para exporta\u00e7\u00e3o.<\/p>\n","protected":false},"author":1,"featured_media":39770,"comment_status":"closed","ping_status":"closed","sticky":false,"template":"","format":"standard","meta":{"wpai_generated_summary":"","footnotes":""},"categories":[21145],"tags":[21135,21242,21137,21147,21241],"class_list":["post-42129","post","type-post","status-publish","format-standard","has-post-thumbnail","category-opiniao","tag-belgica-pt-br","tag-brettanomyces-pt-br","tag-estilos-de-cerveja","tag-notas-de-degustacao","tag-orval-pt-br"],"_links":{"self":[{"href":"https:\/\/www.thebeertimes.com\/pt-br\/wp-json\/wp\/v2\/posts\/42129","targetHints":{"allow":["GET"]}}],"collection":[{"href":"https:\/\/www.thebeertimes.com\/pt-br\/wp-json\/wp\/v2\/posts"}],"about":[{"href":"https:\/\/www.thebeertimes.com\/pt-br\/wp-json\/wp\/v2\/types\/post"}],"author":[{"embeddable":true,"href":"https:\/\/www.thebeertimes.com\/pt-br\/wp-json\/wp\/v2\/users\/1"}],"replies":[{"embeddable":true,"href":"https:\/\/www.thebeertimes.com\/pt-br\/wp-json\/wp\/v2\/comments?post=42129"}],"version-history":[{"count":0,"href":"https:\/\/www.thebeertimes.com\/pt-br\/wp-json\/wp\/v2\/posts\/42129\/revisions"}],"wp:featuredmedia":[{"embeddable":true,"href":"https:\/\/www.thebeertimes.com\/pt-br\/wp-json\/wp\/v2\/media\/39770"}],"wp:attachment":[{"href":"https:\/\/www.thebeertimes.com\/pt-br\/wp-json\/wp\/v2\/media?parent=42129"}],"wp:term":[{"taxonomy":"category","embeddable":true,"href":"https:\/\/www.thebeertimes.com\/pt-br\/wp-json\/wp\/v2\/categories?post=42129"},{"taxonomy":"post_tag","embeddable":true,"href":"https:\/\/www.thebeertimes.com\/pt-br\/wp-json\/wp\/v2\/tags?post=42129"}],"curies":[{"name":"wp","href":"https:\/\/api.w.org\/{rel}","templated":true}]}}