{"id":42177,"date":"2025-02-02T10:40:29","date_gmt":"2025-02-02T14:40:29","guid":{"rendered":"https:\/\/www.thebeertimes.com\/negra-modelo-dunkel-notas-de-degustacao-e-harmonizacoes-recomendadas\/"},"modified":"2025-02-02T10:40:29","modified_gmt":"2025-02-02T14:40:29","slug":"negra-modelo-dunkel-notas-de-degustacao-e-harmonizacoes-recomendadas","status":"publish","type":"post","link":"https:\/\/www.thebeertimes.com\/pt-br\/negra-modelo-dunkel-notas-de-degustacao-e-harmonizacoes-recomendadas\/","title":{"rendered":"Negra Modelo Dunkel: Notas de Degusta\u00e7\u00e3o e Harmoniza\u00e7\u00f5es Recomendadas"},"content":{"rendered":"<div id=\"thebe-3322480570\" class=\"thebe-antes-del-contenido-3-2 thebe-entity-placement\">\n            <div \n                class=\"elfsight-widget-popup elfsight-widget\" \n                data-elfsight-popup-options=\"%7B%22blocks%22%3A%5B%7B%22id%22%3A%22babc7e96-e195-4da3-a8c5-7072d42f2f5c%22%2C%22type%22%3A%22image%22%2C%22imageFile%22%3A%7B%22type%22%3A%22uploaded%22%2C%22data%22%3A%7B%22name%22%3A%2261fKvUY%2BdpL._SL1500_%22%2C%22url%22%3A%22https%3A%5C%2F%5C%2Fwww.thebeertimes.com%5C%2Fwp-content%5C%2Fuploads%5C%2F2026%5C%2F02%5C%2F61fKvUYdpL._SL1500_.jpg%22%2C%22size%22%3A53499%2C%22type%22%3A%22image%22%2C%22extension%22%3A%22jpeg%22%2C%22width%22%3A940%2C%22height%22%3A1500%2C%22ext%22%3A%22jpeg%22%7D%7D%2C%22imageScale%22%3A60%7D%2C%7B%22id%22%3A%226689e0da-ab1d-42a0-ac83-457ff13f91dd%22%2C%22type%22%3A%22button%22%2C%22buttonText%22%3A%22Comprar%20na%20AMAZON%22%2C%22buttonAction%22%3A%22redirect%22%2C%22buttonStyle%22%3A%22filled%22%2C%22buttonShape%22%3A%22rectangle%22%2C%22buttonColor%22%3A%22rgb%28255%2C%2038%2C%2067%29%22%2C%22buttonFontSize%22%3A16%2C%22label%22%3A%22Button%22%2C%22buttonUrl%22%3A%22https%3A%5C%2F%5C%2Fwww.amazon.com%5C%2Fdp%5C%2FB0GDGJJWD2%22%7D%5D%2C%22layout%22%3A%22modal%22%2C%22width%22%3A500%2C%22popupBlocksAlignment%22%3A%22center%22%2C%22popupShape%22%3A%22rounded%22%2C%22popupBackgroundColor%22%3A%22rgb%28255%2C%20255%2C%20255%29%22%2C%22popupBackgroundImage%22%3Anull%2C%22popupBackgroundImageOverlayColor%22%3A%22%22%2C%22overlayVisible%22%3Atrue%2C%22overlayClose%22%3Atrue%2C%22overlayBackgroundColor%22%3A%22rgba%2817%2C%2017%2C%2017%2C%200.7%29%22%2C%22overlayBackgroundImage%22%3Anull%2C%22overlayBackgroundImageOverlayColor%22%3A%22%22%2C%22closeButtonVisible%22%3Atrue%2C%22closeButtonColor%22%3A%22rgba%2817%2C%2017%2C%2017%2C%200.7%29%22%2C%22triggerPageLoadEnabled%22%3Afalse%2C%22triggerTimeOnPageEnabled%22%3Afalse%2C%22triggerTimeOnPageDuration%22%3A30%2C%22triggerScrollEnabled%22%3Atrue%2C%22triggerScrollPosition%22%3A25%2C%22triggerScrollToElementEnabled%22%3Afalse%2C%22triggerScrollToElementId%22%3Anull%2C%22triggerClickEnabled%22%3Afalse%2C%22triggerClickElementId%22%3Anull%2C%22triggerExitIntentEnabled%22%3Afalse%2C%22displayFrequency%22%3A%22everytime%22%2C%22displayPages%22%3A%22allPages%22%2C%22displayExcludedPages%22%3A%5B%5D%2C%22displaySpecificPages%22%3A%5B%5D%2C%22displayDevices%22%3A%5B%22desktop%22%2C%22tablet%22%2C%22mobile%22%5D%2C%22widgetId%22%3A%225%22%7D\" \n                data-elfsight-popup-version=\"1.0.0\"\n                data-elfsight-widget-id=\"elfsight-popup-5\">\n            <\/div>\n            <\/div><div id=\"thebe-2925968854\" class=\"thebe-fuente-preferida-2 thebe-entity-placement\" style=\"margin-bottom: 30px;margin-left: auto;margin-right: auto;text-align: center;\"><a href=\"https:\/\/www.google.com\/preferences\/source?q=thebeertimes.com\" target=\"_blank\" aria-label=\"A\u00f1adir como fuente preferida en google\"><img loading=\"lazy\" decoding=\"async\" src=\"https:\/\/www.thebeertimes.com\/wp-content\/uploads\/2026\/07\/Anadir-como-fuente-preferida-en-google-1.jpg\" alt=\"\"  srcset=\"https:\/\/www.thebeertimes.com\/wp-content\/uploads\/2026\/07\/Anadir-como-fuente-preferida-en-google-1.jpg 638w, https:\/\/www.thebeertimes.com\/wp-content\/uploads\/2026\/07\/Anadir-como-fuente-preferida-en-google-1-300x60.jpg 300w\" sizes=\"(max-width: 638px) 100vw, 638px\" width=\"175\" height=\"127\"  style=\"display: inline-block;\" \/><\/a><\/div><p><span style=\"font-size: 12pt;\">Por <strong><a href=\"https:\/\/www.linkedin.com\/in\/uhartharper\/\" target=\"_blank\" rel=\"noopener\">Carlos Uhart M.<\/a><\/strong><\/span><\/p>\n<p>A hist\u00f3ria da Negra Modelo vai al\u00e9m da cerveja em si; \u00e9 uma narrativa que combina tradi\u00e7\u00e3o, inova\u00e7\u00e3o e uma profunda conex\u00e3o cultural com o M\u00e9xico.<\/p>\n<figure id=\"attachment_34783\" aria-describedby=\"caption-attachment-34783\" style=\"width: 600px\" class=\"wp-caption aligncenter\"><img loading=\"lazy\" decoding=\"async\" class=\"wp-image-34783 size-full\" title=\"Negra Modelo Dunkel\" src=\"https:\/\/www.thebeertimes.com\/wp-content\/uploads\/2025\/02\/Negra-Modelo-Dunkel.jpg\" alt=\"Negra Modelo Dunkel\" width=\"600\" height=\"315\" srcset=\"https:\/\/www.thebeertimes.com\/wp-content\/uploads\/2025\/02\/Negra-Modelo-Dunkel.jpg 600w, https:\/\/www.thebeertimes.com\/wp-content\/uploads\/2025\/02\/Negra-Modelo-Dunkel-300x158.jpg 300w, https:\/\/www.thebeertimes.com\/wp-content\/uploads\/2025\/02\/Negra-Modelo-Dunkel-114x60.jpg 114w\" sizes=\"auto, (max-width: 600px) 100vw, 600px\" \/><figcaption id=\"caption-attachment-34783\" class=\"wp-caption-text\">Negra Modelo Dunkel<\/figcaption><\/figure>\n<p>Desde sua cria\u00e7\u00e3o, essa cerveja se tornou um \u00edcone da produ\u00e7\u00e3o cervejeira mexicana, representando os ricos sabores e o patrim\u00f4nio cervejeiro do pa\u00eds.<\/p>\n<h2>Informa\u00e7\u00f5es Gerais<\/h2>\n<p><strong>Nome:<\/strong> Negra Modelo<br \/>\n<strong>Cervejaria:<\/strong> <a href=\"https:\/\/www.grupomodelo.com\/\" target=\"_blank\" rel=\"noopener\">Grupo Modelo<\/a><br \/>\n<strong>Origem:<\/strong> M\u00e9xico<br \/>\n<strong>Estilo:<\/strong> M\u00fcnchen Dunkel<br \/>\n<strong>ABV:<\/strong> 5.4%<br \/>\n<strong>IBU:<\/strong> 20<br \/>\n<strong>Calor\u00edas:<\/strong> 180 kcal<br \/>\n<strong>Copo ideal:<\/strong> <a href=\"https:\/\/www.thebeertimes.com\/la-cerveza-vaso-a-vaso-tulipa\/\">Tulipa<\/a>, <a href=\"https:\/\/www.thebeertimes.com\/la-cerveza-vaso-a-vaso-pinta-imperial-nonick\/\">caneca tipo pint<\/a><\/p>\n<div id=\"thebe-949860408\" style=\"margin-bottom: 30px;\"><script async src=\"\/\/pagead2.googlesyndication.com\/pagead\/js\/adsbygoogle.js?client=ca-pub-9395258998211551\" crossorigin=\"anonymous\"><\/script><ins class=\"adsbygoogle\" style=\"display:block;\" data-ad-client=\"ca-pub-9395258998211551\" \ndata-ad-slot=\"8775458773\" \ndata-ad-format=\"auto\"><\/ins>\n<script> \n(adsbygoogle = window.adsbygoogle || []).push({}); \n<\/script>\n<\/div>\n\n<h2>Notas de degusta\u00e7\u00e3o<\/h2>\n<p>A Negra Modelo \u00e9 uma cerveja que combina tradi\u00e7\u00e3o e maestria cervejeira. Elaborada com maltes torrados e um cuidadoso processo de fermenta\u00e7\u00e3o, esta cerveja escura oferece um perfil de sabor \u00fanico que a tornou uma das favoritas no M\u00e9xico e no mundo. <\/p>\n<h3>1. Apar\u00eancia<\/h3>\n<p>De cor \u00e2mbar escuro com reflexos acobreados, a Negra Modelo apresenta uma apar\u00eancia cristalina e brilhante. Sua espuma \u00e9 densa e cremosa, de cor bege claro, com reten\u00e7\u00e3o moderada e carbonata\u00e7\u00e3o fina que ascende lentamente. <\/p>\n<h3>2. Aromas<\/h3>\n<p>No nariz, destacam-se os maltes torrados com notas de caramelo, p\u00e3o torrado e um leve toque de nozes. No fundo, percebem-se sutis nuances florais e herbais, proporcionadas pelos l\u00fapulos, que equilibram o perfil arom\u00e1tico. <\/p>\n<h3>3. Sabor<\/h3>\n<p>O primeiro gole \u00e9 suave e maltado, com uma do\u00e7ura inicial que remete ao caramelo e ao p\u00e3o torrado. \u00c0 medida que avan\u00e7a, desenvolvem-se notas de nozes e um leve toque de chocolate amargo. O amargor \u00e9 baixo e bem integrado, permitindo que os maltes torrados sejam os protagonistas. O final \u00e9 limpo e levemente seco, com um retrogosto que evoca novamente os maltes torrados e um toque de caramelo.   <\/p><div id=\"thebe-921644177\" class=\"thebe-libros-amazon thebe-entity-placement\" style=\"margin-left: auto;margin-right: auto;text-align: center;\"><div style=\"background-color: #ffffff; border: 1px solid #ccc; border-radius: 12px; padding: 16px; max-width: 320px; margin: 20px auto; text-align: center; font-family: helvetica, arial, sans-serif;\">\n<p><a href=\"https:\/\/amzn.to\/3LddZmQ\"><img loading=\"lazy\" decoding=\"async\" class=\"wp-image-43340 aligncenter\" src=\"https:\/\/www.thebeertimes.com\/wp-content\/uploads\/2025\/05\/Catar-cerveza-300x300.jpg\" alt=\"Gu\u00eda Pr\u00e1ctica Catar Cerveza Amazon\" width=\"200\" height=\"199\" srcset=\"https:\/\/www.thebeertimes.com\/wp-content\/uploads\/2025\/05\/Catar-cerveza-300x300.jpg 300w, https:\/\/www.thebeertimes.com\/wp-content\/uploads\/2025\/05\/Catar-cerveza-150x150.jpg 150w, https:\/\/www.thebeertimes.com\/wp-content\/uploads\/2025\/05\/Catar-cerveza-370x370.jpg 370w, https:\/\/www.thebeertimes.com\/wp-content\/uploads\/2025\/05\/Catar-cerveza.jpg 500w\" sizes=\"auto, (max-width: 200px) 100vw, 200px\" \/><\/a><\/p>\n<p style=\"color: #0000ff; font-weight: bold; margin: 8px 0; line-height: 1.2;\"><a href=\"https:\/\/amzn.to\/3LddZmQ\" target=\"_blank\" rel=\"nofollow\"><span style=\"font-size: 11pt;\">Gu\u00eda pr\u00e1ctica para catar cerveza: C\u00f3mo apreciar correctamente todas las cervezas del mundo<\/span><\/a><\/p>\n<p><a class=\"fasc-button fasc-size-medium fasc-type-flat fasc-rounded-medium fasc-ico-before dashicons-cart\" style=\"background-color: #ff9900; color: #000000;\" target=\"_blank\" rel=\"nofollow\" href=\"https:\/\/amzn.to\/3LddZmQ\">Comprar en Amazon<\/a><\/p>\n<\/div>\n<\/div>\n<h3>4. Sensa\u00e7\u00e3o na boca<\/h3>\n<p>De corpo m\u00e9dio, a Negra Modelo tem uma textura suave e sedosa. A carbonata\u00e7\u00e3o \u00e9 moderada, contribuindo para uma sensa\u00e7\u00e3o refrescante e equilibrada. N\u00e3o h\u00e1 tra\u00e7os de calor alco\u00f3lico, o que a torna f\u00e1cil de beber.  <\/p>\n<h3>5. Impress\u00e3o geral<\/h3>\n<p>A Negra Modelo \u00e9 uma cerveja que combina tradi\u00e7\u00e3o e qualidade. Seu perfil maltado e torrado a torna uma op\u00e7\u00e3o ideal para quem busca uma cerveja escura com car\u00e1ter, mas sem exageros. \u00c9 uma cerveja vers\u00e1til, que pode ser apreciada tanto em uma refei\u00e7\u00e3o quanto em um momento de relaxamento. Sua hist\u00f3ria e sabor a consolidaram como um referente da cerveja mexicana no mundo.   <\/p>\n<div id=\"thebe-1239451538\" style=\"margin-bottom: 30px;\"><div id=\"pf-15242-1\" data-format=\"display\" ><script>window.pubfuturetag = window.pubfuturetag || [];window.pubfuturetag.push({unit: \"683988d268662b3361d8a48f\", id: \"pf-15242-1\"})<\/script><\/div><\/div>\n<h2 data-pm-slice=\"1 1 []\">Harmoniza\u00e7\u00f5es recomendadas<\/h2>\n<p>Gra\u00e7as ao seu perfil maltado e levemente torrado, a Negra Modelo se adapta a uma grande variedade de alimentos, real\u00e7ando seus sabores e criando experi\u00eancias gastron\u00f4micas harmoniosas.<\/p>\n<h3>1. Pratos principais<\/h3>\n<p>A do\u00e7ura do malte e seu leve amargor fazem com que harmonize perfeitamente com carnes assadas, tacos al pastor ou cochinita pibil. Seu corpo m\u00e9dio permite complementar especiarias e molhos sem ofuscar os sabores dos pratos. <\/p>\n<h3>2. Queijos<\/h3>\n<p>A Negra Modelo combina especialmente bem com queijos semicurados e envelhecidos, como o gouda envelhecido ou um queijo manchego. Sua do\u00e7ura contrasta e equilibra a intensidade do queijo, resultando em uma harmoniza\u00e7\u00e3o harmoniosa. <\/p>\n<div id=\"thebe-3646034025\" style=\"margin-bottom: 20px;margin-left: auto;margin-right: auto;text-align: center;\"><script async src=\"\/\/pagead2.googlesyndication.com\/pagead\/js\/adsbygoogle.js?client=ca-pub-9395258998211551\" crossorigin=\"anonymous\"><\/script><ins class=\"adsbygoogle\" style=\"display:block; text-align:center;\" data-ad-client=\"ca-pub-9395258998211551\" \ndata-ad-slot=\"1179889612\" \ndata-ad-layout=\"in-article\"\ndata-ad-format=\"fluid\"><\/ins>\n<script> \n(adsbygoogle = window.adsbygoogle || []).push({}); \n<\/script>\n<\/div>\n<h3>3. Pratos vegetarianos<\/h3>\n<p>Para op\u00e7\u00f5es sem carne, recomenda-se acompanh\u00e1-la com cogumelos portobello grelhados, berinjelas assadas ou pratos \u00e0 base de milho e feij\u00e3o. Seu perfil torrado complementa muito bem os sabores terrosos dos vegetais. <\/p>\n<h3>Sobremesas<\/h3>\n<p>A Negra Modelo harmoniza muito bem com sobremesas \u00e0 base de chocolate amargo ou caramelo, como um bolo de tr\u00eas leches com doce de leite ou um brownie de chocolate. Sua do\u00e7ura e leve amargor trazem equil\u00edbrio \u00e0 sobremesa, sem torn\u00e1-la enjoativa. <\/p>\n<h2>Recomendamos<\/h2><div id=\"thebe-1448920971\" class=\"thebe-adsterra-300-x-250 thebe-entity-placement\" style=\"margin-top: 15px;margin-left: auto;margin-right: auto;text-align: center;\"><script async src=\"\/\/pagead2.googlesyndication.com\/pagead\/js\/adsbygoogle.js?client=ca-pub-9395258998211551\" crossorigin=\"anonymous\"><\/script><ins class=\"adsbygoogle\" style=\"display:block;\" data-ad-client=\"ca-pub-9395258998211551\" \ndata-ad-slot=\"1930811761\" \ndata-ad-format=\"auto\"><\/ins>\n<script> \n(adsbygoogle = window.adsbygoogle || []).push({}); \n<\/script>\n<\/div>\n<ul>\n<li><a href=\"https:\/\/www.thebeertimes.com\/es\/pt-br\/como-a-cerveja-e-a-microbiota-intestinal-interagem\/\">Cerveja e microbiota intestinal: Uma rela\u00e7\u00e3o fascinantemente ben\u00e9fica<\/a><\/li>\n<li><a style=\"font-size: inherit;\" href=\"https:\/\/www.thebeertimes.com\/pt-br\/acetaldeido-na-cerveja-origem-formacao-estrategias-controle\/\">Acetalde\u00eddo na cerveja: Origem, forma\u00e7\u00e3o e estrat\u00e9gias de controle<\/a><\/li>\n<\/ul>\n<div id=\"thebe-3173668272\" class=\"thebe-adskeeper-fin-articulo thebe-entity-placement\" style=\"margin-top: 20px;margin-left: auto;margin-right: auto;text-align: center;\"><div data-type=\"_mgwidget\" data-widget-id=\"1705281\">\r\n<\/div>\r\n<script>(function(w,q){w[q]=w[q]||[];w[q].push([\"_mgc.load\"])})(window,\"_mgq\");\r\n<\/script><\/div>","protected":false},"excerpt":{"rendered":"<p>A hist\u00f3ria da Negra Modelo vai al\u00e9m da cerveja em si; \u00e9 uma narrativa que combina tradi\u00e7\u00e3o, inova\u00e7\u00e3o e uma profunda conex\u00e3o cultural com o M\u00e9xico.<\/p>\n","protected":false},"author":1,"featured_media":41968,"comment_status":"closed","ping_status":"closed","sticky":false,"template":"","format":"standard","meta":{"wpai_generated_summary":"","footnotes":""},"categories":[21145],"tags":[21255,21137,21256,21147,21208],"class_list":["post-42177","post","type-post","status-publish","format-standard","has-post-thumbnail","category-opiniao","tag-cristaleria-pt-br","tag-estilos-de-cerveja","tag-harmonizacao","tag-notas-de-degustacao","tag-opiniao"],"_links":{"self":[{"href":"https:\/\/www.thebeertimes.com\/pt-br\/wp-json\/wp\/v2\/posts\/42177","targetHints":{"allow":["GET"]}}],"collection":[{"href":"https:\/\/www.thebeertimes.com\/pt-br\/wp-json\/wp\/v2\/posts"}],"about":[{"href":"https:\/\/www.thebeertimes.com\/pt-br\/wp-json\/wp\/v2\/types\/post"}],"author":[{"embeddable":true,"href":"https:\/\/www.thebeertimes.com\/pt-br\/wp-json\/wp\/v2\/users\/1"}],"replies":[{"embeddable":true,"href":"https:\/\/www.thebeertimes.com\/pt-br\/wp-json\/wp\/v2\/comments?post=42177"}],"version-history":[{"count":0,"href":"https:\/\/www.thebeertimes.com\/pt-br\/wp-json\/wp\/v2\/posts\/42177\/revisions"}],"wp:featuredmedia":[{"embeddable":true,"href":"https:\/\/www.thebeertimes.com\/pt-br\/wp-json\/wp\/v2\/media\/41968"}],"wp:attachment":[{"href":"https:\/\/www.thebeertimes.com\/pt-br\/wp-json\/wp\/v2\/media?parent=42177"}],"wp:term":[{"taxonomy":"category","embeddable":true,"href":"https:\/\/www.thebeertimes.com\/pt-br\/wp-json\/wp\/v2\/categories?post=42177"},{"taxonomy":"post_tag","embeddable":true,"href":"https:\/\/www.thebeertimes.com\/pt-br\/wp-json\/wp\/v2\/tags?post=42177"}],"curies":[{"name":"wp","href":"https:\/\/api.w.org\/{rel}","templated":true}]}}