{"id":42647,"date":"2024-03-17T08:56:21","date_gmt":"2024-03-17T12:56:21","guid":{"rendered":"https:\/\/www.thebeertimes.com\/origen-la-cerveza-verde-celebrar-dia-san-patricio\/"},"modified":"2025-03-17T08:14:50","modified_gmt":"2025-03-17T12:14:50","slug":"origem-da-cerveja-verde-para-celebrar-dia-sao-patricio","status":"publish","type":"post","link":"https:\/\/www.thebeertimes.com\/pt-br\/origem-da-cerveja-verde-para-celebrar-dia-sao-patricio\/","title":{"rendered":"O verdadeiro origem da cerveja verde na celebra\u00e7\u00e3o do Dia de S\u00e3o Patr\u00edcio"},"content":{"rendered":"<div id=\"thebe-709608434\" class=\"thebe-antes-del-contenido-3-2 thebe-entity-placement\">\n            <div \n                class=\"elfsight-widget-popup elfsight-widget\" \n                data-elfsight-popup-options=\"%7B%22blocks%22%3A%5B%7B%22id%22%3A%22babc7e96-e195-4da3-a8c5-7072d42f2f5c%22%2C%22type%22%3A%22image%22%2C%22imageFile%22%3A%7B%22type%22%3A%22uploaded%22%2C%22data%22%3A%7B%22name%22%3A%2261fKvUY%2BdpL._SL1500_%22%2C%22url%22%3A%22https%3A%5C%2F%5C%2Fwww.thebeertimes.com%5C%2Fwp-content%5C%2Fuploads%5C%2F2026%5C%2F02%5C%2F61fKvUYdpL._SL1500_.jpg%22%2C%22size%22%3A53499%2C%22type%22%3A%22image%22%2C%22extension%22%3A%22jpeg%22%2C%22width%22%3A940%2C%22height%22%3A1500%2C%22ext%22%3A%22jpeg%22%7D%7D%2C%22imageScale%22%3A60%7D%2C%7B%22id%22%3A%226689e0da-ab1d-42a0-ac83-457ff13f91dd%22%2C%22type%22%3A%22button%22%2C%22buttonText%22%3A%22Comprar%20na%20AMAZON%22%2C%22buttonAction%22%3A%22redirect%22%2C%22buttonStyle%22%3A%22filled%22%2C%22buttonShape%22%3A%22rectangle%22%2C%22buttonColor%22%3A%22rgb%28255%2C%2038%2C%2067%29%22%2C%22buttonFontSize%22%3A16%2C%22label%22%3A%22Button%22%2C%22buttonUrl%22%3A%22https%3A%5C%2F%5C%2Fwww.amazon.com%5C%2Fdp%5C%2FB0GDGJJWD2%22%7D%5D%2C%22layout%22%3A%22modal%22%2C%22width%22%3A500%2C%22popupBlocksAlignment%22%3A%22center%22%2C%22popupShape%22%3A%22rounded%22%2C%22popupBackgroundColor%22%3A%22rgb%28255%2C%20255%2C%20255%29%22%2C%22popupBackgroundImage%22%3Anull%2C%22popupBackgroundImageOverlayColor%22%3A%22%22%2C%22overlayVisible%22%3Atrue%2C%22overlayClose%22%3Atrue%2C%22overlayBackgroundColor%22%3A%22rgba%2817%2C%2017%2C%2017%2C%200.7%29%22%2C%22overlayBackgroundImage%22%3Anull%2C%22overlayBackgroundImageOverlayColor%22%3A%22%22%2C%22closeButtonVisible%22%3Atrue%2C%22closeButtonColor%22%3A%22rgba%2817%2C%2017%2C%2017%2C%200.7%29%22%2C%22triggerPageLoadEnabled%22%3Afalse%2C%22triggerTimeOnPageEnabled%22%3Afalse%2C%22triggerTimeOnPageDuration%22%3A30%2C%22triggerScrollEnabled%22%3Atrue%2C%22triggerScrollPosition%22%3A25%2C%22triggerScrollToElementEnabled%22%3Afalse%2C%22triggerScrollToElementId%22%3Anull%2C%22triggerClickEnabled%22%3Afalse%2C%22triggerClickElementId%22%3Anull%2C%22triggerExitIntentEnabled%22%3Afalse%2C%22displayFrequency%22%3A%22everytime%22%2C%22displayPages%22%3A%22allPages%22%2C%22displayExcludedPages%22%3A%5B%5D%2C%22displaySpecificPages%22%3A%5B%5D%2C%22displayDevices%22%3A%5B%22desktop%22%2C%22tablet%22%2C%22mobile%22%5D%2C%22widgetId%22%3A%225%22%7D\" \n                data-elfsight-popup-version=\"1.0.0\"\n                data-elfsight-widget-id=\"elfsight-popup-5\">\n            <\/div>\n            <\/div><div id=\"thebe-1876034142\" class=\"thebe-fuente-preferida-2 thebe-entity-placement\" style=\"margin-bottom: 30px;margin-left: auto;margin-right: auto;text-align: center;\"><a href=\"https:\/\/www.google.com\/preferences\/source?q=thebeertimes.com\" target=\"_blank\" aria-label=\"A\u00f1adir como fuente preferida en google\"><img loading=\"lazy\" decoding=\"async\" src=\"https:\/\/www.thebeertimes.com\/wp-content\/uploads\/2026\/07\/Anadir-como-fuente-preferida-en-google-1.jpg\" alt=\"\"  srcset=\"https:\/\/www.thebeertimes.com\/wp-content\/uploads\/2026\/07\/Anadir-como-fuente-preferida-en-google-1.jpg 638w, https:\/\/www.thebeertimes.com\/wp-content\/uploads\/2026\/07\/Anadir-como-fuente-preferida-en-google-1-300x60.jpg 300w\" sizes=\"(max-width: 638px) 100vw, 638px\" width=\"175\" height=\"127\"  style=\"display: inline-block;\" \/><\/a><\/div><p><span style=\"font-size: 18px;\">Por <strong><a href=\"https:\/\/www.linkedin.com\/in\/uhartharper\/\" target=\"_blank\" rel=\"noopener\">Carlos Uhart M.<\/a><\/strong><\/span><\/p>\n<p>Quase todo mundo concorda que a tradi\u00e7\u00e3o de consumir cerveja tingida de verde no <a href=\"https:\/\/www.thebeertimes.com\/es\/pt-br\/por-que-celebramos-o-dia-de-sao-patricio\/\" target=\"_blank\" rel=\"noopener noreferrer\">Dia de S\u00e3o Patr\u00edcio<\/a> n\u00e3o \u00e9 uma tradi\u00e7\u00e3o irlandesa; mas poucos conhecem a verdadeira hist\u00f3ria da origem desse costume, onde e como ele surgiu.<\/p>\n<figure id=\"attachment_9822\" aria-describedby=\"caption-attachment-9822\" style=\"width: 600px\" class=\"wp-caption aligncenter\"><img loading=\"lazy\" decoding=\"async\" class=\"wp-image-9822 size-full\" title=\"Cerveja Verde para o Dia de S\u00e3o Patr\u00edcio\" src=\"https:\/\/www.thebeertimes.com\/wp-content\/uploads\/2017\/03\/Cerveza_Verde_San_Patricio.jpg\" alt=\"Cerveja Verde S\u00e3o Patr\u00edcio\" width=\"600\" height=\"315\" srcset=\"https:\/\/www.thebeertimes.com\/wp-content\/uploads\/2017\/03\/Cerveza_Verde_San_Patricio.jpg 600w, https:\/\/www.thebeertimes.com\/wp-content\/uploads\/2017\/03\/Cerveza_Verde_San_Patricio-300x158.jpg 300w, https:\/\/www.thebeertimes.com\/wp-content\/uploads\/2017\/03\/Cerveza_Verde_San_Patricio-114x60.jpg 114w\" sizes=\"auto, (max-width: 600px) 100vw, 600px\" \/><figcaption id=\"caption-attachment-9822\" class=\"wp-caption-text\">Cerveja verde para o Dia de S\u00e3o Patr\u00edcio<\/figcaption><\/figure>\n<p>Uma das hist\u00f3rias mais difundidas sobre a origem da cerveja verde para o Dia de S\u00e3o Patr\u00edcio diz que sua origem est\u00e1 relacionada ao costume irland\u00eas de adicionar um trevo para boa sorte a um copo de cerveja enquanto se bebia.<\/p>\n<div id=\"thebe-2871104862\" style=\"margin-bottom: 30px;\"><script async src=\"\/\/pagead2.googlesyndication.com\/pagead\/js\/adsbygoogle.js?client=ca-pub-9395258998211551\" crossorigin=\"anonymous\"><\/script><ins class=\"adsbygoogle\" style=\"display:block;\" data-ad-client=\"ca-pub-9395258998211551\" \ndata-ad-slot=\"8775458773\" \ndata-ad-format=\"auto\"><\/ins>\n<script> \n(adsbygoogle = window.adsbygoogle || []).push({}); \n<\/script>\n<\/div>\n\n<h2>Mitos sobre a cerveja verde no Dia de S\u00e3o Patr\u00edcio<\/h2>\n<p>Outra teoria bastante difundida sugere que a cerveja verde foi uma forma de protesto de um grupo de universit\u00e1rios irlandeses contra a decis\u00e3o das autoridades inglesas de mudar os exames para essas datas.<\/p>\n<p>Mas a verdade \u00e9 que o primeiro registro conhecido da tradi\u00e7\u00e3o de consumir cerveja verde no Dia de S\u00e3o Patr\u00edcio ocorreu nos Estados Unidos h\u00e1 103 anos.<\/p>\n<h2>A verdadeira origem da cerveja verde<\/h2>\n<p>Tudo teria come\u00e7ado em Nova York em 1914, e sua cria\u00e7\u00e3o \u00e9 atribu\u00edda a um m\u00e9dico de descend\u00eancia irlandesa chamado <a href=\"https:\/\/www.smithsonianmag.com\/smart-news\/first-green-beer-was-made-laundry-whitener-180954573\/\" target=\"_blank\" rel=\"noopener\">Thomas Hayes Curtin<\/a>, que, ao participar da celebra\u00e7\u00e3o do Dia de S\u00e3o Patr\u00edcio em 17 de mar\u00e7o no \u201cSchnerer Club\u201d \u2013 um clube social localizado no Bronx \u2013 teria apresentado sua nova cria\u00e7\u00e3o.<\/p>\n<p>De acordo com declara\u00e7\u00f5es de uma testemunha que participou da celebra\u00e7\u00e3o:<\/p><div id=\"thebe-2077581124\" class=\"thebe-libros-amazon thebe-entity-placement\" style=\"margin-left: auto;margin-right: auto;text-align: center;\"><div style=\"background-color: #ffffff; border: 1px solid #ccc; border-radius: 12px; padding: 16px; max-width: 320px; margin: 20px auto; text-align: center; font-family: helvetica, arial, sans-serif;\">\n<p><a href=\"https:\/\/amzn.to\/3LddZmQ\"><img loading=\"lazy\" decoding=\"async\" class=\"wp-image-43340 aligncenter\" src=\"https:\/\/www.thebeertimes.com\/wp-content\/uploads\/2025\/05\/Catar-cerveza-300x300.jpg\" alt=\"Gu\u00eda Pr\u00e1ctica Catar Cerveza Amazon\" width=\"200\" height=\"199\" srcset=\"https:\/\/www.thebeertimes.com\/wp-content\/uploads\/2025\/05\/Catar-cerveza-300x300.jpg 300w, https:\/\/www.thebeertimes.com\/wp-content\/uploads\/2025\/05\/Catar-cerveza-150x150.jpg 150w, https:\/\/www.thebeertimes.com\/wp-content\/uploads\/2025\/05\/Catar-cerveza-370x370.jpg 370w, https:\/\/www.thebeertimes.com\/wp-content\/uploads\/2025\/05\/Catar-cerveza.jpg 500w\" sizes=\"auto, (max-width: 200px) 100vw, 200px\" \/><\/a><\/p>\n<p style=\"color: #0000ff; font-weight: bold; margin: 8px 0; line-height: 1.2;\"><a href=\"https:\/\/amzn.to\/3LddZmQ\" target=\"_blank\" rel=\"nofollow\"><span style=\"font-size: 11pt;\">Gu\u00eda pr\u00e1ctica para catar cerveza: C\u00f3mo apreciar correctamente todas las cervezas del mundo<\/span><\/a><\/p>\n<p><a class=\"fasc-button fasc-size-medium fasc-type-flat fasc-rounded-medium fasc-ico-before dashicons-cart\" style=\"background-color: #ff9900; color: #000000;\" target=\"_blank\" rel=\"nofollow\" href=\"https:\/\/amzn.to\/3LddZmQ\">Comprar en Amazon<\/a><\/p>\n<\/div>\n<\/div>\n<blockquote><p>Durante aquele dia, tudo o que era poss\u00edvel foi tingido ou decorado de verde, enquanto can\u00e7\u00f5es irlandesas eram cantadas sem parar e a cerveja verde era consumida.<\/p><\/blockquote>\n<p>E n\u00e3o se tratava de um copo pintado de verde, mas de uma verdadeira cerveja verde em um copo transparente comum, onde o tom \u00e2mbar havia desaparecido.<\/p>\n<h2>A tradi\u00e7\u00e3o se populariza em todo o mundo<\/h2>\n<p>A hist\u00f3ria come\u00e7ou a se tornar conhecida quase uma semana depois, em 26 de mar\u00e7o de 1914, a partir de uma breve reportagem do jornalista Charles Henry Adams, que esteve presente no evento.<\/p>\n<p>Adams, em sua coluna intitulada &#8220;New York Day By Day&#8221; do jornal <a href=\"https:\/\/en.wikipedia.org\/wiki\/Evening_Independent\" target=\"_blank\" rel=\"noopener\">The Evening Independent<\/a>, escreveu:<\/p>\n<blockquote><p>Tudo o que o m\u00e9dico diria aos curiosos \u00e9 que o efeito da cerveja verde era causado por uma gota de tinta azul derramada em uma certa quantidade de cerveja \u00e2mbar.<\/p><\/blockquote>\n<p>De fato, como foi revelado posteriormente, o Dr. Curtin havia adicionado uma pequena quantidade de um composto industrial azul chamado &#8220;Wash Blue&#8221;, uma solu\u00e7\u00e3o de p\u00f3 de ferro usada para branquear roupas e cujo consumo hoje \u00e9 considerado venenoso.<\/p>\n<div id=\"thebe-2376282139\" style=\"margin-bottom: 20px;margin-left: auto;margin-right: auto;text-align: center;\"><script async src=\"\/\/pagead2.googlesyndication.com\/pagead\/js\/adsbygoogle.js?client=ca-pub-9395258998211551\" crossorigin=\"anonymous\"><\/script><ins class=\"adsbygoogle\" style=\"display:block; text-align:center;\" data-ad-client=\"ca-pub-9395258998211551\" \ndata-ad-slot=\"1179889612\" \ndata-ad-layout=\"in-article\"\ndata-ad-format=\"fluid\"><\/ins>\n<script> \n(adsbygoogle = window.adsbygoogle || []).push({}); \n<\/script>\n<\/div>\n<p>Foi gra\u00e7as a essa adi\u00e7\u00e3o que a cerveja adquiriu uma apar\u00eancia verde como resultado da mistura de tons entre o branqueador e a cor natural de uma cerveja \u00e2mbar, dando origem a uma tradi\u00e7\u00e3o que se espalhou pelo mundo.<\/p>\n<p>Atualmente, muitas cervejarias adicionam corante natural sem sabor \u00e0s suas cervejas \u00e2mbar para alcan\u00e7ar o mesmo efeito e continuar uma tradi\u00e7\u00e3o que j\u00e1 dura mais de 100 anos.<\/p>\n<h2>Recomendamos<\/h2><div id=\"thebe-3284355963\" class=\"thebe-adsterra-300-x-250 thebe-entity-placement\" style=\"margin-top: 15px;margin-left: auto;margin-right: auto;text-align: center;\"><script async src=\"\/\/pagead2.googlesyndication.com\/pagead\/js\/adsbygoogle.js?client=ca-pub-9395258998211551\" crossorigin=\"anonymous\"><\/script><ins class=\"adsbygoogle\" style=\"display:block;\" data-ad-client=\"ca-pub-9395258998211551\" \ndata-ad-slot=\"1930811761\" \ndata-ad-format=\"auto\"><\/ins>\n<script> \n(adsbygoogle = window.adsbygoogle || []).push({}); \n<\/script>\n<\/div>\n<ul>\n<li><a href=\"https:\/\/www.thebeertimes.com\/es\/aceite-de-cbd-cannabidiol-beneficios-y-contraindicaciones\/\" target=\"_blank\" rel=\"noopener\">\u00d3leo de CBD: Benef\u00edcios e contraindica\u00e7\u00f5es do canabidiol<\/a><\/li>\n<li><a href=\"https:\/\/www.thebeertimes.com\/es\/cual-es-la-diferencia-entre-hacer-crecer-un-negocio-y-hacer-crecer-una-marca\/\" target=\"_blank\" rel=\"noopener\">Qual \u00e9 a diferen\u00e7a entre fazer crescer um neg\u00f3cio e fazer crescer uma marca?<\/a><\/li>\n<\/ul>\n<div id=\"thebe-3646880856\" class=\"thebe-adskeeper-fin-articulo thebe-entity-placement\" style=\"margin-top: 20px;margin-left: auto;margin-right: auto;text-align: center;\"><div data-type=\"_mgwidget\" data-widget-id=\"1705281\">\r\n<\/div>\r\n<script>(function(w,q){w[q]=w[q]||[];w[q].push([\"_mgc.load\"])})(window,\"_mgq\");\r\n<\/script><\/div>","protected":false},"excerpt":{"rendered":"<p>Quase todo mundo concorda que a tradi\u00e7\u00e3o de consumir cerveja tingida de verde no Dia de S\u00e3o Patr\u00edcio n\u00e3o \u00e9 uma tradi\u00e7\u00e3o irlandesa; mas poucos conhecem a verdadeira hist\u00f3ria da origem desse costume, onde e como ele surgiu.<\/p>\n","protected":false},"author":1,"featured_media":37766,"comment_status":"closed","ping_status":"closed","sticky":false,"template":"","format":"standard","meta":{"wpai_generated_summary":"","footnotes":""},"categories":[21125,21158],"tags":[21385,21389,21377,21138,21386],"class_list":["post-42647","post","type-post","status-publish","format-standard","has-post-thumbnail","category-cultura-pt-br","category-eventos-pt-br","tag-cultura-cervecera-pt-br","tag-cultura-cervejeira","tag-eventos-pt-br","tag-historia-pt-br","tag-irlanda-pt-br"],"_links":{"self":[{"href":"https:\/\/www.thebeertimes.com\/pt-br\/wp-json\/wp\/v2\/posts\/42647","targetHints":{"allow":["GET"]}}],"collection":[{"href":"https:\/\/www.thebeertimes.com\/pt-br\/wp-json\/wp\/v2\/posts"}],"about":[{"href":"https:\/\/www.thebeertimes.com\/pt-br\/wp-json\/wp\/v2\/types\/post"}],"author":[{"embeddable":true,"href":"https:\/\/www.thebeertimes.com\/pt-br\/wp-json\/wp\/v2\/users\/1"}],"replies":[{"embeddable":true,"href":"https:\/\/www.thebeertimes.com\/pt-br\/wp-json\/wp\/v2\/comments?post=42647"}],"version-history":[{"count":0,"href":"https:\/\/www.thebeertimes.com\/pt-br\/wp-json\/wp\/v2\/posts\/42647\/revisions"}],"wp:featuredmedia":[{"embeddable":true,"href":"https:\/\/www.thebeertimes.com\/pt-br\/wp-json\/wp\/v2\/media\/37766"}],"wp:attachment":[{"href":"https:\/\/www.thebeertimes.com\/pt-br\/wp-json\/wp\/v2\/media?parent=42647"}],"wp:term":[{"taxonomy":"category","embeddable":true,"href":"https:\/\/www.thebeertimes.com\/pt-br\/wp-json\/wp\/v2\/categories?post=42647"},{"taxonomy":"post_tag","embeddable":true,"href":"https:\/\/www.thebeertimes.com\/pt-br\/wp-json\/wp\/v2\/tags?post=42647"}],"curies":[{"name":"wp","href":"https:\/\/api.w.org\/{rel}","templated":true}]}}