{"id":42838,"date":"2021-03-14T13:03:56","date_gmt":"2021-03-14T17:03:56","guid":{"rendered":"https:\/\/www.thebeertimes.com\/westvleteren-12-xii-notas-de-cata\/"},"modified":"2021-03-14T13:03:56","modified_gmt":"2021-03-14T17:03:56","slug":"westvleteren-12-xii-notas-de-degustacao","status":"publish","type":"post","link":"https:\/\/www.thebeertimes.com\/pt-br\/westvleteren-12-xii-notas-de-degustacao\/","title":{"rendered":"Westvleteren 12 (XII): Notas de degusta\u00e7\u00e3o e harmoniza\u00e7\u00f5es recomendadas"},"content":{"rendered":"<div id=\"thebe-2214312253\" class=\"thebe-antes-del-contenido-3-2 thebe-entity-placement\">\n            <div \n                class=\"elfsight-widget-popup elfsight-widget\" \n                data-elfsight-popup-options=\"%7B%22blocks%22%3A%5B%7B%22id%22%3A%22babc7e96-e195-4da3-a8c5-7072d42f2f5c%22%2C%22type%22%3A%22image%22%2C%22imageFile%22%3A%7B%22type%22%3A%22uploaded%22%2C%22data%22%3A%7B%22name%22%3A%2261fKvUY%2BdpL._SL1500_%22%2C%22url%22%3A%22https%3A%5C%2F%5C%2Fwww.thebeertimes.com%5C%2Fwp-content%5C%2Fuploads%5C%2F2026%5C%2F02%5C%2F61fKvUYdpL._SL1500_.jpg%22%2C%22size%22%3A53499%2C%22type%22%3A%22image%22%2C%22extension%22%3A%22jpeg%22%2C%22width%22%3A940%2C%22height%22%3A1500%2C%22ext%22%3A%22jpeg%22%7D%7D%2C%22imageScale%22%3A60%7D%2C%7B%22id%22%3A%226689e0da-ab1d-42a0-ac83-457ff13f91dd%22%2C%22type%22%3A%22button%22%2C%22buttonText%22%3A%22Comprar%20na%20AMAZON%22%2C%22buttonAction%22%3A%22redirect%22%2C%22buttonStyle%22%3A%22filled%22%2C%22buttonShape%22%3A%22rectangle%22%2C%22buttonColor%22%3A%22rgb%28255%2C%2038%2C%2067%29%22%2C%22buttonFontSize%22%3A16%2C%22label%22%3A%22Button%22%2C%22buttonUrl%22%3A%22https%3A%5C%2F%5C%2Fwww.amazon.com%5C%2Fdp%5C%2FB0GDGJJWD2%22%7D%5D%2C%22layout%22%3A%22modal%22%2C%22width%22%3A500%2C%22popupBlocksAlignment%22%3A%22center%22%2C%22popupShape%22%3A%22rounded%22%2C%22popupBackgroundColor%22%3A%22rgb%28255%2C%20255%2C%20255%29%22%2C%22popupBackgroundImage%22%3Anull%2C%22popupBackgroundImageOverlayColor%22%3A%22%22%2C%22overlayVisible%22%3Atrue%2C%22overlayClose%22%3Atrue%2C%22overlayBackgroundColor%22%3A%22rgba%2817%2C%2017%2C%2017%2C%200.7%29%22%2C%22overlayBackgroundImage%22%3Anull%2C%22overlayBackgroundImageOverlayColor%22%3A%22%22%2C%22closeButtonVisible%22%3Atrue%2C%22closeButtonColor%22%3A%22rgba%2817%2C%2017%2C%2017%2C%200.7%29%22%2C%22triggerPageLoadEnabled%22%3Afalse%2C%22triggerTimeOnPageEnabled%22%3Afalse%2C%22triggerTimeOnPageDuration%22%3A30%2C%22triggerScrollEnabled%22%3Atrue%2C%22triggerScrollPosition%22%3A25%2C%22triggerScrollToElementEnabled%22%3Afalse%2C%22triggerScrollToElementId%22%3Anull%2C%22triggerClickEnabled%22%3Afalse%2C%22triggerClickElementId%22%3Anull%2C%22triggerExitIntentEnabled%22%3Afalse%2C%22displayFrequency%22%3A%22everytime%22%2C%22displayPages%22%3A%22allPages%22%2C%22displayExcludedPages%22%3A%5B%5D%2C%22displaySpecificPages%22%3A%5B%5D%2C%22displayDevices%22%3A%5B%22desktop%22%2C%22tablet%22%2C%22mobile%22%5D%2C%22widgetId%22%3A%225%22%7D\" \n                data-elfsight-popup-version=\"1.0.0\"\n                data-elfsight-widget-id=\"elfsight-popup-5\">\n            <\/div>\n            <\/div><div id=\"thebe-1012320564\" class=\"thebe-fuente-preferida-2 thebe-entity-placement\" style=\"margin-bottom: 30px;margin-left: auto;margin-right: auto;text-align: center;\"><a href=\"https:\/\/www.google.com\/preferences\/source?q=thebeertimes.com\" target=\"_blank\" aria-label=\"A\u00f1adir como fuente preferida en google\"><img loading=\"lazy\" decoding=\"async\" src=\"https:\/\/www.thebeertimes.com\/wp-content\/uploads\/2026\/07\/Anadir-como-fuente-preferida-en-google-1.jpg\" alt=\"\"  srcset=\"https:\/\/www.thebeertimes.com\/wp-content\/uploads\/2026\/07\/Anadir-como-fuente-preferida-en-google-1.jpg 638w, https:\/\/www.thebeertimes.com\/wp-content\/uploads\/2026\/07\/Anadir-como-fuente-preferida-en-google-1-300x60.jpg 300w\" sizes=\"(max-width: 638px) 100vw, 638px\" width=\"175\" height=\"127\"  style=\"display: inline-block;\" \/><\/a><\/div><p><span style=\"font-size: 16px;\">Por <strong><a href=\"https:\/\/www.linkedin.com\/in\/uhartharper\/\" target=\"_blank\" rel=\"noopener\">Carlos Uhart M.<\/a><\/strong><\/span><\/p>\n<p>A Westvleteren 12 (XII) Abt. \u00e9 uma cerveja do estilo Belgian Quadrupel com 10,2% ABV que se destaca por sua inconfund\u00edvel tampa amarela. Quase um mito da cervejaria moderna, h\u00e1 muitos anos \u00e9 considerada em rankings e publica\u00e7\u00f5es como uma das melhores cervejas do mundo.<\/p>\n<figure id=\"attachment_17093\" aria-describedby=\"caption-attachment-17093\" style=\"width: 600px\" class=\"wp-caption aligncenter\"><img loading=\"lazy\" decoding=\"async\" class=\"wp-image-17093 size-full\" title=\"Westvleteren 12\" src=\"https:\/\/www.thebeertimes.com\/wp-content\/uploads\/2020\/07\/Westvleteren-12-1.jpg\" alt=\"Westvleteren 12\" width=\"600\" height=\"315\" srcset=\"https:\/\/www.thebeertimes.com\/wp-content\/uploads\/2020\/07\/Westvleteren-12-1.jpg 600w, https:\/\/www.thebeertimes.com\/wp-content\/uploads\/2020\/07\/Westvleteren-12-1-300x158.jpg 300w, https:\/\/www.thebeertimes.com\/wp-content\/uploads\/2020\/07\/Westvleteren-12-1-114x60.jpg 114w\" sizes=\"auto, (max-width: 600px) 100vw, 600px\" \/><figcaption id=\"caption-attachment-17093\" class=\"wp-caption-text\">Westvleteren 12<\/figcaption><\/figure>\n<h2>Informa\u00e7\u00f5es gerais<\/h2>\n<p><b>Nome: <\/b>Westvleteren 12 (XII)<br \/>\n<b>Cervejaria:<\/b> <a id=\"_brand4\" href=\"http:\/\/www.sintsixtus.be\/\" target=\"_blank\" rel=\"noopener noreferrer\">Abdij St. Sixtus<\/a><br \/>\n<b>Origem:<\/b> Westvleteren, B\u00e9lgica<br \/>\n<b>Estilo:<\/b> Quadrupel<br \/>\n<b>ABV:<\/b> 10.2%<br \/>\n<b>IBU:<\/b> 38<br \/>\n<strong>Calorias:<\/strong> 306 kcal<br \/>\n<b>Copos indicados: <\/b><a href=\"https:\/\/www.thebeertimes.com\/la-cerveza-vaso-a-vaso-caliz\/\" target=\"_blank\" rel=\"noopener noreferrer\">C\u00e1lice<\/a>, <a href=\"https:\/\/www.thebeertimes.com\/la-cerveza-vaso-a-vaso-teku\/\" target=\"_blank\" rel=\"noopener noreferrer\">Teku<\/a><\/p>\n<div id=\"thebe-3127385302\" style=\"margin-bottom: 30px;\"><script async src=\"\/\/pagead2.googlesyndication.com\/pagead\/js\/adsbygoogle.js?client=ca-pub-9395258998211551\" crossorigin=\"anonymous\"><\/script><ins class=\"adsbygoogle\" style=\"display:block;\" data-ad-client=\"ca-pub-9395258998211551\" \ndata-ad-slot=\"8775458773\" \ndata-ad-format=\"auto\"><\/ins>\n<script> \n(adsbygoogle = window.adsbygoogle || []).push({}); \n<\/script>\n<\/div>\n\n<h2>Notas de degusta\u00e7\u00e3o e impress\u00f5es<\/h2>\n<p>De cor marrom escuro, sabores equilibrados e complexos, com notas de frutas, passas, caramelo, \u00e1lcool e especiarias, com final seco e amargo, e um retrogusto que se prolonga por muito tempo.<\/p>\n<h3>1. Apar\u00eancia<\/h3>\n<p>Apresenta cor marrom uniforme, com tons acobreados contra a luz, leve opacidade e turbidez moderada, desenvolvendo uma espuma m\u00e9dia-alta de cor marfim, homog\u00eanea e cremosa, com boa reten\u00e7\u00e3o e forma\u00e7\u00e3o de rendado moderado, deixando pequenas pernas de \u00e1lcool nas paredes do copo.<\/p>\n<h3>2. Aroma<\/h3>\n<p>Desenvolve inicialmente uma conjun\u00e7\u00e3o arom\u00e1tica intensa, diversa e integrada, que aos poucos se desdobra em caracter\u00edsticas de figos, passas e alca\u00e7uz, nozes e avel\u00e3s torradas, acompanhadas no meio do nariz por notas de baunilha, mel e tra\u00e7os de chocolate, tudo enquadrado sob uma presen\u00e7a licorosa robusta, limpa e profunda, sem \u00e1lcoois superiores.<\/p>\n<h3>3. Sabor<\/h3>\n<p>Inicia com uma breve exibi\u00e7\u00e3o de caracter\u00edsticas suaves de malte e caramelo, que rapidamente d\u00e3o lugar a uma segunda metade de boca que avan\u00e7a com for\u00e7a para uma complexidade de sabores levemente torrados &#8211; alca\u00e7uz, figos, anis e xarope de bordo, madeira, baunilha e chocolate, nozes e avel\u00e3s &#8211; que se distribuem ampla e generosamente por toda a boca. Sem perder intensidade, seguem para um final marcadamente amargo, que evolui com notas suaves de torrefa\u00e7\u00e3o, fundindo-se finalmente em um car\u00e1ter licoroso intenso e prolongado, que lentamente e sem pausa conecta-se a um retrogusto longo e complexo, repleto de todas suas caracter\u00edsticas anteriores.<\/p>\n<h3>4. Sensa\u00e7\u00e3o na boca<\/h3>\n<p>Corpo m\u00e9dio-alto de estrutura firme mas desenvolvimento fluido na boca, apresenta carbonata\u00e7\u00e3o m\u00e9dia bem integrada, sem asperezas ou adstring\u00eancia na l\u00edngua ou palato, com um aquecimento alco\u00f3lico que se mostra controlado e diminui lentamente.<\/p><div id=\"thebe-3053965850\" class=\"thebe-libros-amazon thebe-entity-placement\" style=\"margin-left: auto;margin-right: auto;text-align: center;\"><div style=\"background-color: #ffffff; border: 1px solid #ccc; border-radius: 12px; padding: 16px; max-width: 320px; margin: 20px auto; text-align: center; font-family: helvetica, arial, sans-serif;\">\n<p><a href=\"https:\/\/amzn.to\/3LddZmQ\"><img loading=\"lazy\" decoding=\"async\" class=\"wp-image-43340 aligncenter\" src=\"https:\/\/www.thebeertimes.com\/wp-content\/uploads\/2025\/05\/Catar-cerveza-300x300.jpg\" alt=\"Gu\u00eda Pr\u00e1ctica Catar Cerveza Amazon\" width=\"200\" height=\"199\" srcset=\"https:\/\/www.thebeertimes.com\/wp-content\/uploads\/2025\/05\/Catar-cerveza-300x300.jpg 300w, https:\/\/www.thebeertimes.com\/wp-content\/uploads\/2025\/05\/Catar-cerveza-150x150.jpg 150w, https:\/\/www.thebeertimes.com\/wp-content\/uploads\/2025\/05\/Catar-cerveza-370x370.jpg 370w, https:\/\/www.thebeertimes.com\/wp-content\/uploads\/2025\/05\/Catar-cerveza.jpg 500w\" sizes=\"auto, (max-width: 200px) 100vw, 200px\" \/><\/a><\/p>\n<p style=\"color: #0000ff; font-weight: bold; margin: 8px 0; line-height: 1.2;\"><a href=\"https:\/\/amzn.to\/3LddZmQ\" target=\"_blank\" rel=\"nofollow\"><span style=\"font-size: 11pt;\">Gu\u00eda pr\u00e1ctica para catar cerveza: C\u00f3mo apreciar correctamente todas las cervezas del mundo<\/span><\/a><\/p>\n<p><a class=\"fasc-button fasc-size-medium fasc-type-flat fasc-rounded-medium fasc-ico-before dashicons-cart\" style=\"background-color: #ff9900; color: #000000;\" target=\"_blank\" rel=\"nofollow\" href=\"https:\/\/amzn.to\/3LddZmQ\">Comprar en Amazon<\/a><\/p>\n<\/div>\n<\/div>\n<h3>5. Impress\u00e3o geral<\/h3>\n<p>Muito a dizer sobre uma cerveja como a Westvleteren 12, come\u00e7ando pela dificuldade de conseguir uma amostra, seu valor e, sem d\u00favida, a expectativa de estar diante do que muitos rankings classificam como a melhor cerveja do mundo. Complexa e diversa, integra-se como um todo sem medo de exibir um leque complexo de caracter\u00edsticas que se sucedem, evoluem e n\u00e3o decaem por longos minutos ap\u00f3s o servi\u00e7o, sempre \u00e0 altura em todas as etapas da avalia\u00e7\u00e3o. O \u00e1lcool \u00e9 um forte condutor de presen\u00e7a marcante, mas bem trabalhado &#8211; assenta e evolui, amig\u00e1vel como um bom licor, com espa\u00e7o ainda para alcan\u00e7ar um ponto de integra\u00e7\u00e3o \u00f3timo no quadro geral. A Westvleteren 12 n\u00e3o \u00e9 uma cerveja para beber jovem; o tempo \u00e9 um ingrediente adicional, pois, como todas as boas cervejas de guarda, seu conte\u00fado tem potencial que requer maturidade para mostrar o melhor de si. Isso significa que, embora provavelmente n\u00e3o exista algo como a melhor cerveja do mundo, h\u00e1 grandes chances de que, tratada corretamente, em algum momento da sua vida, esta seja sim uma das melhores cervejas que voc\u00ea j\u00e1 provou.<\/p>\n<div id=\"thebe-1474351875\" style=\"margin-bottom: 20px;margin-left: auto;margin-right: auto;text-align: center;\"><script async src=\"\/\/pagead2.googlesyndication.com\/pagead\/js\/adsbygoogle.js?client=ca-pub-9395258998211551\" crossorigin=\"anonymous\"><\/script><ins class=\"adsbygoogle\" style=\"display:block; text-align:center;\" data-ad-client=\"ca-pub-9395258998211551\" \ndata-ad-slot=\"1179889612\" \ndata-ad-layout=\"in-article\"\ndata-ad-format=\"fluid\"><\/ins>\n<script> \n(adsbygoogle = window.adsbygoogle || []).push({}); \n<\/script>\n<\/div>\n<h2>Harmoniza\u00e7\u00f5es sugeridas<\/h2>\n<p>A Westvleteren 12 \u00e9 uma cerveja de matizes profundos e estrutura complexa, o que a torna uma excelente companheira para pratos igualmente intensos e sofisticados.<\/p>\n<h3>1. Pratos principais<\/h3>\n<p>Um <a href=\"https:\/\/www.thebeertimes.com\/receta-de-carbonada-flamenca-con-cerveza-belga\/\">cozido de carne bovina<\/a> preparado lentamente com vinho tinto, ervas frescas e cogumelos porcini complementa excepcionalmente a estrutura maltada e as notas de frutas secas da cerveja. A do\u00e7ura do caramelo e das frutas secas harmoniza com a riqueza do prato, enquanto o amargor final e o \u00e1lcool equilibram e aprofundam a experi\u00eancia.<\/p>\n<div id=\"thebe-2847838850\" style=\"margin-bottom: 30px;\"><div id=\"pf-15242-1\" data-format=\"display\" ><script>window.pubfuturetag = window.pubfuturetag || [];window.pubfuturetag.push({unit: \"683988d268662b3361d8a48f\", id: \"pf-15242-1\"})<\/script><\/div><\/div>\n<h3>2. Queijos<\/h3>\n<p>Queijos azuis maduros, como Roquefort ou Gorgonzola, destacam as notas doces e frutadas da Westvleteren 12, criando intera\u00e7\u00e3o <a href=\"https:\/\/www.thebeertimes.com\/umami-quinto-sabor\/\">com o umami<\/a> e o car\u00e1ter licoroso. A textura cremosa do queijo \u00e9 potencializada pelo corpo m\u00e9dio-alto da cerveja, gerando uma sensa\u00e7\u00e3o de redondez na boca.<\/p>\n<h3>3. Pratos vegetarianos<\/h3>\n<p>Um risoto de ab\u00f3bora moranga, manteiga e queijo parmes\u00e3o ralado torna-se uma harmoniza\u00e7\u00e3o not\u00e1vel, onde as notas doces do vegetal se fundem com os \u00e9steres da cerveja. A <a href=\"https:\/\/www.thebeertimes.com\/como-preparar-risotto-de-jamon-iberico-a-la-cerveza-receta-y-paso-a-paso\/\">cremosidade do risoto<\/a> dialoga com a estrutura alco\u00f3lica e a efervesc\u00eancia suave, enquanto o parmes\u00e3o real\u00e7a o car\u00e1ter tostado e o final seco.<\/p>\n<h3>4. Sobremesas<\/h3>\n<p>Uma torta artesanal de figos, nozes torradas e base de chocolate amargo oferece um final perfeito, onde os sabores naturais do figo refletem as notas frutadas da cerveja, as nozes encontram afinidade com os tra\u00e7os de madeira e torrado, enquanto o chocolate amargo, com seu leve amargor, intensifica o retrogusto quente e licoroso que define a experi\u00eancia final.<\/p>\n<p >No se encontraron productos.<\/p>\n<h2>Recomendamos<\/h2><div id=\"thebe-2100724006\" class=\"thebe-adsterra-300-x-250 thebe-entity-placement\" style=\"margin-top: 15px;margin-left: auto;margin-right: auto;text-align: center;\"><script async src=\"\/\/pagead2.googlesyndication.com\/pagead\/js\/adsbygoogle.js?client=ca-pub-9395258998211551\" crossorigin=\"anonymous\"><\/script><ins class=\"adsbygoogle\" style=\"display:block;\" data-ad-client=\"ca-pub-9395258998211551\" \ndata-ad-slot=\"1930811761\" \ndata-ad-format=\"auto\"><\/ins>\n<script> \n(adsbygoogle = window.adsbygoogle || []).push({}); \n<\/script>\n<\/div>\n<ul>\n<li><a href=\"https:\/\/www.thebeertimes.com\/grisette-historia-y-origenes-de-la-cerveza-de-los-antiguos-mineros-belgas\/\">Grisette: Hist\u00f3ria e origem da cerveja dos antigos mineiros belgas<\/a><\/li>\n<li><a href=\"https:\/\/www.thebeertimes.com\/pt-br\/o-que-e-o-sabor-amargo-origens-tipos-amargor\/\">O que \u00e9 o sabor amargo? Origens, disposi\u00e7\u00e3o gen\u00e9tica e tipos de amargor<\/a><\/li>\n<\/ul>\n<div id=\"thebe-1878421195\" class=\"thebe-adskeeper-fin-articulo thebe-entity-placement\" style=\"margin-top: 20px;margin-left: auto;margin-right: auto;text-align: center;\"><div data-type=\"_mgwidget\" data-widget-id=\"1705281\">\r\n<\/div>\r\n<script>(function(w,q){w[q]=w[q]||[];w[q].push([\"_mgc.load\"])})(window,\"_mgq\");\r\n<\/script><\/div>","protected":false},"excerpt":{"rendered":"<p>Westvleteren 12 (XII) Abt. \u00e9 quase um mito da cervejaria moderna, considerado h\u00e1 anos em rankings e publica\u00e7\u00f5es como uma das melhores cervejas do mundo.<\/p>\n","protected":false},"author":1,"featured_media":39758,"comment_status":"closed","ping_status":"closed","sticky":false,"template":"","format":"standard","meta":{"wpai_generated_summary":"","footnotes":""},"categories":[21145],"tags":[21135,21416,21147,21417,21418,21419],"class_list":["post-42838","post","type-post","status-publish","format-standard","has-post-thumbnail","category-opiniao","tag-belgica-pt-br","tag-cerveza-trapense-pt-br","tag-notas-de-degustacao","tag-quadrupel-pt-br","tag-westvleteren-pt-br","tag-westvleteren-12-pt-br"],"_links":{"self":[{"href":"https:\/\/www.thebeertimes.com\/pt-br\/wp-json\/wp\/v2\/posts\/42838","targetHints":{"allow":["GET"]}}],"collection":[{"href":"https:\/\/www.thebeertimes.com\/pt-br\/wp-json\/wp\/v2\/posts"}],"about":[{"href":"https:\/\/www.thebeertimes.com\/pt-br\/wp-json\/wp\/v2\/types\/post"}],"author":[{"embeddable":true,"href":"https:\/\/www.thebeertimes.com\/pt-br\/wp-json\/wp\/v2\/users\/1"}],"replies":[{"embeddable":true,"href":"https:\/\/www.thebeertimes.com\/pt-br\/wp-json\/wp\/v2\/comments?post=42838"}],"version-history":[{"count":0,"href":"https:\/\/www.thebeertimes.com\/pt-br\/wp-json\/wp\/v2\/posts\/42838\/revisions"}],"wp:featuredmedia":[{"embeddable":true,"href":"https:\/\/www.thebeertimes.com\/pt-br\/wp-json\/wp\/v2\/media\/39758"}],"wp:attachment":[{"href":"https:\/\/www.thebeertimes.com\/pt-br\/wp-json\/wp\/v2\/media?parent=42838"}],"wp:term":[{"taxonomy":"category","embeddable":true,"href":"https:\/\/www.thebeertimes.com\/pt-br\/wp-json\/wp\/v2\/categories?post=42838"},{"taxonomy":"post_tag","embeddable":true,"href":"https:\/\/www.thebeertimes.com\/pt-br\/wp-json\/wp\/v2\/tags?post=42838"}],"curies":[{"name":"wp","href":"https:\/\/api.w.org\/{rel}","templated":true}]}}