{"id":46739,"date":"2024-02-11T10:24:03","date_gmt":"2024-02-11T14:24:03","guid":{"rendered":"https:\/\/www.thebeertimes.com\/?p=46739"},"modified":"2026-06-12T20:09:57","modified_gmt":"2026-06-13T00:09:57","slug":"o-kykeon-e-os-misterios-de-eleusis-na-grecia-uma-cerveja-psicodelica-ancestral","status":"publish","type":"post","link":"https:\/\/www.thebeertimes.com\/pt-br\/o-kykeon-e-os-misterios-de-eleusis-na-grecia-uma-cerveja-psicodelica-ancestral\/","title":{"rendered":"O Kykeon e os Mist\u00e9rios de El\u00eausis na Gr\u00e9cia: Uma cerveja psicod\u00e9lica ancestral?"},"content":{"rendered":"<div id=\"thebe-536350208\" class=\"thebe-antes-del-contenido-3-2 thebe-entity-placement\">\n            <div \n                class=\"elfsight-widget-popup elfsight-widget\" \n                data-elfsight-popup-options=\"%7B%22blocks%22%3A%5B%7B%22id%22%3A%22babc7e96-e195-4da3-a8c5-7072d42f2f5c%22%2C%22type%22%3A%22image%22%2C%22imageFile%22%3A%7B%22type%22%3A%22uploaded%22%2C%22data%22%3A%7B%22name%22%3A%2261fKvUY%2BdpL._SL1500_%22%2C%22url%22%3A%22https%3A%5C%2F%5C%2Fwww.thebeertimes.com%5C%2Fwp-content%5C%2Fuploads%5C%2F2026%5C%2F02%5C%2F61fKvUYdpL._SL1500_.jpg%22%2C%22size%22%3A53499%2C%22type%22%3A%22image%22%2C%22extension%22%3A%22jpeg%22%2C%22width%22%3A940%2C%22height%22%3A1500%2C%22ext%22%3A%22jpeg%22%7D%7D%2C%22imageScale%22%3A60%7D%2C%7B%22id%22%3A%226689e0da-ab1d-42a0-ac83-457ff13f91dd%22%2C%22type%22%3A%22button%22%2C%22buttonText%22%3A%22Comprar%20na%20AMAZON%22%2C%22buttonAction%22%3A%22redirect%22%2C%22buttonStyle%22%3A%22filled%22%2C%22buttonShape%22%3A%22rectangle%22%2C%22buttonColor%22%3A%22rgb%28255%2C%2038%2C%2067%29%22%2C%22buttonFontSize%22%3A16%2C%22label%22%3A%22Button%22%2C%22buttonUrl%22%3A%22https%3A%5C%2F%5C%2Fwww.amazon.com%5C%2Fdp%5C%2FB0GDGJJWD2%22%7D%5D%2C%22layout%22%3A%22modal%22%2C%22width%22%3A500%2C%22popupBlocksAlignment%22%3A%22center%22%2C%22popupShape%22%3A%22rounded%22%2C%22popupBackgroundColor%22%3A%22rgb%28255%2C%20255%2C%20255%29%22%2C%22popupBackgroundImage%22%3Anull%2C%22popupBackgroundImageOverlayColor%22%3A%22%22%2C%22overlayVisible%22%3Atrue%2C%22overlayClose%22%3Atrue%2C%22overlayBackgroundColor%22%3A%22rgba%2817%2C%2017%2C%2017%2C%200.7%29%22%2C%22overlayBackgroundImage%22%3Anull%2C%22overlayBackgroundImageOverlayColor%22%3A%22%22%2C%22closeButtonVisible%22%3Atrue%2C%22closeButtonColor%22%3A%22rgba%2817%2C%2017%2C%2017%2C%200.7%29%22%2C%22triggerPageLoadEnabled%22%3Afalse%2C%22triggerTimeOnPageEnabled%22%3Afalse%2C%22triggerTimeOnPageDuration%22%3A30%2C%22triggerScrollEnabled%22%3Atrue%2C%22triggerScrollPosition%22%3A25%2C%22triggerScrollToElementEnabled%22%3Afalse%2C%22triggerScrollToElementId%22%3Anull%2C%22triggerClickEnabled%22%3Afalse%2C%22triggerClickElementId%22%3Anull%2C%22triggerExitIntentEnabled%22%3Afalse%2C%22displayFrequency%22%3A%22everytime%22%2C%22displayPages%22%3A%22allPages%22%2C%22displayExcludedPages%22%3A%5B%5D%2C%22displaySpecificPages%22%3A%5B%5D%2C%22displayDevices%22%3A%5B%22desktop%22%2C%22tablet%22%2C%22mobile%22%5D%2C%22widgetId%22%3A%225%22%7D\" \n                data-elfsight-popup-version=\"1.0.0\"\n                data-elfsight-widget-id=\"elfsight-popup-5\">\n            <\/div>\n            <\/div><div id=\"thebe-1842227405\" class=\"thebe-fuente-preferida-2 thebe-entity-placement\" style=\"margin-bottom: 30px;margin-left: auto;margin-right: auto;text-align: center;\"><a href=\"https:\/\/www.google.com\/preferences\/source?q=thebeertimes.com\" target=\"_blank\" aria-label=\"A\u00f1adir como fuente preferida en google\"><img loading=\"lazy\" decoding=\"async\" src=\"https:\/\/www.thebeertimes.com\/wp-content\/uploads\/2026\/07\/Anadir-como-fuente-preferida-en-google-1.jpg\" alt=\"\"  srcset=\"https:\/\/www.thebeertimes.com\/wp-content\/uploads\/2026\/07\/Anadir-como-fuente-preferida-en-google-1.jpg 638w, https:\/\/www.thebeertimes.com\/wp-content\/uploads\/2026\/07\/Anadir-como-fuente-preferida-en-google-1-300x60.jpg 300w\" sizes=\"(max-width: 638px) 100vw, 638px\" width=\"175\" height=\"127\"  style=\"display: inline-block;\" \/><\/a><\/div><p>Os Mist\u00e9rios de El\u00eausis ainda hoje constituem um t\u00f3pico baseado em fontes de informa\u00e7\u00e3o fragment\u00e1rias, dando margem a uma grande controv\u00e9rsia entre historiadores que trabalham com base em suposi\u00e7\u00f5es complexas enquanto tentam desvendar o mist\u00e9rio desta antiga tradi\u00e7\u00e3o.<\/p>\n<figure id=\"attachment_17799\" aria-describedby=\"caption-attachment-17799\" style=\"width: 600px\" class=\"wp-caption aligncenter\"><img loading=\"lazy\" decoding=\"async\" class=\"wp-image-17799 size-full\" title=\"El kykeon y los misterios de Eleusis\" src=\"https:\/\/www.thebeertimes.com\/wp-content\/uploads\/2020\/06\/El-kykeon-y-los-misterios-de-Eleusis.jpg\" alt=\"El kykeon y los misterios de Eleusis\" width=\"600\" height=\"315\" srcset=\"https:\/\/www.thebeertimes.com\/wp-content\/uploads\/2020\/06\/El-kykeon-y-los-misterios-de-Eleusis.jpg 600w, https:\/\/www.thebeertimes.com\/wp-content\/uploads\/2020\/06\/El-kykeon-y-los-misterios-de-Eleusis-300x158.jpg 300w, https:\/\/www.thebeertimes.com\/wp-content\/uploads\/2020\/06\/El-kykeon-y-los-misterios-de-Eleusis-114x60.jpg 114w\" sizes=\"auto, (max-width: 600px) 100vw, 600px\" \/><figcaption id=\"caption-attachment-17799\" class=\"wp-caption-text\">Os Mist\u00e9rios de El\u00eausis<\/figcaption><\/figure>\n<p>Embora care\u00e7amos de descri\u00e7\u00f5es expl\u00edcitas do que acontecia dentro do Telesterion, descobertas arqueol\u00f3gicas no local sagrado, incluindo inscri\u00e7\u00f5es votivas, restos de vasilhas rituais e estruturas arquitet\u00f4nicas, oferecem pistas indiretas sobre a log\u00edstica e o simbolismo do culto.<\/p>\n<p>Al\u00e9m disso, refer\u00eancias dispersas em textos cl\u00e1ssicos, como os discursos de Is\u00f3crates ou as com\u00e9dias de Arist\u00f3fanes, permitem reconstruir parcialmente o quadro social e religioso em que os ritos se desenvolviam.<\/p>\n<p>No entanto, a aus\u00eancia deliberada de registros doutrin\u00e1rios ou manuais lit\u00fargicos refor\u00e7a a hip\u00f3tese de que o conhecimento era exclusivamente experiencial e oral, transmitido apenas no momento da inicia\u00e7\u00e3o.<\/p>\n<p>Os detalhes completos sobre os atos e rituais que aconteciam durante a celebra\u00e7\u00e3o dos mist\u00e9rios estavam marcados pelo juramento de manter o segredo por parte do iniciado, raz\u00e3o pela qual escaparam ao nosso conhecimento.<\/p>\n<div id=\"thebe-3142379963\" style=\"margin-bottom: 30px;\"><script async src=\"\/\/pagead2.googlesyndication.com\/pagead\/js\/adsbygoogle.js?client=ca-pub-9395258998211551\" crossorigin=\"anonymous\"><\/script><ins class=\"adsbygoogle\" style=\"display:block;\" data-ad-client=\"ca-pub-9395258998211551\" \ndata-ad-slot=\"8775458773\" \ndata-ad-format=\"auto\"><\/ins>\n<script> \n(adsbygoogle = window.adsbygoogle || []).push({}); \n<\/script>\n<\/div>\n\n<h2>O que sabemos sobre os Mist\u00e9rios de El\u00eausis?<\/h2>\n<p>Embora os historiadores modernos ainda discutam os diferentes aspectos relacionados a esses rituais m\u00edsticos, algumas ideias gerais s\u00e3o comumente aceitas, tendo chegado at\u00e9 n\u00f3s atrav\u00e9s de testemunhos escritos dos pr\u00f3prios iniciados.<\/p>\n<p>Na Gr\u00e9cia antiga, a cidade de El\u00eausis, situada a oeste de Atenas, tornou-se o centro religioso mais importante do mundo pag\u00e3o de sua \u00e9poca.<\/p>\n<p>Segundo a antiga cren\u00e7a, como narrado no hino hom\u00e9rico, Dem\u00e9ter, deusa da agricultura, parou em El\u00eausis para descansar quando viajava em busca de sua filha Pers\u00e9fone, raptada por Hades.<\/p>\n<p>L\u00e1, Dem\u00e9ter ordenou que se constru\u00edssem um templo e um altar em sua honra. Ap\u00f3s a alegria do reencontro da deusa com a perdida Pers\u00e9fone, Dem\u00e9ter deu instru\u00e7\u00f5es \u00e0s autoridades de El\u00eausis sobre como realizar seus ritos. O culto de El\u00eausis, portanto, teria sido ensinado diretamente pela pr\u00f3pria deusa Dem\u00e9ter.<\/p>\n<p>A legitimidade divina do rito n\u00e3o apenas conferia autoridade espiritual ao culto, mas tamb\u00e9m garantia sua imutabilidade ao longo dos s\u00e9culos.<\/p>\n<p>Ao contr\u00e1rio de outros festivais gregos sujeitos a reformas pol\u00edticas ou adapta\u00e7\u00f5es locais, os Mist\u00e9rios de El\u00eausis mantiveram-se sob a cust\u00f3dia heredit\u00e1ria de duas fam\u00edlias sacerdotais, os Eum\u00f3lpidas e os C\u00e9rices, cuja autoridade remontava \u00e0 \u00e9poca m\u00edtica.<\/p>\n<p>Esta continuidade institucional, combinada com o respaldo do estado ateniense desde o s\u00e9culo VI a.C., tornou El\u00eausis um santu\u00e1rio pan-hel\u00eanico de primeira ordem, compar\u00e1vel em prest\u00edgio ao or\u00e1culo de Delfos, embora com uma orienta\u00e7\u00e3o profundamente pessoal e transformadora.<\/p>\n<h2>Fases do ritual e o uso do &#8220;kykeon&#8221;<\/h2>\n<p>Sabemos que se desenvolviam diferentes n\u00edveis de inicia\u00e7\u00e3o e que existiam tr\u00eas categorias diferentes de conhecimento: Dr\u00f3mena (o que se representava), Deikn\u00famena (o que se mostrava) e Log\u00f3mena (o que se explicava).<\/p>\n<p>Os Mist\u00e9rios de El\u00eausis dividiam-se em duas partes que aconteciam em diferentes \u00e9pocas do ano: os &#8220;Pequenos Mist\u00e9rios&#8221;, uma inicia\u00e7\u00e3o preliminar que implicava uma purifica\u00e7\u00e3o e que se celebrava em Agrae (um sub\u00farbio de Atenas) durante a primavera, e os &#8220;Grandes Mist\u00e9rios&#8221; em El\u00eausis, que teriam lugar no outono, no final de setembro, para aqueles j\u00e1 purificados nos ritos de primavera.<\/p>\n<p>Os participantes passariam certo n\u00famero de dias em Atenas preparando-se para esta segunda parte do culto.<\/p>\n<p>Deve-se notar que a dura\u00e7\u00e3o e a frequ\u00eancia destas celebra\u00e7\u00f5es continuam a ser, at\u00e9 hoje, objeto de acalorados debates entre alguns historiadores.<\/p>\n<p>Uma parte essencial dos ritos de El\u00eausis era o consumo de uma bebida chamada &#8220;Kykeon&#8221;, uma infus\u00e3o preparada a partir de \u00e1gua, cevada e hortel\u00e3 sacramentais.<\/p>\n<p>Sugeriu-se que o &#8220;kykeon&#8221; poderia ter contido em sua composi\u00e7\u00e3o o fungo ergot (Claviceps purpurea), misturado possivelmente com outros alucin\u00f3genos que deste modo teriam produzido uma intensa experi\u00eancia psicod\u00e9lica coletiva nos iniciados, ajudando-os em sua transforma\u00e7\u00e3o.<\/p>\n<figure id=\"attachment_45407\" aria-describedby=\"caption-attachment-45407\" style=\"width: 400px\" class=\"wp-caption aligncenter\"><img loading=\"lazy\" decoding=\"async\" class=\"wp-image-45407\" title=\"Hongo cornezuelo del centeno\" src=\"https:\/\/www.thebeertimes.com\/wp-content\/uploads\/2024\/02\/Hongo-cornezuelo-300x199.jpg\" alt=\"Hongo cornezuelo del centeno\" width=\"400\" height=\"265\" srcset=\"https:\/\/www.thebeertimes.com\/wp-content\/uploads\/2024\/02\/Hongo-cornezuelo-300x199.jpg 300w, https:\/\/www.thebeertimes.com\/wp-content\/uploads\/2024\/02\/Hongo-cornezuelo-270x180.jpg 270w, https:\/\/www.thebeertimes.com\/wp-content\/uploads\/2024\/02\/Hongo-cornezuelo-370x245.jpg 370w, https:\/\/www.thebeertimes.com\/wp-content\/uploads\/2024\/02\/Hongo-cornezuelo.jpg 500w\" sizes=\"auto, (max-width: 400px) 100vw, 400px\" \/><figcaption id=\"caption-attachment-45407\" class=\"wp-caption-text\">Fungo Ergot<\/figcaption><\/figure>\n<p>Ap\u00f3s beber o &#8220;kykeon&#8221;, os iniciados entravam no Telesterion, um espa\u00e7o que se assemelhava a um teatro subterr\u00e2neo, onde acontecia a fase secreta do ritual.<\/p>\n<p>Os historiadores acreditam que esta parte do rito constitu\u00eda uma representa\u00e7\u00e3o simb\u00f3lica da morte e posterior renascimento de Pers\u00e9fone.<\/p>\n<h2>Poss\u00edveis significados das festividades<\/h2>\n<p>Acredita-se que o significado destas festividades orbitaria em torno da representa\u00e7\u00e3o simb\u00f3lica da busca de Pers\u00e9fone por sua m\u00e3e, Dem\u00e9ter.<\/p>\n<p>Uma teoria bastante aceita \u00e9 que Dem\u00e9ter e Pers\u00e9fone simbolizam a vida, a morte e at\u00e9 mesmo a imortalidade; que estes s\u00edmbolos davam ao iniciado confian\u00e7a para enfrentar a morte e a promessa da felicidade nos escuros dom\u00ednios de Hades.<\/p>\n<p>Seja o que for que acontecia no Telesterion, os que entravam nele sa\u00edam na manh\u00e3 seguinte radicalmente transformados.<\/p>\n<p>Segundo os estudos realizados por George Mylonas, a crescente popularidade deste culto levou \u00e0 expans\u00e3o do templo original de Dem\u00e9ter em El\u00eausis.<\/p>\n<p>Naqueles dias da antiguidade, explica Mylonas:<\/p>\n<blockquote><p>Gente de todos os cantos do mundo civilizado, homens, mulheres e crian\u00e7as \u2014 homens e mulheres livres e n\u00e3o manchados pelo crime \u2014 at\u00e9 mesmo escravos, aspiravam ser iniciados em seus mist\u00e9rios e acorriam todos os anos maci\u00e7amente ao santu\u00e1rio de El\u00eausis. N\u00e3o apenas simples camponeses, mas at\u00e9 l\u00edderes pol\u00edticos e intelectuais estavam ansiosos para tomar parte nos ritos.<\/p><\/blockquote>\n<p>Mas para poder participar nos Grandes Mist\u00e9rios, os iniciados estavam obrigados a passar primeiro pela fase preliminar do ritual, a purifica\u00e7\u00e3o prescrita por Dem\u00e9ter.<\/p><div id=\"thebe-776898758\" class=\"thebe-libros-amazon thebe-entity-placement\" style=\"margin-left: auto;margin-right: auto;text-align: center;\"><div style=\"background-color: #ffffff; border: 1px solid #ccc; border-radius: 12px; padding: 16px; max-width: 320px; margin: 20px auto; text-align: center; font-family: helvetica, arial, sans-serif;\">\n<p><a href=\"https:\/\/amzn.to\/3LddZmQ\"><img loading=\"lazy\" decoding=\"async\" class=\"wp-image-43340 aligncenter\" src=\"https:\/\/www.thebeertimes.com\/wp-content\/uploads\/2025\/05\/Catar-cerveza-300x300.jpg\" alt=\"Gu\u00eda Pr\u00e1ctica Catar Cerveza Amazon\" width=\"200\" height=\"199\" srcset=\"https:\/\/www.thebeertimes.com\/wp-content\/uploads\/2025\/05\/Catar-cerveza-300x300.jpg 300w, https:\/\/www.thebeertimes.com\/wp-content\/uploads\/2025\/05\/Catar-cerveza-150x150.jpg 150w, https:\/\/www.thebeertimes.com\/wp-content\/uploads\/2025\/05\/Catar-cerveza-370x370.jpg 370w, https:\/\/www.thebeertimes.com\/wp-content\/uploads\/2025\/05\/Catar-cerveza.jpg 500w\" sizes=\"auto, (max-width: 200px) 100vw, 200px\" \/><\/a><\/p>\n<p style=\"color: #0000ff; font-weight: bold; margin: 8px 0; line-height: 1.2;\"><a href=\"https:\/\/amzn.to\/3LddZmQ\" target=\"_blank\" rel=\"nofollow\"><span style=\"font-size: 11pt;\">Gu\u00eda pr\u00e1ctica para catar cerveza: C\u00f3mo apreciar correctamente todas las cervezas del mundo<\/span><\/a><\/p>\n<p><a class=\"fasc-button fasc-size-medium fasc-type-flat fasc-rounded-medium fasc-ico-before dashicons-cart\" style=\"background-color: #ff9900; color: #000000;\" target=\"_blank\" rel=\"nofollow\" href=\"https:\/\/amzn.to\/3LddZmQ\">Comprar en Amazon<\/a><\/p>\n<\/div>\n<\/div>\n<p>Uma famosa passagem de Arist\u00f3teles em rela\u00e7\u00e3o aos iniciados dos Mist\u00e9rios assinala que aqueles indiv\u00edduos ficavam dignificados n\u00e3o tanto porque aprendiam algo novo (mathein), mas porque sofriam ou experimentavam (pathein) algo relacionado ao processo de transforma\u00e7\u00e3o, como bem explica Nancy A. Evans.<\/p>\n<p>O fator determinante principal para a participa\u00e7\u00e3o nesta poderosa experi\u00eancia era o acesso aos recursos, pois estava aberto a todo aquele que se encontrasse livre de crimes.<\/p>\n<p>Todo iniciado devia comprar leit\u00f5ezinhos e pagar 15 dracmas ao sacerdote para custear as despesas dos grandes sacrif\u00edcios c\u00edvicos nos primeiros e \u00faltimos dias do festival.<\/p>\n<p>O sexo, a idade, a origem \u00e9tnica e a posi\u00e7\u00e3o social \u2014 cidad\u00e3o, meteco ou escravo \u2014 desempenhavam em El\u00eausis um papel diferente do de praticamente qualquer outro tipo de experi\u00eancia dos cultos pan-hel\u00eanicos.<\/p>\n<figure id=\"attachment_45408\" aria-describedby=\"caption-attachment-45408\" style=\"width: 400px\" class=\"wp-caption aligncenter\"><img loading=\"lazy\" decoding=\"async\" class=\"wp-image-45408\" title=\"Dem\u00e9ter y Pers\u00e9fone\" src=\"https:\/\/www.thebeertimes.com\/wp-content\/uploads\/2024\/02\/Demeter-y-Persefone-300x199.jpg\" alt=\"Dem\u00e9ter y Pers\u00e9fone\" width=\"400\" height=\"265\" srcset=\"https:\/\/www.thebeertimes.com\/wp-content\/uploads\/2024\/02\/Demeter-y-Persefone-300x199.jpg 300w, https:\/\/www.thebeertimes.com\/wp-content\/uploads\/2024\/02\/Demeter-y-Persefone-270x180.jpg 270w, https:\/\/www.thebeertimes.com\/wp-content\/uploads\/2024\/02\/Demeter-y-Persefone-370x245.jpg 370w, https:\/\/www.thebeertimes.com\/wp-content\/uploads\/2024\/02\/Demeter-y-Persefone.jpg 500w\" sizes=\"auto, (max-width: 400px) 100vw, 400px\" \/><figcaption id=\"caption-attachment-45408\" class=\"wp-caption-text\">Dem\u00e9ter e Pers\u00e9fone<\/figcaption><\/figure>\n<h2>Distintos iniciados em El\u00eausis<\/h2>\n<p>Plat\u00e3o, iniciado nos mist\u00e9rios de El\u00eausis, fala deles em seu di\u00e1logo &#8220;F\u00e9don&#8221; sobre a imortalidade da alma, afirmando:<\/p>\n<blockquote><p>Nossos mist\u00e9rios tinham um significado muito real: aquele que fosse purificado e iniciado viveria junto aos deuses.<\/p><\/blockquote>\n<p>Joshua J. Mark aponta que Plutarco, tamb\u00e9m um iniciado, escrevia a respeito:<\/p>\n<blockquote><p>Por causa destas devotas e sagradas promessas dadas nos mist\u00e9rios, aderimos firmemente \u00e0 verdade indiscut\u00edvel de que nossa alma \u00e9 incorrupt\u00edvel e imortal. Quando um homem morre, \u00e9 como aqueles que foram iniciados nos mist\u00e9rios. Toda a nossa vida \u00e9 uma travessia por caminhos tortuosos sem sa\u00edda.<\/p><\/blockquote>\n<p>Continua Plutarco:<\/p>\n<blockquote><p>No momento de abandon\u00e1-la (a vida), somos assaltados pelo terror, estupor, medos estremecedores. \u00c9 ent\u00e3o que uma luz sai ao nosso encontro, prados puros que nos recebem, can\u00e7\u00f5es, dan\u00e7as e santas apari\u00e7\u00f5es.<\/p><\/blockquote>\n<p>C\u00edcero elogiava os mist\u00e9rios escrevendo:<\/p>\n<blockquote><p>Nada \u00e9 mais elevado do que estes mist\u00e9rios [\u2026] n\u00e3o apenas nos mostraram como viver com alegria, mas nos ensinaram tamb\u00e9m como morrer com esperan\u00e7a.<\/p><\/blockquote>\n<p>Nas palavras de Waverly Fitzgerald:<\/p>\n<blockquote><p>Dizia-se daqueles que eram iniciados em El\u00eausis que n\u00e3o voltavam a temer a morte, e parece que este mito confirmava a vis\u00e3o c\u00edclica da vida que constitui o centro da espiritualidade pag\u00e3: a morte como parte do ciclo da vida, e sempre seguida por um renascimento.<\/p><\/blockquote>\n<p>Esta abordagem c\u00edclica contrastava radicalmente com a vis\u00e3o hom\u00e9rica do Hades como um reino sombrio e est\u00e1tico, habitado por sombras sem consci\u00eancia plena.<\/p>\n<p>Os Mist\u00e9rios ofereciam, em vez disso, uma cosmologia din\u00e2mica na qual a morte n\u00e3o era um fim absoluto, mas uma transi\u00e7\u00e3o necess\u00e1ria para uma nova forma de exist\u00eancia. Esta promessa n\u00e3o era meramente metaf\u00edsica; tinha implica\u00e7\u00f5es \u00e9ticas e comunit\u00e1rias.<\/p>\n<p>Ao experimentar simbolicamente a perda e recupera\u00e7\u00e3o de Pers\u00e9fone, os iniciados internalizavam uma narrativa de esperan\u00e7a que fortalecia seu compromisso com a justi\u00e7a, a piedade e a solidariedade humana.<\/p>\n<p>N\u00e3o \u00e9 coincid\u00eancia que figuras como S\u00f3crates, embora n\u00e3o se saiba se foi iniciado, expressassem ideias afins sobre a imortalidade da alma e a recompensa post mortem para os justos.<\/p>\n<div id=\"thebe-46645326\" style=\"margin-bottom: 20px;margin-left: auto;margin-right: auto;text-align: center;\"><script async src=\"\/\/pagead2.googlesyndication.com\/pagead\/js\/adsbygoogle.js?client=ca-pub-9395258998211551\" crossorigin=\"anonymous\"><\/script><ins class=\"adsbygoogle\" style=\"display:block; text-align:center;\" data-ad-client=\"ca-pub-9395258998211551\" \ndata-ad-slot=\"1179889612\" \ndata-ad-layout=\"in-article\"\ndata-ad-format=\"fluid\"><\/ins>\n<script> \n(adsbygoogle = window.adsbygoogle || []).push({}); \n<\/script>\n<\/div>\n<h2>O fim dos Mist\u00e9rios de El\u00eausis<\/h2>\n<p>Durante os s\u00e9culos V a.C. e IV a.C., os Mist\u00e9rios de El\u00eausis alcan\u00e7aram rapidamente a categoria de culto mist\u00e9rico mais importante e com maior aflu\u00eancia de devotos do mundo de l\u00edngua grega, uma posi\u00e7\u00e3o que manteve ao longo de toda a antiguidade at\u00e9 que o imperador Teod\u00f3sio decretou \u00e9ditos contra os cultos mist\u00e9ricos no final do s\u00e9culo IV d.C.<\/p>\n<p>O golpe definitivo veio no ano 396 d.C., quando o general godo Alarico saqueou El\u00eausis durante sua invas\u00e3o da \u00c1tica.<\/p>\n<p>Embora o culto j\u00e1 tivesse sido oficialmente proibido por Teod\u00f3sio em 392 d.C. como parte de sua campanha para impor o cristianismo niceno como religi\u00e3o \u00fanica do Imp\u00e9rio, o saque f\u00edsico do santu\u00e1rio marcou o colapso irrevers\u00edvel de sua infraestrutura ritual.<\/p>\n<p>Os sacerdotes sobreviventes, privados de rendimentos, prote\u00e7\u00e3o estatal e peregrinos, n\u00e3o puderam manter viva a tradi\u00e7\u00e3o oral. Com eles, extinguiu-se a cadeia ininterrupta de transmiss\u00e3o que, segundo a lenda, remontava \u00e0 pr\u00f3pria Dem\u00e9ter.<\/p>\n<p>A destrui\u00e7\u00e3o de El\u00eausis simbolizou o fim de uma era espiritual que tinha oferecido consolo existencial a gera\u00e7\u00f5es durante mais de mil anos.<\/p>\n<p>Os historiadores sabem positivamente que aqueles que participavam nos Mist\u00e9rios mudavam para sempre de forma positiva e que deixavam de temer a morte.<\/p>\n<p>Os iniciados regressavam da sua peregrina\u00e7\u00e3o a El\u00eausis alegres e felizes, cheios de esperan\u00e7a numa vida melhor no mundo das sombras, mas como bem aponta Mylonas:<\/p>\n<blockquote><p>O mundo antigo guardou muito bem o seu segredo e os Mist\u00e9rios de El\u00eausis continuam por desvendar.<\/p><\/blockquote>\n<h2>Perguntas frequentes (FAQ)<\/h2>\n<h3>1. Qual era o papel do Telesterion?<\/h3>\n<p>O Telesterion era o edif\u00edcio central de El\u00eausis onde se realizava a parte mais sagrada e secreta do ritual. Funcionava como um espa\u00e7o fechado, semelhante a um teatro, no qual os iniciados presenciavam ou experimentavam a revela\u00e7\u00e3o final dos mist\u00e9rios, simbolizando a morte e o renascimento espiritual.<\/p>\n<h3>2. Existiam puni\u00e7\u00f5es por revelar os mist\u00e9rios?<\/h3>\n<p>Sim, revelar os segredos dos Mist\u00e9rios era punido com a morte ou o ex\u00edlio. O caso mais c\u00e9lebre \u00e9 o do orador \u00c9squines, acusado de ter revelado detalhes do culto, e o do fil\u00f3sofo Di\u00f3genes de Apol\u00f4nia, cuja execu\u00e7\u00e3o se acredita relacionada com a transgress\u00e3o deste segredo.<\/p>\n<h3>3. O que simbolizava o mito de Dem\u00e9ter e Pers\u00e9fone?<\/h3>\n<p>O mito de Dem\u00e9ter e Pers\u00e9fone representava o ciclo das esta\u00e7\u00f5es, a fertilidade da terra e a promessa de vida ap\u00f3s a morte. Para os iniciados, a hist\u00f3ria oferecia uma orienta\u00e7\u00e3o espiritual sobre o sofrimento, a perda, a renova\u00e7\u00e3o e a imortalidade da alma.<\/p>\n<h3>4. Quanto tempo duravam os Grandes Mist\u00e9rios?<\/h3>\n<p>Os Grandes Mist\u00e9rios duravam aproximadamente nove dias. Inclu\u00edam prociss\u00f5es, jejuns, purifica\u00e7\u00f5es rituais, sacrif\u00edcios, o consumo do kykeon e, finalmente, a cerim\u00f4nia secreta no Telesterion. Cada etapa simbolizava uma transi\u00e7\u00e3o espiritual para o iniciado.<\/p>\n<h3>5. Por que s\u00e3o considerados uma das bases da espiritualidade ocidental?<\/h3>\n<p>Porque ofereciam uma experi\u00eancia m\u00edstica transformadora que influenciou profundamente pensadores como Plat\u00e3o, e estabeleceram uma rela\u00e7\u00e3o direta entre o rito, a filosofia e a imortalidade da alma. Muitos elementos do misticismo ocidental, at\u00e9 mesmo do cristianismo primitivo, apresentam paralelismos com esta antiga tradi\u00e7\u00e3o inici\u00e1tica.<\/p>\n<h3>6. O ergot \u00e9 um precursor do LSD?<\/h3>\n<p>Sim. O LSD (dietilamida do \u00e1cido lis\u00e9rgico) foi sintetizado em 1938 a partir de compostos derivados do ergot, um fungo parasita conhecido cientificamente como Claviceps purpurea. Este fungo cont\u00e9m alcaloides ergol\u00ednicos, como a ergotamina, dos quais se pode extrair \u00e1cido lis\u00e9rgico, o componente base do LSD.<\/p>\n<h2>Recomendamos<\/h2><div id=\"thebe-3714309814\" class=\"thebe-adsterra-300-x-250 thebe-entity-placement\" style=\"margin-top: 15px;margin-left: auto;margin-right: auto;text-align: center;\"><script async src=\"\/\/pagead2.googlesyndication.com\/pagead\/js\/adsbygoogle.js?client=ca-pub-9395258998211551\" crossorigin=\"anonymous\"><\/script><ins class=\"adsbygoogle\" style=\"display:block;\" data-ad-client=\"ca-pub-9395258998211551\" \ndata-ad-slot=\"1930811761\" \ndata-ad-format=\"auto\"><\/ins>\n<script> \n(adsbygoogle = window.adsbygoogle || []).push({}); \n<\/script>\n<\/div>\n<ul>\n<li><a href=\"https:\/\/www.thebeertimes.com\/joseph-l-owades-el-bioquimico-que-invento-las-cervezas-light\/\">Joseph L. Owades, o bioqu\u00edmico que inventou as cervejas &#8220;light&#8221;<\/a><\/li>\n<li><a href=\"https:\/\/www.thebeertimes.com\/negroni-historia-y-consejos-para-preparar-un-coctel-fascinante\/\" target=\"_blank\" rel=\"noopener\">Negroni: Hist\u00f3ria e dicas para preparar um coquetel fascinante<\/a><\/li>\n<\/ul>\n<div id=\"thebe-1469761947\" class=\"thebe-adskeeper-fin-articulo thebe-entity-placement\" style=\"margin-top: 20px;margin-left: auto;margin-right: auto;text-align: center;\"><div data-type=\"_mgwidget\" data-widget-id=\"1705281\">\r\n<\/div>\r\n<script>(function(w,q){w[q]=w[q]||[];w[q].push([\"_mgc.load\"])})(window,\"_mgq\");\r\n<\/script><\/div>","protected":false},"excerpt":{"rendered":"<p>Uma parte essencial dos ritos de El\u00eausis era o consumo de uma bebida chamada &#8216;Kykeon&#8217;, uma infus\u00e3o preparada a partir de \u00e1gua, cevada e hortel\u00e3 sacramentais, que se acredita ter contido tamb\u00e9m fungo ergot, precursor do LSD.<\/p>\n","protected":false},"author":1,"featured_media":39912,"comment_status":"closed","ping_status":"closed","sticky":false,"template":"","format":"standard","meta":{"wpai_generated_summary":"","footnotes":""},"categories":[21125,21159],"tags":[21225,21128,21586,21138],"class_list":["post-46739","post","type-post","status-publish","format-standard","has-post-thumbnail","category-cultura-pt-br","category-historia-pt-br","tag-cevada","tag-cultura-pt-br","tag-grecia","tag-historia-pt-br"],"_links":{"self":[{"href":"https:\/\/www.thebeertimes.com\/pt-br\/wp-json\/wp\/v2\/posts\/46739","targetHints":{"allow":["GET"]}}],"collection":[{"href":"https:\/\/www.thebeertimes.com\/pt-br\/wp-json\/wp\/v2\/posts"}],"about":[{"href":"https:\/\/www.thebeertimes.com\/pt-br\/wp-json\/wp\/v2\/types\/post"}],"author":[{"embeddable":true,"href":"https:\/\/www.thebeertimes.com\/pt-br\/wp-json\/wp\/v2\/users\/1"}],"replies":[{"embeddable":true,"href":"https:\/\/www.thebeertimes.com\/pt-br\/wp-json\/wp\/v2\/comments?post=46739"}],"version-history":[{"count":1,"href":"https:\/\/www.thebeertimes.com\/pt-br\/wp-json\/wp\/v2\/posts\/46739\/revisions"}],"predecessor-version":[{"id":46740,"href":"https:\/\/www.thebeertimes.com\/pt-br\/wp-json\/wp\/v2\/posts\/46739\/revisions\/46740"}],"wp:featuredmedia":[{"embeddable":true,"href":"https:\/\/www.thebeertimes.com\/pt-br\/wp-json\/wp\/v2\/media\/39912"}],"wp:attachment":[{"href":"https:\/\/www.thebeertimes.com\/pt-br\/wp-json\/wp\/v2\/media?parent=46739"}],"wp:term":[{"taxonomy":"category","embeddable":true,"href":"https:\/\/www.thebeertimes.com\/pt-br\/wp-json\/wp\/v2\/categories?post=46739"},{"taxonomy":"post_tag","embeddable":true,"href":"https:\/\/www.thebeertimes.com\/pt-br\/wp-json\/wp\/v2\/tags?post=46739"}],"curies":[{"name":"wp","href":"https:\/\/api.w.org\/{rel}","templated":true}]}}