{"id":47023,"date":"2023-07-18T12:02:26","date_gmt":"2023-07-18T16:02:26","guid":{"rendered":"https:\/\/www.thebeertimes.com\/?p=47023"},"modified":"2026-07-18T12:19:19","modified_gmt":"2026-07-18T16:19:19","slug":"sao-arnoldo-de-metz-santo-padroeiro-dos-cervejeiros","status":"publish","type":"post","link":"https:\/\/www.thebeertimes.com\/pt-br\/sao-arnoldo-de-metz-santo-padroeiro-dos-cervejeiros\/","title":{"rendered":"Quem foi S\u00e3o Arnulfo de Metz? O santo padroeiro da cerveja na tradi\u00e7\u00e3o cat\u00f3lica"},"content":{"rendered":"<div id=\"thebe-3610670348\" class=\"thebe-antes-del-contenido-3-2 thebe-entity-placement\">\n            <div \n                class=\"elfsight-widget-popup elfsight-widget\" \n                data-elfsight-popup-options=\"%7B%22blocks%22%3A%5B%7B%22id%22%3A%22babc7e96-e195-4da3-a8c5-7072d42f2f5c%22%2C%22type%22%3A%22image%22%2C%22imageFile%22%3A%7B%22type%22%3A%22uploaded%22%2C%22data%22%3A%7B%22name%22%3A%2261fKvUY%2BdpL._SL1500_%22%2C%22url%22%3A%22https%3A%5C%2F%5C%2Fwww.thebeertimes.com%5C%2Fwp-content%5C%2Fuploads%5C%2F2026%5C%2F02%5C%2F61fKvUYdpL._SL1500_.jpg%22%2C%22size%22%3A53499%2C%22type%22%3A%22image%22%2C%22extension%22%3A%22jpeg%22%2C%22width%22%3A940%2C%22height%22%3A1500%2C%22ext%22%3A%22jpeg%22%7D%7D%2C%22imageScale%22%3A60%7D%2C%7B%22id%22%3A%226689e0da-ab1d-42a0-ac83-457ff13f91dd%22%2C%22type%22%3A%22button%22%2C%22buttonText%22%3A%22Comprar%20na%20AMAZON%22%2C%22buttonAction%22%3A%22redirect%22%2C%22buttonStyle%22%3A%22filled%22%2C%22buttonShape%22%3A%22rectangle%22%2C%22buttonColor%22%3A%22rgb%28255%2C%2038%2C%2067%29%22%2C%22buttonFontSize%22%3A16%2C%22label%22%3A%22Button%22%2C%22buttonUrl%22%3A%22https%3A%5C%2F%5C%2Fwww.amazon.com%5C%2Fdp%5C%2FB0GDGJJWD2%22%7D%5D%2C%22layout%22%3A%22modal%22%2C%22width%22%3A500%2C%22popupBlocksAlignment%22%3A%22center%22%2C%22popupShape%22%3A%22rounded%22%2C%22popupBackgroundColor%22%3A%22rgb%28255%2C%20255%2C%20255%29%22%2C%22popupBackgroundImage%22%3Anull%2C%22popupBackgroundImageOverlayColor%22%3A%22%22%2C%22overlayVisible%22%3Atrue%2C%22overlayClose%22%3Atrue%2C%22overlayBackgroundColor%22%3A%22rgba%2817%2C%2017%2C%2017%2C%200.7%29%22%2C%22overlayBackgroundImage%22%3Anull%2C%22overlayBackgroundImageOverlayColor%22%3A%22%22%2C%22closeButtonVisible%22%3Atrue%2C%22closeButtonColor%22%3A%22rgba%2817%2C%2017%2C%2017%2C%200.7%29%22%2C%22triggerPageLoadEnabled%22%3Afalse%2C%22triggerTimeOnPageEnabled%22%3Afalse%2C%22triggerTimeOnPageDuration%22%3A30%2C%22triggerScrollEnabled%22%3Atrue%2C%22triggerScrollPosition%22%3A25%2C%22triggerScrollToElementEnabled%22%3Afalse%2C%22triggerScrollToElementId%22%3Anull%2C%22triggerClickEnabled%22%3Afalse%2C%22triggerClickElementId%22%3Anull%2C%22triggerExitIntentEnabled%22%3Afalse%2C%22displayFrequency%22%3A%22everytime%22%2C%22displayPages%22%3A%22allPages%22%2C%22displayExcludedPages%22%3A%5B%5D%2C%22displaySpecificPages%22%3A%5B%5D%2C%22displayDevices%22%3A%5B%22desktop%22%2C%22tablet%22%2C%22mobile%22%5D%2C%22widgetId%22%3A%225%22%7D\" \n                data-elfsight-popup-version=\"1.0.0\"\n                data-elfsight-widget-id=\"elfsight-popup-5\">\n            <\/div>\n            <\/div><div id=\"thebe-3232200306\" class=\"thebe-fuente-preferida-2 thebe-entity-placement\" style=\"margin-bottom: 30px;margin-left: auto;margin-right: auto;text-align: center;\"><a href=\"https:\/\/www.google.com\/preferences\/source?q=thebeertimes.com\" target=\"_blank\" aria-label=\"A\u00f1adir como fuente preferida en google\"><img loading=\"lazy\" decoding=\"async\" src=\"https:\/\/www.thebeertimes.com\/wp-content\/uploads\/2026\/07\/Anadir-como-fuente-preferida-en-google-1.jpg\" alt=\"\"  srcset=\"https:\/\/www.thebeertimes.com\/wp-content\/uploads\/2026\/07\/Anadir-como-fuente-preferida-en-google-1.jpg 638w, https:\/\/www.thebeertimes.com\/wp-content\/uploads\/2026\/07\/Anadir-como-fuente-preferida-en-google-1-300x60.jpg 300w\" sizes=\"(max-width: 638px) 100vw, 638px\" width=\"175\" height=\"127\"  style=\"display: inline-block;\" \/><\/a><\/div><p>S\u00e3o Arnoldo de Metz (13 de agosto de 582 \u2013 18 de julho de 640) nasceu em Austr\u00e1sia (atual sudoeste da Fran\u00e7a) no seio de uma fam\u00edlia abastada.<\/p>\n<figure id=\"attachment_12088\" aria-describedby=\"caption-attachment-12088\" style=\"width: 600px\" class=\"wp-caption aligncenter\"><img loading=\"lazy\" decoding=\"async\" class=\"wp-image-12088 size-full\" title=\"S\u00e3o Arnoldo\" src=\"https:\/\/www.thebeertimes.com\/wp-content\/uploads\/2016\/09\/San-Arnulfo.jpg\" alt=\"S\u00e3o Arnoldo\" width=\"600\" height=\"315\" srcset=\"https:\/\/www.thebeertimes.com\/wp-content\/uploads\/2016\/09\/San-Arnulfo.jpg 600w, https:\/\/www.thebeertimes.com\/wp-content\/uploads\/2016\/09\/San-Arnulfo-300x158.jpg 300w, https:\/\/www.thebeertimes.com\/wp-content\/uploads\/2016\/09\/San-Arnulfo-114x60.jpg 114w\" sizes=\"auto, (max-width: 600px) 100vw, 600px\" \/><figcaption id=\"caption-attachment-12088\" class=\"wp-caption-text\">S\u00e3o Arnoldo de Metz<\/figcaption><\/figure>\n<p>Sua figura se destaca como um dos primeiros casos de transi\u00e7\u00e3o do poder civil ao eclesi\u00e1stico dentro da nobreza franca. De acordo com os costumes da \u00e9poca, sua fam\u00edlia o enviou durante a adolesc\u00eancia para servir na corte do <a href=\"https:\/\/pt.wikipedia.org\/wiki\/Teodeberto_II\" target=\"_blank\" rel=\"noopener\">rei Teodeberto II<\/a> para ser iniciado nos diversos ramos do governo.<\/p>\n<div id=\"thebe-2840265767\" style=\"margin-bottom: 30px;\"><script async src=\"\/\/pagead2.googlesyndication.com\/pagead\/js\/adsbygoogle.js?client=ca-pub-9395258998211551\" crossorigin=\"anonymous\"><\/script><ins class=\"adsbygoogle\" style=\"display:block;\" data-ad-client=\"ca-pub-9395258998211551\" \ndata-ad-slot=\"8775458773\" \ndata-ad-format=\"auto\"><\/ins>\n<script> \n(adsbygoogle = window.adsbygoogle || []).push({}); \n<\/script>\n<\/div>\n\n<h2>S\u00e3o Arnoldo e sua vida civil<\/h2>\n<p>Sob a orienta\u00e7\u00e3o de Gondulf, o prefeito do pal\u00e1cio, ele logo se tornou t\u00e3o habilidoso que foi colocado na lista regular dos oficiais reais e foi considerado um dos principais ministros do rei, onde se destacou como comandante militar e administrador civil.<\/p>\n<p>J\u00e1 adulto, Arnoldo se casou com uma mulher da nobreza chamada Doda, com quem teve dois filhos, Ansegis e Clodulfo, mas seus pensamentos frequentes se voltavam para temas religiosos.<\/p>\n<p>Foi assim que, anos depois, junto com seu amigo Romarico \u2014 oficial da corte como ele \u2014, decidiu planejar um retiro para a abadia de L\u00e9rins, evidentemente com o prop\u00f3sito de dedicar sua vida a Deus.<\/p>\n<h2>Rela\u00e7\u00e3o com a dinastia carol\u00edngia<\/h2>\n<p>Arnoldo n\u00e3o foi apenas uma figura relevante por si mesmo, mas tamb\u00e9m por sua linhagem. Seu filho Ansegis se casou com Begga, filha de Pepino de Landen. Esta uni\u00e3o fundou a dinastia dos Arnulfingos, precursora da futura casa carol\u00edngia.<\/p>\n<p>Portanto, S\u00e3o Arnoldo \u00e9 considerado um dos ancestrais diretos de Carlos Magno, o que o vincula \u00e0 consolida\u00e7\u00e3o do Imp\u00e9rio Carol\u00edngio e \u00e0 posterior expans\u00e3o do cristianismo na Europa ocidental.<\/p>\n<h2>S\u00e3o Arnoldo, bispo de Metz<\/h2>\n<p>Durante esse per\u00edodo, a s\u00e9 episcopal de Metz ficou vaga e, em consequ\u00eancia, aos 32 anos de idade, no ano 612, Arnoldo foi sagrado bispo de Metz.<\/p>\n<p>Em sua nova posi\u00e7\u00e3o, o agora bispo Arnoldo estabeleceu o exemplo de uma vida virtuosa para seus s\u00faditos, ao mesmo tempo em que atendia aos assuntos do governo eclesi\u00e1stico.<\/p>\n<p>J\u00e1 nessa \u00e9poca, Arnoldo constantemente alertava os membros de sua Igreja sobre <a href=\"https:\/\/www.thebeertimes.com\/es\/es-la-mala-calidad-del-agua-en-la-edad-media-solo-un-mito\/\" target=\"_blank\" rel=\"noopener\">o perigo de beber \u00e1gua<\/a>, que devido \u00e0 peste estava habitualmente contaminada, pedindo a sua congrega\u00e7\u00e3o que bebesse apenas cerveja.<\/p>\n<p>Em 627, Arnoldo se retirou definitivamente para um mosteiro pr\u00f3ximo a Remiremont, na Fran\u00e7a, onde morreu e foi sepultado no ano 640.<\/p>\n<h2>A peste e a cerveja como medicina<\/h2>\n<p>Durante seu episcopado, Metz foi atingida por surtos de peste e c\u00f3lera. Diante da insalubridade da \u00e1gua, Arnoldo promoveu o consumo de cerveja, que, por ser fervida durante sua elabora\u00e7\u00e3o, era mais segura.<\/p>\n<p>Nesse contexto, a cerveja n\u00e3o era apenas uma bebida recreativa, mas uma alternativa higi\u00eanica e medicinal. Essa preocupa\u00e7\u00e3o pastoral com o bem-estar f\u00edsico de seu povo refor\u00e7ou sua popularidade e cimentou sua rela\u00e7\u00e3o simb\u00f3lica com a cerveja.<\/p><div id=\"thebe-3944347586\" class=\"thebe-libros-amazon thebe-entity-placement\" style=\"margin-left: auto;margin-right: auto;text-align: center;\"><div style=\"background-color: #ffffff; border: 1px solid #ccc; border-radius: 12px; padding: 16px; max-width: 320px; margin: 20px auto; text-align: center; font-family: helvetica, arial, sans-serif;\">\n<p><a href=\"https:\/\/amzn.to\/3LddZmQ\"><img loading=\"lazy\" decoding=\"async\" class=\"wp-image-43340 aligncenter\" src=\"https:\/\/www.thebeertimes.com\/wp-content\/uploads\/2025\/05\/Catar-cerveza-300x300.jpg\" alt=\"Gu\u00eda Pr\u00e1ctica Catar Cerveza Amazon\" width=\"200\" height=\"199\" srcset=\"https:\/\/www.thebeertimes.com\/wp-content\/uploads\/2025\/05\/Catar-cerveza-300x300.jpg 300w, https:\/\/www.thebeertimes.com\/wp-content\/uploads\/2025\/05\/Catar-cerveza-150x150.jpg 150w, https:\/\/www.thebeertimes.com\/wp-content\/uploads\/2025\/05\/Catar-cerveza-370x370.jpg 370w, https:\/\/www.thebeertimes.com\/wp-content\/uploads\/2025\/05\/Catar-cerveza.jpg 500w\" sizes=\"auto, (max-width: 200px) 100vw, 200px\" \/><\/a><\/p>\n<p style=\"color: #0000ff; font-weight: bold; margin: 8px 0; line-height: 1.2;\"><a href=\"https:\/\/amzn.to\/3LddZmQ\" target=\"_blank\" rel=\"nofollow\"><span style=\"font-size: 11pt;\">Gu\u00eda pr\u00e1ctica para catar cerveza: C\u00f3mo apreciar correctamente todas las cervezas del mundo<\/span><\/a><\/p>\n<p><a class=\"fasc-button fasc-size-medium fasc-type-flat fasc-rounded-medium fasc-ico-before dashicons-cart\" style=\"background-color: #ff9900; color: #000000;\" target=\"_blank\" rel=\"nofollow\" href=\"https:\/\/amzn.to\/3LddZmQ\">Comprar en Amazon<\/a><\/p>\n<\/div>\n<\/div>\n<div id=\"thebe-1258775625\" style=\"margin-bottom: 20px;margin-left: auto;margin-right: auto;text-align: center;\"><script async src=\"\/\/pagead2.googlesyndication.com\/pagead\/js\/adsbygoogle.js?client=ca-pub-9395258998211551\" crossorigin=\"anonymous\"><\/script><ins class=\"adsbygoogle\" style=\"display:block; text-align:center;\" data-ad-client=\"ca-pub-9395258998211551\" \ndata-ad-slot=\"1179889612\" \ndata-ad-layout=\"in-article\"\ndata-ad-format=\"fluid\"><\/ins>\n<script> \n(adsbygoogle = window.adsbygoogle || []).push({}); \n<\/script>\n<\/div>\n<h2>S\u00e3o Arnoldo e o milagre da cerveja<\/h2>\n<p>Foi um ano depois que os cidad\u00e3os de Metz pediram que seu corpo fosse exumado e levado \u00e0 cidade de Metz para ser enterrado na igreja local \u2014 o lugar onde costumava pregar as <a href=\"https:\/\/www.thebeertimes.com\/pt-br\/10-razoes-pelas-quais-beber-cerveja-com-moderacao-pode-ser-saudavel\/\" target=\"_blank\" rel=\"noopener\">virtudes da cerveja<\/a>.<\/p>\n<figure id=\"attachment_22017\" aria-describedby=\"caption-attachment-22017\" style=\"width: 400px\" class=\"wp-caption aligncenter\"><img loading=\"lazy\" decoding=\"async\" class=\"wp-image-22017\" title=\"Champigneulles, 1832\" src=\"https:\/\/www.thebeertimes.com\/wp-content\/uploads\/2021\/07\/Champigneulles-300x182.gif\" alt=\"Champigneulles\" width=\"400\" height=\"243\" \/><figcaption id=\"caption-attachment-22017\" class=\"wp-caption-text\">Champigneulles, 1832<\/figcaption><\/figure>\n<p>O pedido dos fi\u00e9is foi aceito. A viagem para levar o corpo de Arnoldo de volta a Metz era quente, longa e exaustiva. Ao passar a prociss\u00e3o cerimonial pela cidade de Champigneulles \u2014 onde se encontra <a href=\"https:\/\/www.thebeertimes.com\/cervecerias-mas-antiguas-del-mundo\/\">a cervejaria mais antiga<\/a> da Fran\u00e7a \u2014, os fi\u00e9is pararam em uma taverna local para comprar cerveja. Infelizmente, s\u00f3 havia dispon\u00edvel o equivalente a uma \u00fanica jarra que teriam de compartilhar entre todos.<\/p>\n<p>Foi nesse momento que um dos fi\u00e9is, chamado Duc Notto, exclamou:<\/p>\n<blockquote><p>A poderosa intercess\u00e3o do beato Arnoldo nos prover\u00e1 o que falta.<\/p><\/blockquote>\n<p>E a partir desse momento, o conte\u00fado da jarra nunca se esgotou e todas as pessoas puderam beber cerveja at\u00e9 saciar a sede.<\/p>\n<p>Isso ficou conhecido como o milagre da cerveja e \u00e9 a raz\u00e3o pela qual a Igreja Cat\u00f3lica e a Igreja Ortodoxa consideram S\u00e3o Arnoldo o santo padroeiro da cerveja.<\/p>\n<div id=\"thebe-1258775625\" style=\"margin-bottom: 20px;margin-left: auto;margin-right: auto;text-align: center;\"><script async src=\"\/\/pagead2.googlesyndication.com\/pagead\/js\/adsbygoogle.js?client=ca-pub-9395258998211551\" crossorigin=\"anonymous\"><\/script><ins class=\"adsbygoogle\" style=\"display:block; text-align:center;\" data-ad-client=\"ca-pub-9395258998211551\" \ndata-ad-slot=\"1179889612\" \ndata-ad-layout=\"in-article\"\ndata-ad-format=\"fluid\"><\/ins>\n<script> \n(adsbygoogle = window.adsbygoogle || []).push({}); \n<\/script>\n<\/div>\n<h2>Devo\u00e7\u00e3o contempor\u00e2nea<\/h2>\n<p>Hoje, S\u00e3o Arnoldo continua sendo celebrado por cervejeiros e entusiastas ao redor do mundo, especialmente a cada 18 de julho \u2014 data de sua morte.<\/p>\n<p>Em muitos festivais europeus ele \u00e9 homenageado com prociss\u00f5es simb\u00f3licas e brindes coletivos. Na B\u00e9lgica e na Fran\u00e7a, seu nome aparece em r\u00f3tulos de cerveja artesanal e confrarias foram fundadas em sua honra, como a Confr\u00e9rie de Saint Arnould.<\/p>\n<p>Assim, seu legado religioso permanece vivo n\u00e3o apenas nos altares, mas tamb\u00e9m nas tradi\u00e7\u00f5es populares vinculadas \u00e0 cerveja.<\/p>\n<h2>Perguntas frequentes (FAQ)<\/h2>\n<h3>1. Por que S\u00e3o Arnulfo \u00e9 o padroeiro da cerveja?<\/h3>\n<p>S\u00e3o Arnulfo \u00e9 considerado o santo padroeiro da cerveja devido ao famoso &#8220;milagre da jarra&#8221;. Durante o translado de suas rel\u00edquias para Metz, uma \u00fanica jarra de cerveja se multiplicou milagrosamente para saciar a sede de todos os fi\u00e9is que acompanhavam a prociss\u00e3o sob um calor exaustivo.<\/p>\n<h3>2. Qual \u00e9 a rela\u00e7\u00e3o de S\u00e3o Arnulfo com Carlos Magno?<\/h3>\n<p>S\u00e3o Arnulfo \u00e9 um ancestral direto de Carlos Magno. Seu filho, Ansegis, casou-se com Begga (filha de Pepino de Landen), fundando a dinastia dos Arnulfingos, que s\u00e3o os precursores diretos da casa carol\u00edngia e do futuro Imp\u00e9rio Carol\u00edngio.<\/p>\n<h3>3. Por que S\u00e3o Arnulfo recomendava beber cerveja em vez de \u00e1gua?<\/h3>\n<p>Durante seu episcopado em Metz, houve surtos de peste e c\u00f3lera. A \u00e1gua estava frequentemente contaminada e era perigosa para a sa\u00fade. Arnulfo promoveu o consumo de cerveja porque o processo de fervura durante sua produ\u00e7\u00e3o eliminava bact\u00e9rias, tornando-a uma alternativa higi\u00eanica e segura para hidratar a popula\u00e7\u00e3o.<\/p>\n<h3>4. Qual foi a trajet\u00f3ria profissional de S\u00e3o Arnulfo antes de ser bispo?<\/h3>\n<p>Antes de sua vida religiosa, Arnulfo serviu na corte do rei Teodeberto II. Destacou-se como um h\u00e1bil administrador civil e comandante militar, chegando a ser um dos principais ministros do rei sob a orienta\u00e7\u00e3o de Gondulfo, o prefeito do pal\u00e1cio.<\/p>\n<h3>5. Quando se celebra o dia de S\u00e3o Arnulfo?<\/h3>\n<p>A festividade de S\u00e3o Arnulfo de Metz \u00e9 celebrada todo dia 18 de julho, data que coincide com o anivers\u00e1rio de sua morte no ano 640. \u00c9 uma data muito celebrada por cervejeiros e entusiastas, especialmente na Fran\u00e7a e B\u00e9lgica, com brindes e prociss\u00f5es simb\u00f3licas.<br \/>\n<script type=\"application\/ld+json\">\n{\n  \"@context\": \"https:\/\/schema.org\",\n  \"@type\": \"FAQPage\",\n  \"mainEntity\": [\n    {\n      \"@type\": \"Question\",\n      \"name\": \"Por que S\u00e3o Arnulfo \u00e9 o padroeiro da cerveja?\",\n      \"acceptedAnswer\": {\n        \"@type\": \"Answer\",\n        \"text\": \"S\u00e3o Arnulfo \u00e9 considerado o santo padroeiro da cerveja devido ao famoso milagre da jarra. Durante o translado de suas rel\u00edquias para Metz, uma \u00fanica jarra de cerveja se multiplicou milagrosamente para saciar a sede de todos os fi\u00e9is que acompanhavam a prociss\u00e3o sob um calor exaustivo.\"\n      }\n    },\n    {\n      \"@type\": \"Question\",\n      \"name\": \"Qual \u00e9 a rela\u00e7\u00e3o de S\u00e3o Arnulfo com Carlos Magno?\",\n      \"acceptedAnswer\": {\n        \"@type\": \"Answer\",\n        \"text\": \"S\u00e3o Arnulfo \u00e9 um ancestral direto de Carlos Magno. Seu filho Ansegis casou-se com Begga, filha de Pepino de Landen, fundando a dinastia dos Arnulfingos, que s\u00e3o os precursores diretos da casa carol\u00edngia e do futuro Imp\u00e9rio Carol\u00edngio.\"\n      }\n    },\n    {\n      \"@type\": \"Question\",\n      \"name\": \"Por que S\u00e3o Arnulfo recomendava beber cerveja em vez de \u00e1gua?\",\n      \"acceptedAnswer\": {\n        \"@type\": \"Answer\",\n        \"text\": \"Durante seu episcopado em Metz houve surtos de peste e c\u00f3lera. A \u00e1gua estava frequentemente contaminada e era perigosa para a sa\u00fade. Arnulfo promoveu o consumo de cerveja porque o processo de fervura durante sua produ\u00e7\u00e3o eliminava bact\u00e9rias, tornando-a uma alternativa higi\u00eanica e segura para hidratar a popula\u00e7\u00e3o.\"\n      }\n    },\n    {\n      \"@type\": \"Question\",\n      \"name\": \"Qual foi a trajet\u00f3ria profissional de S\u00e3o Arnulfo antes de ser bispo?\",\n      \"acceptedAnswer\": {\n        \"@type\": \"Answer\",\n        \"text\": \"Antes de sua vida religiosa Arnulfo serviu na corte do rei Teodeberto II. Destacou-se como um h\u00e1bil administrador civil e comandante militar, chegando a ser um dos principais ministros do rei sob a orienta\u00e7\u00e3o de Gondulfo, o prefeito do pal\u00e1cio.\"\n      }\n    },\n    {\n      \"@type\": \"Question\",\n      \"name\": \"Quando se celebra o dia de S\u00e3o Arnulfo?\",\n      \"acceptedAnswer\": {\n        \"@type\": \"Answer\",\n        \"text\": \"A festividade de S\u00e3o Arnulfo de Metz \u00e9 celebrada todo dia 18 de julho, data que coincide com o anivers\u00e1rio de sua morte no ano 640. \u00c9 uma data muito celebrada por cervejeiros e entusiastas, especialmente na Fran\u00e7a e B\u00e9lgica, com brindes e prociss\u00f5es simb\u00f3licas.\"\n      }\n    }\n  ]\n}\n<\/script><\/p>\n<h2>Recomendamos<\/h2><div id=\"thebe-3419824785\" class=\"thebe-adsterra-300-x-250 thebe-entity-placement\" style=\"margin-top: 15px;margin-left: auto;margin-right: auto;text-align: center;\"><script async src=\"\/\/pagead2.googlesyndication.com\/pagead\/js\/adsbygoogle.js?client=ca-pub-9395258998211551\" crossorigin=\"anonymous\"><\/script><ins class=\"adsbygoogle\" style=\"display:block;\" data-ad-client=\"ca-pub-9395258998211551\" \ndata-ad-slot=\"1930811761\" \ndata-ad-format=\"auto\"><\/ins>\n<script> \n(adsbygoogle = window.adsbygoogle || []).push({}); \n<\/script>\n<\/div>\n<ul>\n<li><a href=\"https:\/\/www.thebeertimes.com\/introduccion-al-maridaje-de-cerveza-y-puros\/\" target=\"_blank\" rel=\"noopener\">Introdu\u00e7\u00e3o \u00e0 harmoniza\u00e7\u00e3o de cerveja e charutos<\/a><\/li>\n<li><a href=\"https:\/\/www.thebeertimes.com\/pt-br\/gulden-draak-strong-ale-notas-de-prova-e-harmonizacoes-recomendadas-por-um-sommelier-de-cervejas\/\" target=\"_blank\" rel=\"noopener\">Gulden Draak Belgian Strong Ale \u2013 Notas de degusta\u00e7\u00e3o<\/a><\/li>\n<\/ul>\n<div id=\"thebe-2924184726\" class=\"thebe-adskeeper-fin-articulo thebe-entity-placement\" style=\"margin-top: 20px;margin-left: auto;margin-right: auto;text-align: center;\"><div data-type=\"_mgwidget\" data-widget-id=\"1705281\">\r\n<\/div>\r\n<script>(function(w,q){w[q]=w[q]||[];w[q].push([\"_mgc.load\"])})(window,\"_mgq\");\r\n<\/script><\/div>","protected":false},"excerpt":{"rendered":"<p>S\u00e3o Arnoldo \u00e9 reconhecido pelo &#8220;milagre da cerveja&#8221;, raz\u00e3o pela qual tanto a Igreja Cat\u00f3lica quanto a Igreja Ortodoxa o consideram o Santo Padroeiro desta bebida.<\/p>\n","protected":false},"author":1,"featured_media":38594,"comment_status":"closed","ping_status":"closed","sticky":false,"template":"","format":"standard","meta":{"wpai_generated_summary":"","footnotes":""},"categories":[21125],"tags":[21128,21138,21751,22076],"class_list":["post-47023","post","type-post","status-publish","format-standard","has-post-thumbnail","category-cultura-pt-br","tag-cultura-pt-br","tag-historia-pt-br","tag-idade-media-ptbr","tag-sao-arnoldo-de-metz"],"_links":{"self":[{"href":"https:\/\/www.thebeertimes.com\/pt-br\/wp-json\/wp\/v2\/posts\/47023","targetHints":{"allow":["GET"]}}],"collection":[{"href":"https:\/\/www.thebeertimes.com\/pt-br\/wp-json\/wp\/v2\/posts"}],"about":[{"href":"https:\/\/www.thebeertimes.com\/pt-br\/wp-json\/wp\/v2\/types\/post"}],"author":[{"embeddable":true,"href":"https:\/\/www.thebeertimes.com\/pt-br\/wp-json\/wp\/v2\/users\/1"}],"replies":[{"embeddable":true,"href":"https:\/\/www.thebeertimes.com\/pt-br\/wp-json\/wp\/v2\/comments?post=47023"}],"version-history":[{"count":3,"href":"https:\/\/www.thebeertimes.com\/pt-br\/wp-json\/wp\/v2\/posts\/47023\/revisions"}],"predecessor-version":[{"id":48085,"href":"https:\/\/www.thebeertimes.com\/pt-br\/wp-json\/wp\/v2\/posts\/47023\/revisions\/48085"}],"wp:featuredmedia":[{"embeddable":true,"href":"https:\/\/www.thebeertimes.com\/pt-br\/wp-json\/wp\/v2\/media\/38594"}],"wp:attachment":[{"href":"https:\/\/www.thebeertimes.com\/pt-br\/wp-json\/wp\/v2\/media?parent=47023"}],"wp:term":[{"taxonomy":"category","embeddable":true,"href":"https:\/\/www.thebeertimes.com\/pt-br\/wp-json\/wp\/v2\/categories?post=47023"},{"taxonomy":"post_tag","embeddable":true,"href":"https:\/\/www.thebeertimes.com\/pt-br\/wp-json\/wp\/v2\/tags?post=47023"}],"curies":[{"name":"wp","href":"https:\/\/api.w.org\/{rel}","templated":true}]}}