{"id":47043,"date":"2024-05-14T07:26:55","date_gmt":"2024-05-14T11:26:55","guid":{"rendered":"https:\/\/www.thebeertimes.com\/?p=47043"},"modified":"2026-06-25T15:38:56","modified_gmt":"2026-06-25T19:38:56","slug":"o-que-e-a-reacao-de-maillard-ingredientes-mecanismos-desenvolvimento-quimico","status":"publish","type":"post","link":"https:\/\/www.thebeertimes.com\/pt-br\/o-que-e-a-reacao-de-maillard-ingredientes-mecanismos-desenvolvimento-quimico\/","title":{"rendered":"O que \u00e9 a rea\u00e7\u00e3o de Maillard? Ingredientes, mecanismos e desenvolvimento qu\u00edmico"},"content":{"rendered":"<div id=\"thebe-4158070677\" class=\"thebe-antes-del-contenido-3-2 thebe-entity-placement\">\n            <div \n                class=\"elfsight-widget-popup elfsight-widget\" \n                data-elfsight-popup-options=\"%7B%22blocks%22%3A%5B%7B%22id%22%3A%22babc7e96-e195-4da3-a8c5-7072d42f2f5c%22%2C%22type%22%3A%22image%22%2C%22imageFile%22%3A%7B%22type%22%3A%22uploaded%22%2C%22data%22%3A%7B%22name%22%3A%2261fKvUY%2BdpL._SL1500_%22%2C%22url%22%3A%22https%3A%5C%2F%5C%2Fwww.thebeertimes.com%5C%2Fwp-content%5C%2Fuploads%5C%2F2026%5C%2F02%5C%2F61fKvUYdpL._SL1500_.jpg%22%2C%22size%22%3A53499%2C%22type%22%3A%22image%22%2C%22extension%22%3A%22jpeg%22%2C%22width%22%3A940%2C%22height%22%3A1500%2C%22ext%22%3A%22jpeg%22%7D%7D%2C%22imageScale%22%3A60%7D%2C%7B%22id%22%3A%226689e0da-ab1d-42a0-ac83-457ff13f91dd%22%2C%22type%22%3A%22button%22%2C%22buttonText%22%3A%22Comprar%20na%20AMAZON%22%2C%22buttonAction%22%3A%22redirect%22%2C%22buttonStyle%22%3A%22filled%22%2C%22buttonShape%22%3A%22rectangle%22%2C%22buttonColor%22%3A%22rgb%28255%2C%2038%2C%2067%29%22%2C%22buttonFontSize%22%3A16%2C%22label%22%3A%22Button%22%2C%22buttonUrl%22%3A%22https%3A%5C%2F%5C%2Fwww.amazon.com%5C%2Fdp%5C%2FB0GDGJJWD2%22%7D%5D%2C%22layout%22%3A%22modal%22%2C%22width%22%3A500%2C%22popupBlocksAlignment%22%3A%22center%22%2C%22popupShape%22%3A%22rounded%22%2C%22popupBackgroundColor%22%3A%22rgb%28255%2C%20255%2C%20255%29%22%2C%22popupBackgroundImage%22%3Anull%2C%22popupBackgroundImageOverlayColor%22%3A%22%22%2C%22overlayVisible%22%3Atrue%2C%22overlayClose%22%3Atrue%2C%22overlayBackgroundColor%22%3A%22rgba%2817%2C%2017%2C%2017%2C%200.7%29%22%2C%22overlayBackgroundImage%22%3Anull%2C%22overlayBackgroundImageOverlayColor%22%3A%22%22%2C%22closeButtonVisible%22%3Atrue%2C%22closeButtonColor%22%3A%22rgba%2817%2C%2017%2C%2017%2C%200.7%29%22%2C%22triggerPageLoadEnabled%22%3Afalse%2C%22triggerTimeOnPageEnabled%22%3Afalse%2C%22triggerTimeOnPageDuration%22%3A30%2C%22triggerScrollEnabled%22%3Atrue%2C%22triggerScrollPosition%22%3A25%2C%22triggerScrollToElementEnabled%22%3Afalse%2C%22triggerScrollToElementId%22%3Anull%2C%22triggerClickEnabled%22%3Afalse%2C%22triggerClickElementId%22%3Anull%2C%22triggerExitIntentEnabled%22%3Afalse%2C%22displayFrequency%22%3A%22everytime%22%2C%22displayPages%22%3A%22allPages%22%2C%22displayExcludedPages%22%3A%5B%5D%2C%22displaySpecificPages%22%3A%5B%5D%2C%22displayDevices%22%3A%5B%22desktop%22%2C%22tablet%22%2C%22mobile%22%5D%2C%22widgetId%22%3A%225%22%7D\" \n                data-elfsight-popup-version=\"1.0.0\"\n                data-elfsight-widget-id=\"elfsight-popup-5\">\n            <\/div>\n            <\/div><div id=\"thebe-3435948635\" class=\"thebe-fuente-preferida-2 thebe-entity-placement\" style=\"margin-bottom: 30px;margin-left: auto;margin-right: auto;text-align: center;\"><a href=\"https:\/\/www.google.com\/preferences\/source?q=thebeertimes.com\" target=\"_blank\" aria-label=\"A\u00f1adir como fuente preferida en google\"><img loading=\"lazy\" decoding=\"async\" src=\"https:\/\/www.thebeertimes.com\/wp-content\/uploads\/2026\/07\/Anadir-como-fuente-preferida-en-google-1.jpg\" alt=\"\"  srcset=\"https:\/\/www.thebeertimes.com\/wp-content\/uploads\/2026\/07\/Anadir-como-fuente-preferida-en-google-1.jpg 638w, https:\/\/www.thebeertimes.com\/wp-content\/uploads\/2026\/07\/Anadir-como-fuente-preferida-en-google-1-300x60.jpg 300w\" sizes=\"(max-width: 638px) 100vw, 638px\" width=\"175\" height=\"127\"  style=\"display: inline-block;\" \/><\/a><\/div><p><span style=\"font-size: 14pt;\">Por <strong><a href=\"https:\/\/foodcrumbles.com\/maillard-reaction-mechanism-hard-core-chemistry\/\" target=\"_blank\" rel=\"noopener\">Food Crumbles<\/a><\/strong><\/span><\/p>\n<p>A <a href=\"https:\/\/www.thebeertimes.com\/el-color-en-la-cerveza-origen-ajuste-y-medicion\/\" target=\"_blank\" rel=\"noopener\">colora\u00e7\u00e3o e descolora\u00e7\u00e3o de bebidas<\/a> e alimentos \u00e9 um tema muito apreciado dentro da comunidade de qu\u00edmicos que estudam esse campo cient\u00edfico, j\u00e1 que as pigmenta\u00e7\u00f5es e as rea\u00e7\u00f5es que as formam costumam ser muito complexas.<\/p>\n<figure id=\"attachment_10930\" aria-describedby=\"caption-attachment-10930\" style=\"width: 600px\" class=\"wp-caption aligncenter\"><img loading=\"lazy\" decoding=\"async\" class=\"wp-image-10930 size-full\" title=\"Cores na cerveja\" src=\"https:\/\/www.thebeertimes.com\/wp-content\/uploads\/2016\/12\/Color_en_la_Cerveza.jpg\" alt=\"Cores na cerveja\" width=\"600\" height=\"315\" srcset=\"https:\/\/www.thebeertimes.com\/wp-content\/uploads\/2016\/12\/Color_en_la_Cerveza.jpg 600w, https:\/\/www.thebeertimes.com\/wp-content\/uploads\/2016\/12\/Color_en_la_Cerveza-300x158.jpg 300w, https:\/\/www.thebeertimes.com\/wp-content\/uploads\/2016\/12\/Color_en_la_Cerveza-114x60.jpg 114w\" sizes=\"auto, (max-width: 600px) 100vw, 600px\" \/><figcaption id=\"caption-attachment-10930\" class=\"wp-caption-text\">Cores na cerveja<\/figcaption><\/figure>\n<p>Nesse panorama, a colora\u00e7\u00e3o dourado-marrom que alguns alimentos adquirem \u00e9 sem d\u00favida um dos temas favoritos \u2014 muito interessante devido \u00e0s m\u00faltiplas formas qu\u00edmicas completamente diferentes que existem para alcan\u00e7ar essa colora\u00e7\u00e3o, com o mesmo resultado final: bananas, cereais, carne, a\u00e7\u00facar, etc.<\/p>\n<p>Neste artigo nos concentraremos em um desses mecanismos, especificamente a rea\u00e7\u00e3o de Maillard \u2014 aquela que provoca tanto a <a href=\"https:\/\/www.thebeertimes.com\/los-diversos-esplendores-de-la-malta\/\" target=\"_blank\" rel=\"noopener\">colora\u00e7\u00e3o da cevada<\/a> utilizada na <a href=\"https:\/\/www.thebeertimes.com\/como-hacer-cerveza-artesanal-paso-a-paso\/\" target=\"_blank\" rel=\"noopener\">elabora\u00e7\u00e3o de cerveja<\/a> quanto a crosta bem escura de um bife grelhado.<\/p>\n<p>Os produtos majorit\u00e1rios dessa rea\u00e7\u00e3o s\u00e3o mol\u00e9culas c\u00edclicas e polic\u00edclicas que conferem <a href=\"https:\/\/www.thebeertimes.com\/pt-br\/morten-meilgaard-roda-de-aromas-e-sabores-da-cerveja\/\" target=\"_blank\" rel=\"noopener\">aromas e sabores<\/a> aos alimentos, embora tamb\u00e9m incluam outras mol\u00e9culas que podem ser cancer\u00edgenas, como a <a href=\"https:\/\/www.cancer.gov\/espanol\/cancer\/causas-prevencion\/riesgo\/dieta\/hoja-informativa-acrilamida#:~:text=La%20acrilamida%20es%20una%20sustancia,de%20poliacrilamida%20y%20de%20acrilamida.\" target=\"_blank\" rel=\"noopener\">acrilamida<\/a>.<\/p>\n<div id=\"thebe-3779198810\" style=\"margin-bottom: 30px;\"><script async src=\"\/\/pagead2.googlesyndication.com\/pagead\/js\/adsbygoogle.js?client=ca-pub-9395258998211551\" crossorigin=\"anonymous\"><\/script><ins class=\"adsbygoogle\" style=\"display:block;\" data-ad-client=\"ca-pub-9395258998211551\" \ndata-ad-slot=\"8775458773\" \ndata-ad-format=\"auto\"><\/ins>\n<script> \n(adsbygoogle = window.adsbygoogle || []).push({}); \n<\/script>\n<\/div>\n\n<h2>Como os alimentos adquirem sua colora\u00e7\u00e3o marrom<\/h2>\n<p>Existem duas formas principais pelas quais os alimentos adquirem uma colora\u00e7\u00e3o marrom: o escurecimento enzim\u00e1tico e o n\u00e3o enzim\u00e1tico.<\/p>\n<p>O escurecimento enzim\u00e1tico \u00e9 o que ocorre com bananas maduras, por exemplo \u2014 uma rea\u00e7\u00e3o que cessa na presen\u00e7a de calor intenso.<\/p>\n<figure id=\"attachment_21578\" aria-describedby=\"caption-attachment-21578\" style=\"width: 500px\" class=\"wp-caption aligncenter\"><img loading=\"lazy\" decoding=\"async\" class=\"wp-image-21578 size-full\" title=\"Maltes torrados\" src=\"https:\/\/www.thebeertimes.com\/wp-content\/uploads\/2021\/07\/Maltas-tostadas.jpg\" alt=\"Maltes torrados\" width=\"500\" height=\"333\" srcset=\"https:\/\/www.thebeertimes.com\/wp-content\/uploads\/2021\/07\/Maltas-tostadas.jpg 500w, https:\/\/www.thebeertimes.com\/wp-content\/uploads\/2021\/07\/Maltas-tostadas-300x200.jpg 300w, https:\/\/www.thebeertimes.com\/wp-content\/uploads\/2021\/07\/Maltas-tostadas-270x180.jpg 270w, https:\/\/www.thebeertimes.com\/wp-content\/uploads\/2021\/07\/Maltas-tostadas-370x245.jpg 370w\" sizes=\"auto, (max-width: 500px) 100vw, 500px\" \/><figcaption id=\"caption-attachment-21578\" class=\"wp-caption-text\">Malte torrado<\/figcaption><\/figure>\n<p>O escurecimento n\u00e3o enzim\u00e1tico, por sua vez, pode ser dividido em dois tipos: a rea\u00e7\u00e3o de Maillard e a carameliza\u00e7\u00e3o.<\/p>\n<p>A carameliza\u00e7\u00e3o requer altas temperaturas acima de 150\u00b0C (302\u00b0F) e precisa apenas da presen\u00e7a de <a href=\"https:\/\/www.thebeertimes.com\/5-adjuntos-de-azucar-que-podrias-incorporar-a-tu-elaboracion-de-cerveza\/\" target=\"_blank\" rel=\"noopener\">a\u00e7\u00facares<\/a> suficientes.<\/p>\n<p>A rea\u00e7\u00e3o de Maillard, por sua vez, pode ocorrer \u00e0 temperatura ambiente \u2014 embora se acelere rapidamente \u00e0 medida que a temperatura aumenta \u2014 e requer dois tipos de mol\u00e9culas para se desenvolver: prote\u00ednas e a\u00e7\u00facares.<\/p>\n<table width=\"662\" data-start=\"319\" data-end=\"1143\">\n<tbody>\n<tr data-start=\"319\" data-end=\"481\">\n<td style=\"text-align: center;\" width=\"135\"><strong>Rea\u00e7\u00e3o<\/strong><\/td>\n<td style=\"text-align: center;\" width=\"39\"><strong>Calor<\/strong><\/td>\n<td style=\"text-align: center;\" width=\"123\"><strong>A\u00e7\u00facar<\/strong><\/td>\n<td style=\"text-align: center;\" width=\"64\"><strong>Prote\u00ednas<\/strong><\/td>\n<td style=\"text-align: center;\" width=\"128\"><strong>Temperatura<\/strong><\/td>\n<td style=\"text-align: center;\" width=\"173\"><strong>Exemplos<\/strong><\/td>\n<\/tr>\n<tr data-start=\"647\" data-end=\"811\">\n<td width=\"135\" data-start=\"647\">Enzim\u00e1tica<\/td>\n<td style=\"text-align: center;\" width=\"39\">N\u00e3o<\/td>\n<td style=\"text-align: center;\" width=\"123\">N\u00e3o<\/td>\n<td style=\"text-align: center;\" width=\"64\">N\u00e3o<\/td>\n<td style=\"text-align: center;\" width=\"128\">20\u201330 \u00b0C<\/td>\n<td width=\"173\">Banana madura, ma\u00e7\u00e3 cortada, abacate.<\/td>\n<\/tr>\n<tr>\n<td width=\"135\">Carameliza\u00e7\u00e3o<\/td>\n<td style=\"text-align: center;\" width=\"39\">Sim<\/td>\n<td style=\"text-align: center;\" width=\"123\">Sim<\/td>\n<td style=\"text-align: center;\" width=\"64\">N\u00e3o<\/td>\n<td style=\"text-align: center;\" width=\"128\">&gt;150 \u00b0C<\/td>\n<td width=\"173\">A\u00e7\u00facar queimado, caramelo, cebola dourada.<\/td>\n<\/tr>\n<tr data-start=\"977\" data-end=\"1143\">\n<td width=\"135\">Rea\u00e7\u00e3o de Maillard<\/td>\n<td style=\"text-align: center;\" width=\"39\">Sim<\/td>\n<td style=\"text-align: center;\" width=\"123\">Sim (a\u00e7\u00facar redutor)<\/td>\n<td style=\"text-align: center;\" width=\"64\">Sim<\/td>\n<td style=\"text-align: center;\" width=\"128\">&gt;90\u2013140 \u00b0C<\/td>\n<td width=\"173\">P\u00e3o torrado, carne grelhada, cerveja, caf\u00e9.<\/td>\n<\/tr>\n<\/tbody>\n<\/table>\n<h2>Qu\u00edmica da rea\u00e7\u00e3o de Maillard<\/h2>\n<p>A primeira descri\u00e7\u00e3o dos mecanismos da rea\u00e7\u00e3o de Maillard remonta ao in\u00edcio do s\u00e9culo XX, quando o cientista franc\u00eas <a href=\"https:\/\/es.wikipedia.org\/wiki\/Louis-Camille_Maillard\" target=\"_blank\" rel=\"noopener\">Louis Camille Maillard<\/a> conseguiu descobrir os princ\u00edpios qu\u00edmicos que a sustentam \u2014 compostos por uma s\u00e9rie de outras rea\u00e7\u00f5es complexas e consecutivas.<\/p>\n<figure id=\"attachment_21579\" aria-describedby=\"caption-attachment-21579\" style=\"width: 350px\" class=\"wp-caption aligncenter\"><img loading=\"lazy\" decoding=\"async\" class=\"wp-image-21579\" src=\"https:\/\/www.thebeertimes.com\/wp-content\/uploads\/2021\/07\/Louis-Camille-Maillard.jpg\" alt=\"Louis Camille Maillard (1878-1936)\" width=\"350\" height=\"466\" srcset=\"https:\/\/www.thebeertimes.com\/wp-content\/uploads\/2021\/07\/Louis-Camille-Maillard.jpg 500w, https:\/\/www.thebeertimes.com\/wp-content\/uploads\/2021\/07\/Louis-Camille-Maillard-225x300.jpg 225w\" sizes=\"auto, (max-width: 350px) 100vw, 350px\" \/><figcaption id=\"caption-attachment-21579\" class=\"wp-caption-text\">Louis Camille Maillard (1878-1936)<\/figcaption><\/figure>\n<p>Foi em 1913 que Maillard apresentou sua tese de doutorado sobre a rea\u00e7\u00e3o de amino\u00e1cidos e glic\u00eddios, como resultado das pesquisas que havia realizado sobre o metabolismo da ureia e as doen\u00e7as renais.<\/p>\n<p>Mas n\u00e3o foi sen\u00e3o ap\u00f3s a Segunda Guerra Mundial que os estudos de Maillard foram aplicados ao estudo dos alimentos, quando se come\u00e7ou a investigar as rea\u00e7\u00f5es que ocorrem ao aquec\u00ea-los \u2014 gerando aromas, sabores e colora\u00e7\u00f5es em um processo que chamamos habitualmente de &#8220;dourar&#8221; ou &#8220;tostar&#8221;, ao fritar, assar ou cozinhar alimentos no forno.<\/p>\n<p>Tudo come\u00e7a com um a\u00e7\u00facar e uma prote\u00edna\/amino\u00e1cido, que reagem para formar compostos chamados Amadori ou Heyns \u2014 explicados pela rea\u00e7\u00e3o de um a\u00e7\u00facar redutor (aldose ou cetose) com um grupo amina NH2 da prote\u00edna.<\/p>\n<p>Essas mol\u00e9culas continuam reagindo para formar novos compostos que, do ponto de vista da estrutura qu\u00edmica, s\u00e3o em sua maioria mol\u00e9culas que incorporam um anel durante a rea\u00e7\u00e3o.<\/p>\n<p>Por fim, formam-se outras grandes mol\u00e9culas complexas chamadas <a href=\"https:\/\/es.wikipedia.org\/wiki\/Melanoidina\" target=\"_blank\" rel=\"noopener\">melanoidinas<\/a>, que eventualmente conferem aos alimentos uma colora\u00e7\u00e3o marrom.<\/p>\n<h2>Ingredientes para a rea\u00e7\u00e3o de Maillard<\/h2>\n<p>Vamos analisar agora, um a um, os tr\u00eas passos do mecanismo da rea\u00e7\u00e3o de Maillard, come\u00e7ando pelas mol\u00e9culas que devem estar presentes para que ela ocorra.<\/p>\n<h3>1. Grupo amino<\/h3>\n<p>Para que a rea\u00e7\u00e3o de Maillard ocorra, deve estar presente um chamado <a href=\"https:\/\/es.wikipedia.org\/wiki\/Grupo_amino\" target=\"_blank\" rel=\"noopener\">grupo amino<\/a>, formado por um \u00e1tomo de nitrog\u00eanio e dois \u00e1tomos de hidrog\u00eanio: NH2.<\/p>\n<p>Esse grupo amino est\u00e1 ligado a uma mol\u00e9cula maior (amino\u00e1cidos, por exemplo), o que indica que pode haver v\u00e1rios outros \u00e1tomos nela, representados pela letra R. Esse grupo amino \u00e9 ent\u00e3o representado como R-NH2.<\/p>\n<p>Esse tipo de grupo amino \u00e9 encontrado comumente em amino\u00e1cidos, prote\u00ednas e pept\u00eddeos, onde os amino\u00e1cidos s\u00e3o os componentes b\u00e1sicos dos outros dois.<\/p>\n<p>Na rea\u00e7\u00e3o de Maillard, o grupo amino frequentemente prov\u00e9m das prote\u00ednas \u2014 como as presentes no leite utilizado para elaborar manteiga.<\/p>\n<h3>2. A\u00e7\u00facar redutor<\/h3>\n<p>Al\u00e9m do grupo amino, tamb\u00e9m precisamos de outro ingrediente chamado a\u00e7\u00facar redutor \u2014 um tipo especial de a\u00e7\u00facar que possui um grupo reativo espec\u00edfico.<\/p>\n<p>Em primeiro lugar, o a\u00e7\u00facar \u00e9 um carboidrato, e s\u00e3o comumente os monossacar\u00eddeos e os dissacar\u00eddeos que participam da rea\u00e7\u00e3o de Maillard.<\/p>\n<p>Um a\u00e7\u00facar redutor \u00e9 especificamente aquele que pode doar el\u00e9trons, e para que isso aconte\u00e7a, um \u00e1tomo deve ter el\u00e9trons livres suficientes orbitando ao seu redor.<\/p>\n<p>Um \u00e1tomo de oxig\u00eanio ligado a um \u00e1tomo de carbono com duas liga\u00e7\u00f5es \u00e9 um \u00e1tomo desse tipo, portanto, a\u00e7\u00facares que incorporam esse grupo pertencem \u00e0 categoria de a\u00e7\u00facares redutores.<\/p>\n<p>Em qu\u00edmica, esses grupos espec\u00edficos s\u00e3o conhecidos como alde\u00eddo (-COOH) e cetona (-CO-).<\/p><div id=\"thebe-1414683758\" class=\"thebe-libros-amazon thebe-entity-placement\" style=\"margin-left: auto;margin-right: auto;text-align: center;\"><div style=\"background-color: #ffffff; border: 1px solid #ccc; border-radius: 12px; padding: 16px; max-width: 320px; margin: 20px auto; text-align: center; font-family: helvetica, arial, sans-serif;\">\n<p><a href=\"https:\/\/amzn.to\/3LddZmQ\"><img loading=\"lazy\" decoding=\"async\" class=\"wp-image-43340 aligncenter\" src=\"https:\/\/www.thebeertimes.com\/wp-content\/uploads\/2025\/05\/Catar-cerveza-300x300.jpg\" alt=\"Gu\u00eda Pr\u00e1ctica Catar Cerveza Amazon\" width=\"200\" height=\"199\" srcset=\"https:\/\/www.thebeertimes.com\/wp-content\/uploads\/2025\/05\/Catar-cerveza-300x300.jpg 300w, https:\/\/www.thebeertimes.com\/wp-content\/uploads\/2025\/05\/Catar-cerveza-150x150.jpg 150w, https:\/\/www.thebeertimes.com\/wp-content\/uploads\/2025\/05\/Catar-cerveza-370x370.jpg 370w, https:\/\/www.thebeertimes.com\/wp-content\/uploads\/2025\/05\/Catar-cerveza.jpg 500w\" sizes=\"auto, (max-width: 200px) 100vw, 200px\" \/><\/a><\/p>\n<p style=\"color: #0000ff; font-weight: bold; margin: 8px 0; line-height: 1.2;\"><a href=\"https:\/\/amzn.to\/3LddZmQ\" target=\"_blank\" rel=\"nofollow\"><span style=\"font-size: 11pt;\">Gu\u00eda pr\u00e1ctica para catar cerveza: C\u00f3mo apreciar correctamente todas las cervezas del mundo<\/span><\/a><\/p>\n<p><a class=\"fasc-button fasc-size-medium fasc-type-flat fasc-rounded-medium fasc-ico-before dashicons-cart\" style=\"background-color: #ff9900; color: #000000;\" target=\"_blank\" rel=\"nofollow\" href=\"https:\/\/amzn.to\/3LddZmQ\">Comprar en Amazon<\/a><\/p>\n<\/div>\n<\/div>\n<p>Na pr\u00e1tica, todos os monossacar\u00eddeos (glicose e frutose, por exemplo) s\u00e3o a\u00e7\u00facares redutores, assim como a lactose (um dissacar\u00eddeo). Por\u00e9m, a sacarose (o a\u00e7\u00facar granulado comum) n\u00e3o o \u00e9.<\/p>\n<h2>Mecanismos da rea\u00e7\u00e3o de Maillard<\/h2>\n<p>Agora que temos um a\u00e7\u00facar redutor e um grupo amino, podemos come\u00e7ar a analisar a rea\u00e7\u00e3o de Maillard em detalhe. O primeiro passo \u00e9 a rea\u00e7\u00e3o que ocorre entre ambos para formar uma mol\u00e9cula.<\/p>\n<p>Ao longo de um total de 4 rea\u00e7\u00f5es, os dois &#8220;ingredientes&#8221; se reorganizam em um <a href=\"https:\/\/es.wikipedia.org\/wiki\/Transposici%C3%B3n_de_Amadori#:~:text=Formaci%C3%B3n%20de%20un%20producto%20Amadori,el%20nitr%C3%B3geno%2C%20formando%20una%20cetona.\" target=\"_blank\" rel=\"noopener\">composto Amadori<\/a> ou um <a href=\"https:\/\/link.springer.com\/article\/10.1007\/s12161-016-0669-1\" target=\"_blank\" rel=\"noopener\">composto Heyns<\/a>, dependendo do tipo de a\u00e7\u00facar envolvido.<\/p>\n<p>Se o a\u00e7\u00facar tiver um grupo alde\u00eddo (-COOH), o resultado ser\u00e1 um composto Amadori. Se tiver um grupo cetona (-CO-), ser\u00e1 formado um composto Heyns.<\/p>\n<h3>1. Compostos de Amadori e Heyns<\/h3>\n<p>As rea\u00e7\u00f5es qu\u00edmicas envolvidas na forma\u00e7\u00e3o desses compostos envolvem processos de qu\u00edmica org\u00e2nica.<\/p>\n<p>Isso significa muitos esquemas estruturais de mol\u00e9culas e vetores que indicam quais compostos se formam, como s\u00e3o adicionados e como as rea\u00e7\u00f5es ocorrem.<\/p>\n<figure id=\"attachment_21574\" aria-describedby=\"caption-attachment-21574\" style=\"width: 666px\" class=\"wp-caption aligncenter\"><img loading=\"lazy\" decoding=\"async\" class=\"wp-image-21574 size-full\" title=\"Forma\u00e7\u00e3o do composto Amadori\" src=\"https:\/\/www.thebeertimes.com\/wp-content\/uploads\/2021\/07\/Formacion-del-compuesto-Amadori.gif\" alt=\"Forma\u00e7\u00e3o do composto Amadori\" width=\"666\" height=\"207\" \/><figcaption id=\"caption-attachment-21574\" class=\"wp-caption-text\">Composto de Amadori<\/figcaption><\/figure>\n<p>Neste passo, um a\u00e7\u00facar (neste caso glicose) reage com um grupo amino (que pode estar ligado a uma prote\u00edna) para formar um composto Amadori \u2014 o ponto de partida das rea\u00e7\u00f5es posteriores que dar\u00e3o origem aos aromas, sabores e colora\u00e7\u00f5es tostadas.<\/p>\n<p>Tudo come\u00e7a com o a\u00e7\u00facar e o grupo amino formando uma mol\u00e9cula. Em seguida, essa mol\u00e9cula perde \u00e1gua antes de se reorganizar em um composto Amadori. As rea\u00e7\u00f5es com setas bidirecionais indicam que a rea\u00e7\u00e3o \u00e9 revers\u00edvel.<\/p>\n<h3>2. Reordenamento molecular<\/h3>\n<p>At\u00e9 este momento, os tipos de rea\u00e7\u00f5es estavam limitados a aproximadamente dois: um formando um composto Amadori e outro formando um composto Heyns, ambos ocorrendo de maneira muito semelhante.<\/p>\n<figure id=\"attachment_21575\" aria-describedby=\"caption-attachment-21575\" style=\"width: 461px\" class=\"wp-caption aligncenter\"><img loading=\"lazy\" decoding=\"async\" class=\"wp-image-21575 size-full\" title=\"Rea\u00e7\u00f5es\" src=\"https:\/\/www.thebeertimes.com\/wp-content\/uploads\/2021\/07\/Reacciones.gif\" alt=\"Rea\u00e7\u00f5es\" width=\"461\" height=\"171\" \/><figcaption id=\"caption-attachment-21575\" class=\"wp-caption-text\">Reordenamento molecular<\/figcaption><\/figure>\n<p>Na imagem, a mol\u00e9cula da extremidade esquerda \u00e9 o composto Amadori da rea\u00e7\u00e3o anterior.<\/p>\n<p>Se essa mol\u00e9cula estiver em um ambiente \u00e1cido (H+), a rea\u00e7\u00e3o pode ocorrer, resultando na forma\u00e7\u00e3o de uma mol\u00e9cula com dois \u00e1tomos de oxig\u00eanio de liga\u00e7\u00e3o dupla.<\/p>\n<p>Os dois produtos formados nessa rea\u00e7\u00e3o podem fazer todo tipo de coisa. Uma op\u00e7\u00e3o \u00e9 que a aminocetona (produto superior) reaja com outra aminocetona formando um anel, o que resulta na forma\u00e7\u00e3o de pirazinas \u2014 que s\u00e3o altamente arom\u00e1ticas.<\/p>\n<figure id=\"attachment_21576\" aria-describedby=\"caption-attachment-21576\" style=\"width: 645px\" class=\"wp-caption aligncenter\"><img loading=\"lazy\" decoding=\"async\" class=\"wp-image-21576 size-full\" title=\"Rea\u00e7\u00e3o de Strecker\" src=\"https:\/\/www.thebeertimes.com\/wp-content\/uploads\/2021\/07\/Reaccion-de-Strecker.gif\" alt=\"Rea\u00e7\u00e3o de Strecker\" width=\"645\" height=\"164\" \/><figcaption id=\"caption-attachment-21576\" class=\"wp-caption-text\">Rea\u00e7\u00e3o de Strecker<\/figcaption><\/figure>\n<p>Uma vez formadas essas mol\u00e9culas com dois \u00e1tomos de oxig\u00eanio de liga\u00e7\u00e3o dupla, elas podem participar da <a href=\"https:\/\/es.wikipedia.org\/wiki\/S%C3%ADntesis_de_Strecker\" target=\"_blank\" rel=\"noopener\">rea\u00e7\u00e3o ou s\u00edntese de Strecker<\/a> \u2014 momento em que se formam mol\u00e9culas arom\u00e1ticas de baixo peso molecular facilmente detect\u00e1veis pelo olfato, e a varia\u00e7\u00e3o nas vias de rea\u00e7\u00e3o tamb\u00e9m come\u00e7a a aumentar drasticamente.<\/p>\n<p>Nesta etapa tamb\u00e9m ocorre a forma\u00e7\u00e3o inicial de colora\u00e7\u00f5es amarelas muito t\u00eanues, bem como a produ\u00e7\u00e3o de alguns aromas ligeiramente desagrad\u00e1veis.<\/p>\n<div id=\"thebe-1028344826\" style=\"margin-bottom: 30px;\"><div id=\"pf-15242-1\" data-format=\"display\" ><script>window.pubfuturetag = window.pubfuturetag || [];window.pubfuturetag.push({unit: \"683988d268662b3361d8a48f\", id: \"pf-15242-1\"})<\/script><\/div><\/div>\n<h3>3. Melanoidinas coloridas<\/h3>\n<p>Neste ponto, muitas rea\u00e7\u00f5es diferentes est\u00e3o ocorrendo simultaneamente, com os produtos de todas elas reagindo entre si e com os vizinhos mais pr\u00f3ximos, impulsionadas pelas condi\u00e7\u00f5es espec\u00edficas presentes.<\/p>\n<figure id=\"attachment_21577\" aria-describedby=\"caption-attachment-21577\" style=\"width: 300px\" class=\"wp-caption aligncenter\"><img loading=\"lazy\" decoding=\"async\" class=\"size-full wp-image-21577\" src=\"https:\/\/www.thebeertimes.com\/wp-content\/uploads\/2021\/07\/Melanoidina-color-rojo.gif\" alt=\"Melanoidina avermelhada\" width=\"300\" height=\"253\" \/><figcaption id=\"caption-attachment-21577\" class=\"wp-caption-text\">Exemplo de melanoidina avermelhada<\/figcaption><\/figure>\n<p>Este \u00e9 o ponto em que come\u00e7am a se formar as colora\u00e7\u00f5es associadas \u00e0 rea\u00e7\u00e3o de Maillard, com as mol\u00e9culas reagindo e formando estruturas complexas com muitos an\u00e9is \u2014 produzindo melanoidinas coloridas que v\u00e3o do amarelo claro ao marrom muito escuro e at\u00e9 o preto.<\/p>\n<p>Neste ponto, a rea\u00e7\u00e3o de Maillard \u00e9 notavelmente complexa. Uma simples ilustra\u00e7\u00e3o disso: a rea\u00e7\u00e3o de glicose com am\u00f4nia d\u00e1 origem \u00e0 forma\u00e7\u00e3o de mais de 15 compostos diferentes, enquanto a rea\u00e7\u00e3o de glicose com glicina pode dar origem a mais de 24 compostos diferentes.<\/p>\n<p>O mecanismo completo da rea\u00e7\u00e3o de Maillard ainda n\u00e3o foi totalmente elucidado, mas \u00e9 certo que envolve a polimeriza\u00e7\u00e3o de muitos dos compostos formados na segunda fase.<\/p>\n<div id=\"thebe-632078845\" style=\"margin-bottom: 20px;margin-left: auto;margin-right: auto;text-align: center;\"><script async src=\"\/\/pagead2.googlesyndication.com\/pagead\/js\/adsbygoogle.js?client=ca-pub-9395258998211551\" crossorigin=\"anonymous\"><\/script><ins class=\"adsbygoogle\" style=\"display:block; text-align:center;\" data-ad-client=\"ca-pub-9395258998211551\" \ndata-ad-slot=\"1179889612\" \ndata-ad-layout=\"in-article\"\ndata-ad-format=\"fluid\"><\/ins>\n<script> \n(adsbygoogle = window.adsbygoogle || []).push({}); \n<\/script>\n<\/div>\n<p>A rea\u00e7\u00e3o de Maillard \u00e9, em resumo, um grande conjunto de rea\u00e7\u00f5es qu\u00edmicas um tanto &#8220;descontroladas&#8221; que d\u00e3o origem a muitas mol\u00e9culas diferentes, que ent\u00e3o reagem entre si formando outras mol\u00e9culas.<\/p>\n<p>Sempre foi um verdadeiro desafio para os cientistas descobrir o que acontece detalhadamente, mas compreender esse conjunto de rea\u00e7\u00f5es qu\u00edmicas forneceu pistas suficientes para descrever seu funcionamento b\u00e1sico.<\/p>\n<p>\u00c9 assim que, utilizando esse conhecimento sobre o mecanismo da rea\u00e7\u00e3o de Maillard, podemos come\u00e7ar a raciocinar sobre como controlar essa rea\u00e7\u00e3o nos alimentos e entender a origem dos <a href=\"https:\/\/www.thebeertimes.com\/aprendiendo-a-comprender-las-maltas-base\/\" target=\"_blank\" rel=\"noopener\">diferentes tipos de maltes<\/a> utilizados na elabora\u00e7\u00e3o de cerveja.<\/p>\n<h2>Perguntas frequentes (FAQ)<\/h2>\n<h3>1. Qual \u00e9 a diferen\u00e7a entre a rea\u00e7\u00e3o de Maillard e a carameliza\u00e7\u00e3o?<\/h3>\n<p>Embora ambas perten\u00e7am ao escurecimento n\u00e3o enzim\u00e1tico, a principal diferen\u00e7a est\u00e1 nos reagentes e na temperatura. A carameliza\u00e7\u00e3o \u00e9 a pir\u00f3lise dos a\u00e7\u00facares (requer altas temperaturas, geralmente acima de 150\u00b0C) e n\u00e3o envolve prote\u00ednas. A rea\u00e7\u00e3o de Maillard, por sua vez, \u00e9 uma intera\u00e7\u00e3o entre um a\u00e7\u00facar redutor e um grupo amino (prote\u00ednas), e pode ocorrer a temperaturas muito mais baixas (a partir de 90\u00b0C ou at\u00e9 mesmo \u00e0 temperatura ambiente em armazenamento prolongado).<\/p>\n<h3>2. Como se pode acelerar ou retardar a rea\u00e7\u00e3o de Maillard ao cozinhar?<\/h3>\n<p>A velocidade dessa rea\u00e7\u00e3o depende do pH, da umidade e da temperatura. Para aceler\u00e1-la (por exemplo, para dourar mais r\u00e1pido uma carne ou legumes), pode-se elevar o pH adicionando uma pitada de bicarbonato de s\u00f3dio ou reduzir a umidade da superf\u00edcie. Para retard\u00e1-la, adicionam-se ingredientes \u00e1cidos (como suco de lim\u00e3o ou vinagre), reduz-se a temperatura ou aumenta-se o teor de \u00e1gua no cozimento.<\/p>\n<h3>3. O que \u00e9 acrilamida e por que est\u00e1 associada ao perigo da rea\u00e7\u00e3o de Maillard?<\/h3>\n<p>A acrilamida \u00e9 um composto qu\u00edmico org\u00e2nico classificado como prov\u00e1vel carcinog\u00eanico humano. Ela se forma naturalmente durante a rea\u00e7\u00e3o de Maillard em altas temperaturas (geralmente acima de 120\u00b0C), especialmente quando o amino\u00e1cido asparagina (muito comum em batatas e cereais) reage com a\u00e7\u00facares redutores. Por isso, fritar ou tostar em excesso alimentos como batatas fritas, p\u00e3o ou caf\u00e9 aumenta a concentra\u00e7\u00e3o dessa subst\u00e2ncia.<\/p>\n<h3>4. Por que o a\u00e7\u00facar de mesa comum (sacarose) n\u00e3o gera a rea\u00e7\u00e3o de Maillard diretamente?<\/h3>\n<p>A sacarose \u00e9 um dissacar\u00eddeo n\u00e3o redutor porque suas liga\u00e7\u00f5es qu\u00edmicas bloqueiam os grupos funcionais (alde\u00eddo ou cetona) necess\u00e1rios para doar el\u00e9trons e iniciar o processo. Para que a sacarose participe da rea\u00e7\u00e3o de Maillard, ela deve primeiro ser hidrolisada (decomposta) em seus componentes b\u00e1sicos \u2014 glicose e frutose (que s\u00e3o a\u00e7\u00facares redutores) \u2014 pela a\u00e7\u00e3o do calor, do tempo ou de um meio \u00e1cido.<\/p>\n<h3>5. Quais compostos espec\u00edficos da rea\u00e7\u00e3o de Maillard contribuem com o aroma de p\u00e3o torrado ou cerveja?<\/h3>\n<p>Os principais respons\u00e1veis pelos aromas complexos e altamente vol\u00e1teis s\u00e3o as pirazinas e os pirr\u00f3is \u2014 compostos c\u00edclicos sintetizados a partir da degrada\u00e7\u00e3o de Strecker nas fases intermedi\u00e1rias da rea\u00e7\u00e3o. Dependendo dos amino\u00e1cidos espec\u00edficos do alimento, esses compostos qu\u00edmicos geram descritores arom\u00e1ticos que o olfato humano identifica como notas de tostado, nozes, biscoito, caf\u00e9 ou casca de p\u00e3o.<\/p>\n<h2>Recomendamos<\/h2><div id=\"thebe-3108909566\" class=\"thebe-adsterra-300-x-250 thebe-entity-placement\" style=\"margin-top: 15px;margin-left: auto;margin-right: auto;text-align: center;\"><script async src=\"\/\/pagead2.googlesyndication.com\/pagead\/js\/adsbygoogle.js?client=ca-pub-9395258998211551\" crossorigin=\"anonymous\"><\/script><ins class=\"adsbygoogle\" style=\"display:block;\" data-ad-client=\"ca-pub-9395258998211551\" \ndata-ad-slot=\"1930811761\" \ndata-ad-format=\"auto\"><\/ins>\n<script> \n(adsbygoogle = window.adsbygoogle || []).push({}); \n<\/script>\n<\/div>\n<ul>\n<li><a href=\"https:\/\/www.thebeertimes.com\/blockchain-en-la-industria-cervecera-transformando-la-sostenibilidad-y-eficiencia\/\">Blockchain na ind\u00fastria cervejeira: transformando a sustentabilidade e a efici\u00eancia<\/a><\/li>\n<li><a href=\"https:\/\/www.thebeertimes.com\/pt-br\/as-10-pessoas-mais-influentes-da-cerveja-artesanal-chilena-na-ultima-decada\/\">As 10 pessoas mais influentes da cerveja artesanal chilena na \u00faltima d\u00e9cada<\/a><\/li>\n<\/ul>\n<p><script type=\"application\/ld+json\">\n{\n  \"@context\": \"https:\/\/schema.org\",\n  \"@type\": \"FAQPage\",\n  \"mainEntity\": [\n    {\n      \"@type\": \"Question\",\n      \"name\": \"Qual \u00e9 a diferen\u00e7a entre a rea\u00e7\u00e3o de Maillard e a carameliza\u00e7\u00e3o?\",\n      \"acceptedAnswer\": {\n        \"@type\": \"Answer\",\n        \"text\": \"Ambas pertencem ao escurecimento n\u00e3o enzim\u00e1tico, mas a principal diferen\u00e7a est\u00e1 nos reagentes e na temperatura. A carameliza\u00e7\u00e3o \u00e9 a pir\u00f3lise dos a\u00e7\u00facares acima de 150\u00b0C e n\u00e3o envolve prote\u00ednas. A rea\u00e7\u00e3o de Maillard envolve um a\u00e7\u00facar redutor e um grupo amino e pode ocorrer a partir de 90\u00b0C ou at\u00e9 \u00e0 temperatura ambiente em armazenamento prolongado.\"\n      }\n    },\n    {\n      \"@type\": \"Question\",\n      \"name\": \"Como se pode acelerar ou retardar a rea\u00e7\u00e3o de Maillard ao cozinhar?\",\n      \"acceptedAnswer\": {\n        \"@type\": \"Answer\",\n        \"text\": \"A velocidade depende do pH, da umidade e da temperatura. Para aceler\u00e1-la, eleve o pH com bicarbonato de s\u00f3dio ou reduza a umidade da superf\u00edcie. Para retard\u00e1-la, adicione ingredientes \u00e1cidos como suco de lim\u00e3o ou vinagre, reduza a temperatura ou aumente o teor de \u00e1gua no cozimento.\"\n      }\n    },\n    {\n      \"@type\": \"Question\",\n      \"name\": \"O que \u00e9 acrilamida e por que est\u00e1 associada ao perigo da rea\u00e7\u00e3o de Maillard?\",\n      \"acceptedAnswer\": {\n        \"@type\": \"Answer\",\n        \"text\": \"A acrilamida \u00e9 um composto org\u00e2nico classificado como prov\u00e1vel carcinog\u00eanico humano. Forma-se naturalmente acima de 120\u00b0C, especialmente quando a asparagina reage com a\u00e7\u00facares redutores em alimentos como batatas fritas, p\u00e3o ou caf\u00e9.\"\n      }\n    },\n    {\n      \"@type\": \"Question\",\n      \"name\": \"Por que o a\u00e7\u00facar de mesa (sacarose) n\u00e3o gera a rea\u00e7\u00e3o de Maillard diretamente?\",\n      \"acceptedAnswer\": {\n        \"@type\": \"Answer\",\n        \"text\": \"A sacarose \u00e9 um dissacar\u00eddeo n\u00e3o redutor \u2014 suas liga\u00e7\u00f5es qu\u00edmicas bloqueiam os grupos funcionais necess\u00e1rios para iniciar o processo. Ela deve ser hidrolisada em glicose e frutose pela a\u00e7\u00e3o do calor, do tempo ou de um meio \u00e1cido.\"\n      }\n    },\n    {\n      \"@type\": \"Question\",\n      \"name\": \"Quais compostos espec\u00edficos da rea\u00e7\u00e3o de Maillard contribuem com o aroma de p\u00e3o torrado ou cerveja?\",\n      \"acceptedAnswer\": {\n        \"@type\": \"Answer\",\n        \"text\": \"Os principais respons\u00e1veis s\u00e3o as pirazinas e os pirr\u00f3is, compostos c\u00edclicos sintetizados a partir da degrada\u00e7\u00e3o de Strecker. Dependendo dos amino\u00e1cidos do alimento, geram notas arom\u00e1ticas de tostado, nozes, biscoito, caf\u00e9 ou casca de p\u00e3o.\"\n      }\n    }\n  ]\n}\n<\/script><\/p>\n<div id=\"thebe-2171386670\" class=\"thebe-adskeeper-fin-articulo thebe-entity-placement\" style=\"margin-top: 20px;margin-left: auto;margin-right: auto;text-align: center;\"><div data-type=\"_mgwidget\" data-widget-id=\"1705281\">\r\n<\/div>\r\n<script>(function(w,q){w[q]=w[q]||[];w[q].push([\"_mgc.load\"])})(window,\"_mgq\");\r\n<\/script><\/div>","protected":false},"excerpt":{"rendered":"<p>A colora\u00e7\u00e3o e descolora\u00e7\u00e3o dos alimentos \u00e9 um tema muito apreciado dentro da comunidade de qu\u00edmicos que estudam esse campo cient\u00edfico, j\u00e1 que as pigmenta\u00e7\u00f5es e as rea\u00e7\u00f5es que as formam costumam ser muito complexas.<\/p>\n","protected":false},"author":1,"featured_media":38288,"comment_status":"closed","ping_status":"closed","sticky":false,"template":"","format":"standard","meta":{"wpai_generated_summary":"","footnotes":""},"categories":[21125],"tags":[21176,21743,21209,21744,21745,21177],"class_list":["post-47043","post","type-post","status-publish","format-standard","has-post-thumbnail","category-cultura-pt-br","tag-ciencia-pt-br","tag-cor-pt-br","tag-populares-pt-br","tag-quimica-pt-br","tag-reacao-de-maillard-pt-br","tag-tecnologia-pt-br"],"_links":{"self":[{"href":"https:\/\/www.thebeertimes.com\/pt-br\/wp-json\/wp\/v2\/posts\/47043","targetHints":{"allow":["GET"]}}],"collection":[{"href":"https:\/\/www.thebeertimes.com\/pt-br\/wp-json\/wp\/v2\/posts"}],"about":[{"href":"https:\/\/www.thebeertimes.com\/pt-br\/wp-json\/wp\/v2\/types\/post"}],"author":[{"embeddable":true,"href":"https:\/\/www.thebeertimes.com\/pt-br\/wp-json\/wp\/v2\/users\/1"}],"replies":[{"embeddable":true,"href":"https:\/\/www.thebeertimes.com\/pt-br\/wp-json\/wp\/v2\/comments?post=47043"}],"version-history":[{"count":1,"href":"https:\/\/www.thebeertimes.com\/pt-br\/wp-json\/wp\/v2\/posts\/47043\/revisions"}],"predecessor-version":[{"id":47045,"href":"https:\/\/www.thebeertimes.com\/pt-br\/wp-json\/wp\/v2\/posts\/47043\/revisions\/47045"}],"wp:featuredmedia":[{"embeddable":true,"href":"https:\/\/www.thebeertimes.com\/pt-br\/wp-json\/wp\/v2\/media\/38288"}],"wp:attachment":[{"href":"https:\/\/www.thebeertimes.com\/pt-br\/wp-json\/wp\/v2\/media?parent=47043"}],"wp:term":[{"taxonomy":"category","embeddable":true,"href":"https:\/\/www.thebeertimes.com\/pt-br\/wp-json\/wp\/v2\/categories?post=47043"},{"taxonomy":"post_tag","embeddable":true,"href":"https:\/\/www.thebeertimes.com\/pt-br\/wp-json\/wp\/v2\/tags?post=47043"}],"curies":[{"name":"wp","href":"https:\/\/api.w.org\/{rel}","templated":true}]}}