{"id":47076,"date":"2022-10-18T11:03:21","date_gmt":"2022-10-18T15:03:21","guid":{"rendered":"https:\/\/www.thebeertimes.com\/?p=47076"},"modified":"2026-06-26T18:15:38","modified_gmt":"2026-06-26T22:15:38","slug":"anne-francoise-pypaert-de-orval-a-primeira-mulher-a-liderar-uma-cervejaria-trapista","status":"publish","type":"post","link":"https:\/\/www.thebeertimes.com\/pt-br\/anne-francoise-pypaert-de-orval-a-primeira-mulher-a-liderar-uma-cervejaria-trapista\/","title":{"rendered":"Anne-Fran\u00e7oise Pypaert de Orval: a primeira mulher a liderar uma cervejaria Trapista"},"content":{"rendered":"<div id=\"thebe-2380474054\" class=\"thebe-antes-del-contenido-3-2 thebe-entity-placement\">\n            <div \n                class=\"elfsight-widget-popup elfsight-widget\" \n                data-elfsight-popup-options=\"%7B%22blocks%22%3A%5B%7B%22id%22%3A%22babc7e96-e195-4da3-a8c5-7072d42f2f5c%22%2C%22type%22%3A%22image%22%2C%22imageFile%22%3A%7B%22type%22%3A%22uploaded%22%2C%22data%22%3A%7B%22name%22%3A%2261fKvUY%2BdpL._SL1500_%22%2C%22url%22%3A%22https%3A%5C%2F%5C%2Fwww.thebeertimes.com%5C%2Fwp-content%5C%2Fuploads%5C%2F2026%5C%2F02%5C%2F61fKvUYdpL._SL1500_.jpg%22%2C%22size%22%3A53499%2C%22type%22%3A%22image%22%2C%22extension%22%3A%22jpeg%22%2C%22width%22%3A940%2C%22height%22%3A1500%2C%22ext%22%3A%22jpeg%22%7D%7D%2C%22imageScale%22%3A60%7D%2C%7B%22id%22%3A%226689e0da-ab1d-42a0-ac83-457ff13f91dd%22%2C%22type%22%3A%22button%22%2C%22buttonText%22%3A%22Comprar%20na%20AMAZON%22%2C%22buttonAction%22%3A%22redirect%22%2C%22buttonStyle%22%3A%22filled%22%2C%22buttonShape%22%3A%22rectangle%22%2C%22buttonColor%22%3A%22rgb%28255%2C%2038%2C%2067%29%22%2C%22buttonFontSize%22%3A16%2C%22label%22%3A%22Button%22%2C%22buttonUrl%22%3A%22https%3A%5C%2F%5C%2Fwww.amazon.com%5C%2Fdp%5C%2FB0GDGJJWD2%22%7D%5D%2C%22layout%22%3A%22modal%22%2C%22width%22%3A500%2C%22popupBlocksAlignment%22%3A%22center%22%2C%22popupShape%22%3A%22rounded%22%2C%22popupBackgroundColor%22%3A%22rgb%28255%2C%20255%2C%20255%29%22%2C%22popupBackgroundImage%22%3Anull%2C%22popupBackgroundImageOverlayColor%22%3A%22%22%2C%22overlayVisible%22%3Atrue%2C%22overlayClose%22%3Atrue%2C%22overlayBackgroundColor%22%3A%22rgba%2817%2C%2017%2C%2017%2C%200.7%29%22%2C%22overlayBackgroundImage%22%3Anull%2C%22overlayBackgroundImageOverlayColor%22%3A%22%22%2C%22closeButtonVisible%22%3Atrue%2C%22closeButtonColor%22%3A%22rgba%2817%2C%2017%2C%2017%2C%200.7%29%22%2C%22triggerPageLoadEnabled%22%3Afalse%2C%22triggerTimeOnPageEnabled%22%3Afalse%2C%22triggerTimeOnPageDuration%22%3A30%2C%22triggerScrollEnabled%22%3Atrue%2C%22triggerScrollPosition%22%3A25%2C%22triggerScrollToElementEnabled%22%3Afalse%2C%22triggerScrollToElementId%22%3Anull%2C%22triggerClickEnabled%22%3Afalse%2C%22triggerClickElementId%22%3Anull%2C%22triggerExitIntentEnabled%22%3Afalse%2C%22displayFrequency%22%3A%22everytime%22%2C%22displayPages%22%3A%22allPages%22%2C%22displayExcludedPages%22%3A%5B%5D%2C%22displaySpecificPages%22%3A%5B%5D%2C%22displayDevices%22%3A%5B%22desktop%22%2C%22tablet%22%2C%22mobile%22%5D%2C%22widgetId%22%3A%225%22%7D\" \n                data-elfsight-popup-version=\"1.0.0\"\n                data-elfsight-widget-id=\"elfsight-popup-5\">\n            <\/div>\n            <\/div><div id=\"thebe-1847085605\" class=\"thebe-fuente-preferida-2 thebe-entity-placement\" style=\"margin-bottom: 30px;margin-left: auto;margin-right: auto;text-align: center;\"><a href=\"https:\/\/www.google.com\/preferences\/source?q=thebeertimes.com\" target=\"_blank\" aria-label=\"A\u00f1adir como fuente preferida en google\"><img loading=\"lazy\" decoding=\"async\" src=\"https:\/\/www.thebeertimes.com\/wp-content\/uploads\/2026\/07\/Anadir-como-fuente-preferida-en-google-1.jpg\" alt=\"\"  srcset=\"https:\/\/www.thebeertimes.com\/wp-content\/uploads\/2026\/07\/Anadir-como-fuente-preferida-en-google-1.jpg 638w, https:\/\/www.thebeertimes.com\/wp-content\/uploads\/2026\/07\/Anadir-como-fuente-preferida-en-google-1-300x60.jpg 300w\" sizes=\"(max-width: 638px) 100vw, 638px\" width=\"175\" height=\"127\"  style=\"display: inline-block;\" \/><\/a><\/div><p><span style=\"font-size: 12pt;\">Por <a href=\"http:\/\/drinkbelgianbeer.com\/breweries\/meet-anne-francoise-pypaert-the-first-female-trappist-brewmaster\" target=\"_blank\" rel=\"noopener noreferrer\">Belgian Beer Specialist<\/a><\/span><\/p>\n<p>As coisas mudaram muito em um mundo predominantemente dominado pelos homens, como t\u00eam sido <a href=\"https:\/\/www.thebeertimes.com\/cervezas-trapenses-ora-et-labora\/\" target=\"_blank\" rel=\"noopener\">as cervejarias das Abadias Trapistas<\/a> nas \u00faltimas d\u00e9cadas.<\/p>\n<figure id=\"attachment_10398\" aria-describedby=\"caption-attachment-10398\" style=\"width: 600px\" class=\"wp-caption aligncenter\"><img loading=\"lazy\" decoding=\"async\" class=\"wp-image-10398 size-full\" title=\"Anne-Fran\u00e7oise Pypaert\" src=\"https:\/\/www.thebeertimes.com\/wp-content\/uploads\/2018\/04\/Anne-Fran\u00e7oise_Pypaert_FB.jpg\" alt=\"Anne-Fran\u00e7oise Pypaert\" width=\"600\" height=\"315\" srcset=\"https:\/\/www.thebeertimes.com\/wp-content\/uploads\/2018\/04\/Anne-Fran\u00e7oise_Pypaert_FB.jpg 600w, https:\/\/www.thebeertimes.com\/wp-content\/uploads\/2018\/04\/Anne-Fran\u00e7oise_Pypaert_FB-300x158.jpg 300w, https:\/\/www.thebeertimes.com\/wp-content\/uploads\/2018\/04\/Anne-Fran\u00e7oise_Pypaert_FB-114x60.jpg 114w\" sizes=\"auto, (max-width: 600px) 100vw, 600px\" \/><figcaption id=\"caption-attachment-10398\" class=\"wp-caption-text\">Anne-Fran\u00e7oise Pypaert &#8211; \u00a9 DrinkBelgianBeer.com<\/figcaption><\/figure>\n<p>Um n\u00famero significativo de mulheres trabalha nesses lugares sagrados, nas \u00e1reas de laborat\u00f3rio, marketing e principalmente controle de qualidade.<\/p>\n<p>Sua preponder\u00e2ncia nas \u00e1reas de controle de qualidade deve-se talvez \u00e0 cren\u00e7a generalizada na B\u00e9lgica e em outros lugares de que as mulheres possuem um sentido do olfato e do paladar mais sens\u00edvel e desenvolvido do que os homens e, portanto, estariam mais capacitadas para essas fun\u00e7\u00f5es.<\/p>\n<div id=\"thebe-1324898527\" style=\"margin-bottom: 30px;\"><script async src=\"\/\/pagead2.googlesyndication.com\/pagead\/js\/adsbygoogle.js?client=ca-pub-9395258998211551\" crossorigin=\"anonymous\"><\/script><ins class=\"adsbygoogle\" style=\"display:block;\" data-ad-client=\"ca-pub-9395258998211551\" \ndata-ad-slot=\"8775458773\" \ndata-ad-format=\"auto\"><\/ins>\n<script> \n(adsbygoogle = window.adsbygoogle || []).push({}); \n<\/script>\n<\/div>\n\n<h2>Herdeira por direito pr\u00f3prio<\/h2>\n<p>Mas no topo do organograma, nunca havia existido uma mulher respons\u00e1vel como mestra cervejeira em nenhuma cervejaria trapista.<\/p>\n<p>Isso mudou em outubro de 2013, quando Jean-Marie Rock, o c\u00e9lebre mestre cervejeiro da <a href=\"https:\/\/www.thebeertimes.com\/orval-la-cerveza-del-valle-de-oro\/\" target=\"_blank\" rel=\"noopener noreferrer\">Brasserie d&#8217;Orval<\/a>, na l&#8217;Abbaye Notre Dame d&#8217;Orval, se aposentou.<\/p>\n<figure id=\"attachment_10395\" aria-describedby=\"caption-attachment-10395\" style=\"width: 500px\" class=\"wp-caption aligncenter\"><img loading=\"lazy\" decoding=\"async\" class=\"wp-image-10395 size-full\" title=\"Jean-Marie Rock &amp; Anne-Fran\u00e7oise Pypaert - \u00a9 BeerTourism.com\" src=\"https:\/\/www.thebeertimes.com\/wp-content\/uploads\/2018\/04\/Jean-Marie_Rock_y_Anne-Fran\u00e7oise_Pypaert.jpg\" alt=\"Jean-Marie Rock &amp; Anne-Fran\u00e7oise Pypaert\" width=\"500\" height=\"260\" srcset=\"https:\/\/www.thebeertimes.com\/wp-content\/uploads\/2018\/04\/Jean-Marie_Rock_y_Anne-Fran\u00e7oise_Pypaert.jpg 500w, https:\/\/www.thebeertimes.com\/wp-content\/uploads\/2018\/04\/Jean-Marie_Rock_y_Anne-Fran\u00e7oise_Pypaert-300x156.jpg 300w\" sizes=\"auto, (max-width: 500px) 100vw, 500px\" \/><figcaption id=\"caption-attachment-10395\" class=\"wp-caption-text\">Jean-Marie Rock &amp; Anne-Fran\u00e7oise Pypaert &#8211; \u00a9 BeerTourism.com<\/figcaption><\/figure>\n<p>Mas nesse ponto sua substituta j\u00e1 havia sido nomeada alguns meses antes: Anne-Fran\u00e7oise Pypaert, diretora de controle de qualidade desde 1995 e segunda no comando ap\u00f3s Jean-Marie.<\/p>\n<p>De fato, Anne-Fran\u00e7oise era a \u00fanica mulher que trabalhava na Orval quando foi contratada pela primeira vez no final de 1992.<\/p>\n<p>Hoje, s\u00e3o oito mulheres no total: uma no laborat\u00f3rio, uma em pesquisa e desenvolvimento, quatro no escrit\u00f3rio administrativo, uma na f\u00e1brica de queijos e uma como mestra cervejeira. Oito de um total de 37 trabalhadores.<\/p>\n<h2>Apaixonada pela cerveja<\/h2>\n<p>Ao ser perguntada se Anne-Fran\u00e7oise havia considerado alguma vez a elabora\u00e7\u00e3o de cerveja como carreira quando come\u00e7ou a estudar Bioqu\u00edmica no final da d\u00e9cada de 1980, ela responde que n\u00e3o achava poss\u00edvel, pois a elabora\u00e7\u00e3o de cerveja era um mundo muito dominado pelos homens naquela \u00e9poca.<\/p><div id=\"thebe-488595489\" class=\"thebe-libros-amazon thebe-entity-placement\" style=\"margin-left: auto;margin-right: auto;text-align: center;\"><div style=\"background-color: #ffffff; border: 1px solid #ccc; border-radius: 12px; padding: 16px; max-width: 320px; margin: 20px auto; text-align: center; font-family: helvetica, arial, sans-serif;\">\n<p><a href=\"https:\/\/amzn.to\/3LddZmQ\"><img loading=\"lazy\" decoding=\"async\" class=\"wp-image-43340 aligncenter\" src=\"https:\/\/www.thebeertimes.com\/wp-content\/uploads\/2025\/05\/Catar-cerveza-300x300.jpg\" alt=\"Gu\u00eda Pr\u00e1ctica Catar Cerveza Amazon\" width=\"200\" height=\"199\" srcset=\"https:\/\/www.thebeertimes.com\/wp-content\/uploads\/2025\/05\/Catar-cerveza-300x300.jpg 300w, https:\/\/www.thebeertimes.com\/wp-content\/uploads\/2025\/05\/Catar-cerveza-150x150.jpg 150w, https:\/\/www.thebeertimes.com\/wp-content\/uploads\/2025\/05\/Catar-cerveza-370x370.jpg 370w, https:\/\/www.thebeertimes.com\/wp-content\/uploads\/2025\/05\/Catar-cerveza.jpg 500w\" sizes=\"auto, (max-width: 200px) 100vw, 200px\" \/><\/a><\/p>\n<p style=\"color: #0000ff; font-weight: bold; margin: 8px 0; line-height: 1.2;\"><a href=\"https:\/\/amzn.to\/3LddZmQ\" target=\"_blank\" rel=\"nofollow\"><span style=\"font-size: 11pt;\">Gu\u00eda pr\u00e1ctica para catar cerveza: C\u00f3mo apreciar correctamente todas las cervezas del mundo<\/span><\/a><\/p>\n<p><a class=\"fasc-button fasc-size-medium fasc-type-flat fasc-rounded-medium fasc-ico-before dashicons-cart\" style=\"background-color: #ff9900; color: #000000;\" target=\"_blank\" rel=\"nofollow\" href=\"https:\/\/amzn.to\/3LddZmQ\">Comprar en Amazon<\/a><\/p>\n<\/div>\n<\/div>\n<blockquote><p>No entanto, depois de alguns anos, enquanto ainda estudava para obter meu diploma, comecei a pensar que seria poss\u00edvel encontrar trabalho em uma cervejaria, pois as coisas estavam mudando naquela \u00e9poca. Por isso, concentrei-me em me candidatar a cervejarias e fui contratada aqui.<\/p><\/blockquote>\n<p>Ela nunca trabalhou em outro lugar desde que se formou na universidade, o que \u00e9 bastante not\u00e1vel nos dias de hoje.<\/p>\n<p>Embora talvez n\u00e3o t\u00e3o not\u00e1vel, considerando que as cervejarias trapistas s\u00e3o reconhecidas como bons lugares para trabalhar, com remunera\u00e7\u00e3o e benef\u00edcios generosos. Os monges trapistas cuidam bem de seus funcion\u00e1rios.<\/p>\n<p>Surpreendentemente, Anne-Fran\u00e7oise provou <a href=\"https:\/\/www.thebeertimes.com\/pt-br\/orval-belgian-pale-ale-notas-de-degustacao-e-harmonizacoes-recomendadas\/\" target=\"_blank\" rel=\"noopener noreferrer\">a cerveja Orval<\/a> pela primeira vez apenas alguns dias antes de sua entrevista inicial na cervejaria, e comenta sorrindo:<\/p>\n<blockquote><p>Gostei desde o in\u00edcio, pois sempre fui uma apreciadora de cerveja. Digo a todo mundo que as mulheres tamb\u00e9m gostam de Orval e de outras cervejas amargas. Gosto de combater a percep\u00e7\u00e3o de que as mulheres s\u00f3 gostam de cervejas doces.<\/p><\/blockquote>\n<h2>Forma\u00e7\u00e3o e responsabilidades na Orval<\/h2>\n<p>Anne-Fran\u00e7oise estudou no Institut Meurice em Bruxelas, que hoje se chama &#8220;Escola Superior Lucia Debrouckere&#8221;.<\/p>\n<figure id=\"attachment_10397\" aria-describedby=\"caption-attachment-10397\" style=\"width: 500px\" class=\"wp-caption aligncenter\"><img loading=\"lazy\" decoding=\"async\" class=\"wp-image-10397 size-full\" title=\"l' Abbaye Notre Dame d' Orval - \u00a9 DrinkBelgianBeer.com\" src=\"https:\/\/www.thebeertimes.com\/wp-content\/uploads\/2018\/04\/Abbaye_Notre_Dame_d_Orval.jpg\" alt=\"l' Abbaye Notre Dame d' Orval\" width=\"500\" height=\"260\" srcset=\"https:\/\/www.thebeertimes.com\/wp-content\/uploads\/2018\/04\/Abbaye_Notre_Dame_d_Orval.jpg 500w, https:\/\/www.thebeertimes.com\/wp-content\/uploads\/2018\/04\/Abbaye_Notre_Dame_d_Orval-300x156.jpg 300w\" sizes=\"auto, (max-width: 500px) 100vw, 500px\" \/><figcaption id=\"caption-attachment-10397\" class=\"wp-caption-text\">l&#8217; Abbaye Notre Dame d&#8217; Orval &#8211; \u00a9 DrinkBelgianBeer.com<\/figcaption><\/figure>\n<p>No entanto, foi seu treinamento em servi\u00e7o com Jean-Marie Rock por mais de vinte anos o que moldou seus talentos cervejeiros.<\/p>\n<blockquote><p>Obviamente n\u00e3o sou Jean-Marie. Embora o m\u00e9todo de produ\u00e7\u00e3o seja quase o mesmo, pois ele foi meu mentor, temos estilos de gest\u00e3o muito diferentes.<\/p><\/blockquote>\n<div id=\"thebe-2172885971\" style=\"margin-bottom: 20px;margin-left: auto;margin-right: auto;text-align: center;\"><script async src=\"\/\/pagead2.googlesyndication.com\/pagead\/js\/adsbygoogle.js?client=ca-pub-9395258998211551\" crossorigin=\"anonymous\"><\/script><ins class=\"adsbygoogle\" style=\"display:block; text-align:center;\" data-ad-client=\"ca-pub-9395258998211551\" \ndata-ad-slot=\"1179889612\" \ndata-ad-layout=\"in-article\"\ndata-ad-format=\"fluid\"><\/ins>\n<script> \n(adsbygoogle = window.adsbygoogle || []).push({}); \n<\/script>\n<\/div>\n<h2>Orgulho e reconhecimento<\/h2>\n<p>Como \u00e9 ser a primeira mestra cervejeira em uma cervejaria trapista? Voc\u00ea se orgulha dessa conquista? Anne-Fran\u00e7oise responde:<\/p>\n<blockquote><p>Sim, tenho orgulho, tenho certeza. Estou muito feliz.<\/p><\/blockquote>\n<p>Como se tudo isso n\u00e3o fosse suficientemente impressionante, Anne-Fran\u00e7oise tamb\u00e9m \u00e9 diretora de produ\u00e7\u00e3o da f\u00e1brica de queijos da Orval.<\/p>\n<p>Hoje a Orval produz tr\u00eas queijos, todos baseados no estilo Port Salut: jovens, curados e queijos lavados com cerveja Orval.<\/p>\n<p>Infelizmente, por enquanto, os queijos est\u00e3o dispon\u00edveis apenas na B\u00e9lgica, Fran\u00e7a e Pa\u00edses Baixos.<\/p>\n<h2>Recomendamos<\/h2><div id=\"thebe-2476663227\" class=\"thebe-adsterra-300-x-250 thebe-entity-placement\" style=\"margin-top: 15px;margin-left: auto;margin-right: auto;text-align: center;\"><script async src=\"\/\/pagead2.googlesyndication.com\/pagead\/js\/adsbygoogle.js?client=ca-pub-9395258998211551\" crossorigin=\"anonymous\"><\/script><ins class=\"adsbygoogle\" style=\"display:block;\" data-ad-client=\"ca-pub-9395258998211551\" \ndata-ad-slot=\"1930811761\" \ndata-ad-format=\"auto\"><\/ins>\n<script> \n(adsbygoogle = window.adsbygoogle || []).push({}); \n<\/script>\n<\/div>\n<ul>\n<li><a href=\"https:\/\/www.thebeertimes.com\/cerveza-paulaner\/\" target=\"_blank\" rel=\"noopener\">Cerveja Paulaner, a loira mais desejada de Munique<\/a><\/li>\n<li><a href=\"https:\/\/www.thebeertimes.com\/consejos-para-obtener-una-mejor-espuma-en-la-cerveza\/\" target=\"_blank\" rel=\"noopener\">Dicas para obter uma espuma melhor na sua cerveja<\/a><\/li>\n<\/ul>\n<div id=\"thebe-2460192660\" class=\"thebe-adskeeper-fin-articulo thebe-entity-placement\" style=\"margin-top: 20px;margin-left: auto;margin-right: auto;text-align: center;\"><div data-type=\"_mgwidget\" data-widget-id=\"1705281\">\r\n<\/div>\r\n<script>(function(w,q){w[q]=w[q]||[];w[q].push([\"_mgc.load\"])})(window,\"_mgq\");\r\n<\/script><\/div>","protected":false},"excerpt":{"rendered":"<p>As coisas mudaram muito em um mundo predominantemente dominado pelos homens, como t\u00eam sido as cervejarias das Abadias Trapistas nas \u00faltimas d\u00e9cadas.<\/p>\n","protected":false},"author":1,"featured_media":38070,"comment_status":"closed","ping_status":"closed","sticky":false,"template":"","format":"standard","meta":{"wpai_generated_summary":"","footnotes":""},"categories":[21125],"tags":[21135,21416,21128,21241],"class_list":["post-47076","post","type-post","status-publish","format-standard","has-post-thumbnail","category-cultura-pt-br","tag-belgica-pt-br","tag-cerveza-trapense-pt-br","tag-cultura-pt-br","tag-orval-pt-br"],"_links":{"self":[{"href":"https:\/\/www.thebeertimes.com\/pt-br\/wp-json\/wp\/v2\/posts\/47076","targetHints":{"allow":["GET"]}}],"collection":[{"href":"https:\/\/www.thebeertimes.com\/pt-br\/wp-json\/wp\/v2\/posts"}],"about":[{"href":"https:\/\/www.thebeertimes.com\/pt-br\/wp-json\/wp\/v2\/types\/post"}],"author":[{"embeddable":true,"href":"https:\/\/www.thebeertimes.com\/pt-br\/wp-json\/wp\/v2\/users\/1"}],"replies":[{"embeddable":true,"href":"https:\/\/www.thebeertimes.com\/pt-br\/wp-json\/wp\/v2\/comments?post=47076"}],"version-history":[{"count":1,"href":"https:\/\/www.thebeertimes.com\/pt-br\/wp-json\/wp\/v2\/posts\/47076\/revisions"}],"predecessor-version":[{"id":47078,"href":"https:\/\/www.thebeertimes.com\/pt-br\/wp-json\/wp\/v2\/posts\/47076\/revisions\/47078"}],"wp:featuredmedia":[{"embeddable":true,"href":"https:\/\/www.thebeertimes.com\/pt-br\/wp-json\/wp\/v2\/media\/38070"}],"wp:attachment":[{"href":"https:\/\/www.thebeertimes.com\/pt-br\/wp-json\/wp\/v2\/media?parent=47076"}],"wp:term":[{"taxonomy":"category","embeddable":true,"href":"https:\/\/www.thebeertimes.com\/pt-br\/wp-json\/wp\/v2\/categories?post=47076"},{"taxonomy":"post_tag","embeddable":true,"href":"https:\/\/www.thebeertimes.com\/pt-br\/wp-json\/wp\/v2\/tags?post=47076"}],"curies":[{"name":"wp","href":"https:\/\/api.w.org\/{rel}","templated":true}]}}