{"id":47357,"date":"2024-12-22T10:17:26","date_gmt":"2024-12-22T14:17:26","guid":{"rendered":"https:\/\/www.thebeertimes.com\/?p=47357"},"modified":"2026-07-01T10:12:26","modified_gmt":"2026-07-01T14:12:26","slug":"cogumelos-psicodelicos-origem-lenda-papai-noel","status":"publish","type":"post","link":"https:\/\/www.thebeertimes.com\/pt-br\/cogumelos-psicodelicos-origem-lenda-papai-noel\/","title":{"rendered":"Os milenares cogumelos psicod\u00e9licos que deram origem \u00e0 lenda do Papai Noel"},"content":{"rendered":"<div id=\"thebe-3024830378\" class=\"thebe-antes-del-contenido-3-2 thebe-entity-placement\">\n            <div \n                class=\"elfsight-widget-popup elfsight-widget\" \n                data-elfsight-popup-options=\"%7B%22blocks%22%3A%5B%7B%22id%22%3A%22babc7e96-e195-4da3-a8c5-7072d42f2f5c%22%2C%22type%22%3A%22image%22%2C%22imageFile%22%3A%7B%22type%22%3A%22uploaded%22%2C%22data%22%3A%7B%22name%22%3A%2261fKvUY%2BdpL._SL1500_%22%2C%22url%22%3A%22https%3A%5C%2F%5C%2Fwww.thebeertimes.com%5C%2Fwp-content%5C%2Fuploads%5C%2F2026%5C%2F02%5C%2F61fKvUYdpL._SL1500_.jpg%22%2C%22size%22%3A53499%2C%22type%22%3A%22image%22%2C%22extension%22%3A%22jpeg%22%2C%22width%22%3A940%2C%22height%22%3A1500%2C%22ext%22%3A%22jpeg%22%7D%7D%2C%22imageScale%22%3A60%7D%2C%7B%22id%22%3A%226689e0da-ab1d-42a0-ac83-457ff13f91dd%22%2C%22type%22%3A%22button%22%2C%22buttonText%22%3A%22Comprar%20na%20AMAZON%22%2C%22buttonAction%22%3A%22redirect%22%2C%22buttonStyle%22%3A%22filled%22%2C%22buttonShape%22%3A%22rectangle%22%2C%22buttonColor%22%3A%22rgb%28255%2C%2038%2C%2067%29%22%2C%22buttonFontSize%22%3A16%2C%22label%22%3A%22Button%22%2C%22buttonUrl%22%3A%22https%3A%5C%2F%5C%2Fwww.amazon.com%5C%2Fdp%5C%2FB0GDGJJWD2%22%7D%5D%2C%22layout%22%3A%22modal%22%2C%22width%22%3A500%2C%22popupBlocksAlignment%22%3A%22center%22%2C%22popupShape%22%3A%22rounded%22%2C%22popupBackgroundColor%22%3A%22rgb%28255%2C%20255%2C%20255%29%22%2C%22popupBackgroundImage%22%3Anull%2C%22popupBackgroundImageOverlayColor%22%3A%22%22%2C%22overlayVisible%22%3Atrue%2C%22overlayClose%22%3Atrue%2C%22overlayBackgroundColor%22%3A%22rgba%2817%2C%2017%2C%2017%2C%200.7%29%22%2C%22overlayBackgroundImage%22%3Anull%2C%22overlayBackgroundImageOverlayColor%22%3A%22%22%2C%22closeButtonVisible%22%3Atrue%2C%22closeButtonColor%22%3A%22rgba%2817%2C%2017%2C%2017%2C%200.7%29%22%2C%22triggerPageLoadEnabled%22%3Afalse%2C%22triggerTimeOnPageEnabled%22%3Afalse%2C%22triggerTimeOnPageDuration%22%3A30%2C%22triggerScrollEnabled%22%3Atrue%2C%22triggerScrollPosition%22%3A25%2C%22triggerScrollToElementEnabled%22%3Afalse%2C%22triggerScrollToElementId%22%3Anull%2C%22triggerClickEnabled%22%3Afalse%2C%22triggerClickElementId%22%3Anull%2C%22triggerExitIntentEnabled%22%3Afalse%2C%22displayFrequency%22%3A%22everytime%22%2C%22displayPages%22%3A%22allPages%22%2C%22displayExcludedPages%22%3A%5B%5D%2C%22displaySpecificPages%22%3A%5B%5D%2C%22displayDevices%22%3A%5B%22desktop%22%2C%22tablet%22%2C%22mobile%22%5D%2C%22widgetId%22%3A%225%22%7D\" \n                data-elfsight-popup-version=\"1.0.0\"\n                data-elfsight-widget-id=\"elfsight-popup-5\">\n            <\/div>\n            <\/div><div id=\"thebe-2960985008\" class=\"thebe-fuente-preferida-2 thebe-entity-placement\" style=\"margin-bottom: 30px;margin-left: auto;margin-right: auto;text-align: center;\"><a href=\"https:\/\/www.google.com\/preferences\/source?q=thebeertimes.com\" target=\"_blank\" aria-label=\"A\u00f1adir como fuente preferida en google\"><img loading=\"lazy\" decoding=\"async\" src=\"https:\/\/www.thebeertimes.com\/wp-content\/uploads\/2026\/07\/Anadir-como-fuente-preferida-en-google-1.jpg\" alt=\"\"  srcset=\"https:\/\/www.thebeertimes.com\/wp-content\/uploads\/2026\/07\/Anadir-como-fuente-preferida-en-google-1.jpg 638w, https:\/\/www.thebeertimes.com\/wp-content\/uploads\/2026\/07\/Anadir-como-fuente-preferida-en-google-1-300x60.jpg 300w\" sizes=\"(max-width: 638px) 100vw, 638px\" width=\"175\" height=\"127\"  style=\"display: inline-block;\" \/><\/a><\/div><p class=\"whitespace-pre-wrap break-words\">No cora\u00e7\u00e3o da tradi\u00e7\u00e3o natalina mais reconhec\u00edvel do mundo ocidental existe uma fascinante hist\u00f3ria que entrela\u00e7a elementos aparentemente d\u00edspares.<\/p>\n<figure id=\"attachment_24581\" aria-describedby=\"caption-attachment-24581\" style=\"width: 600px\" class=\"wp-caption aligncenter\"><img loading=\"lazy\" decoding=\"async\" class=\"wp-image-24581 size-full\" title=\"Papai Noel Amanita Muscaria\" src=\"https:\/\/www.thebeertimes.com\/wp-content\/uploads\/2022\/12\/Santa-Claus-Amanita-Muscaria.jpg\" alt=\"Papai Noel Amanita Muscaria\" width=\"600\" height=\"315\" srcset=\"https:\/\/www.thebeertimes.com\/wp-content\/uploads\/2022\/12\/Santa-Claus-Amanita-Muscaria.jpg 600w, https:\/\/www.thebeertimes.com\/wp-content\/uploads\/2022\/12\/Santa-Claus-Amanita-Muscaria-300x158.jpg 300w, https:\/\/www.thebeertimes.com\/wp-content\/uploads\/2022\/12\/Santa-Claus-Amanita-Muscaria-114x60.jpg 114w\" sizes=\"auto, (max-width: 600px) 100vw, 600px\" \/><figcaption id=\"caption-attachment-24581\" class=\"wp-caption-text\">Papai Noel<\/figcaption><\/figure>\n<p class=\"whitespace-pre-wrap break-words\">A hist\u00f3ria do Papai Noel, longe de ser um simples conto infantil, emerge como um complexo mosaico que entrela\u00e7a pr\u00e1ticas xam\u00e2nicas ancestrais, uma simbiose milenar entre humanos e renas, bem como uma profunda conex\u00e3o com os ciclos naturais do mundo \u00e1rtico.<\/p>\n<div id=\"thebe-1022967711\" style=\"margin-bottom: 30px;\"><script async src=\"\/\/pagead2.googlesyndication.com\/pagead\/js\/adsbygoogle.js?client=ca-pub-9395258998211551\" crossorigin=\"anonymous\"><\/script><ins class=\"adsbygoogle\" style=\"display:block;\" data-ad-client=\"ca-pub-9395258998211551\" \ndata-ad-slot=\"8775458773\" \ndata-ad-format=\"auto\"><\/ins>\n<script> \n(adsbygoogle = window.adsbygoogle || []).push({}); \n<\/script>\n<\/div>\n<h2 class=\"font-600 text-xl font-bold\">Os guardi\u00f5es do c\u00edrculo polar<\/h2>\n<p class=\"whitespace-pre-wrap break-words\">Nas vastas extens\u00f5es nevadas da Lap\u00f4nia, onde as auroras boreais iluminam o c\u00e9u de inverno, o povo sami mant\u00e9m uma conex\u00e3o milenar com seu entorno h\u00e1 mais de quatro mil anos.<\/p>\n<p>Seu territ\u00f3rio tradicional, S\u00e1pmi, se estende pelo norte da Noruega, Su\u00e9cia, Finl\u00e2ndia e pela Pen\u00ednsula de Kola, na R\u00fassia, abrangendo uma vasta paisagem de tundra, florestas boreais e montanhas nevadas.<\/p>\n<p class=\"whitespace-pre-wrap break-words\">Suas pr\u00e1ticas xam\u00e2nicas, especialmente as realizadas durante o solst\u00edcio de inverno, revelam surpreendentes paralelismos \u2014 nada casuais \u2014 com nossas celebra\u00e7\u00f5es natalinas atuais.<\/p>\n<p class=\"whitespace-pre-wrap break-words\">Os xam\u00e3s sami, atuando como pontes entre o mundo vis\u00edvel e o invis\u00edvel, desenvolveram rituais sagrados que envolviam a Amanita muscaria, um cogumelo psicod\u00e9lico cujo caracter\u00edstico chap\u00e9u vermelho com manchas brancas prefiguraria as cores distintivas do Papai Noel.<\/p>\n<p>O etnomic\u00f3logo Gordon Wasson chegou a propor que esse cogumelo era o lend\u00e1rio &#8220;soma&#8221;, a subst\u00e2ncia divina venerada na tradi\u00e7\u00e3o v\u00e9dica, que, ao contr\u00e1rio de outros ente\u00f3genos considerados meros intermedi\u00e1rios com o divino, era reconhecida como uma divindade em si mesma.<\/p>\n<h2 class=\"font-600 text-xl font-bold\">A import\u00e2ncia das renas na cultura sami<\/h2>\n<p>As renas (Rangifer tarandus) t\u00eam sido o eixo central da cultura sami durante mil\u00eanios, proporcionando n\u00e3o apenas sustento material, mas tamb\u00e9m uma profunda conex\u00e3o espiritual com o mundo natural.<\/p>\n<p>Essa rela\u00e7\u00e3o simbi\u00f3tica influenciou cada aspecto da vida sami, desde seus padr\u00f5es de migra\u00e7\u00e3o at\u00e9 suas pr\u00e1ticas xam\u00e2nicas.<\/p>\n<p class=\"whitespace-pre-wrap break-words\">Os xam\u00e3s acreditavam que as renas podiam guiar as almas pelos diferentes n\u00edveis do cosmos, uma cren\u00e7a que posteriormente se transformaria na imagem do tren\u00f3 voador do Papai Noel.<\/p>\n<p class=\"whitespace-pre-wrap break-words\">Esses animais buscam e consomem ativamente esses cogumelos em estado selvagem, um comportamento que os sami observaram e posteriormente incorporaram \u00e0s suas pr\u00e1ticas espirituais.<\/p>\n<p class=\"whitespace-pre-wrap break-words\">Os xam\u00e3s sami observaram que as renas n\u00e3o apenas consumiam os cogumelos, mas tamb\u00e9m pareciam buscar e consumir a neve amarela onde outras renas haviam urinado ap\u00f3s com\u00ea-los \u2014 um comportamento que os xam\u00e3s posteriormente imitariam em suas pr\u00f3prias pr\u00e1ticas rituais.<\/p>\n<p>A explica\u00e7\u00e3o para isso reside no fato de que o f\u00edgado das renas metaboliza os componentes psicoativos do cogumelo, transformando o \u00e1cido ibot\u00e9nico em muscimol, um composto mais potente e menos t\u00f3xico.<\/p>\n<p>A capacidade das renas de encontrar alimento sob a neve profunda, sua resist\u00eancia excepcional e sua habilidade para se orientar na escurid\u00e3o do inverno \u00e1rtico as tornaram s\u00edmbolos de sabedoria e guia espiritual.<\/p>\n<p><img loading=\"lazy\" decoding=\"async\" class=\"aligncenter wp-image-45257\" title=\"Xam\u00e3 sami e suas renas\" src=\"https:\/\/www.thebeertimes.com\/wp-content\/uploads\/2024\/12\/Sami-y-sus-renos-300x200.jpg\" alt=\"Xam\u00e3 sami e suas renas\" width=\"400\" height=\"266\" srcset=\"https:\/\/www.thebeertimes.com\/wp-content\/uploads\/2024\/12\/Sami-y-sus-renos-300x200.jpg 300w, https:\/\/www.thebeertimes.com\/wp-content\/uploads\/2024\/12\/Sami-y-sus-renos-270x180.jpg 270w, https:\/\/www.thebeertimes.com\/wp-content\/uploads\/2024\/12\/Sami-y-sus-renos-370x245.jpg 370w, https:\/\/www.thebeertimes.com\/wp-content\/uploads\/2024\/12\/Sami-y-sus-renos.jpg 500w\" sizes=\"auto, (max-width: 400px) 100vw, 400px\" \/><\/p>\n<h2 class=\"font-600 text-xl font-bold\">Migra\u00e7\u00e3o e rituais<\/h2>\n<p class=\"whitespace-pre-wrap break-words\">O calend\u00e1rio tradicional sami se estrutura em torno de oito esta\u00e7\u00f5es distintas, cada uma marcada por diferentes atividades relacionadas \u00e0 cria\u00e7\u00e3o de renas.<\/p>\n<p class=\"whitespace-pre-wrap break-words\">Durante o solst\u00edcio de inverno, quando a escurid\u00e3o envolve o \u00c1rtico, os sami celebravam rituais especialmente significativos que envolviam tanto as renas quanto a Amanita muscaria.<\/p>\n<p class=\"whitespace-pre-wrap break-words\">Os xam\u00e3s sami, vestidos com trajes cerimoniais decorados em vermelho e branco \u2014 cores que refletiam as do sagrado cogumelo \u2014 realizavam elaborados rituais que inclu\u00edam cantos, dan\u00e7as e o consumo cerimonial de Amanita muscaria.<\/p><div id=\"thebe-1185646548\" class=\"thebe-libros-amazon thebe-entity-placement\" style=\"margin-left: auto;margin-right: auto;text-align: center;\"><div style=\"background-color: #ffffff; border: 1px solid #ccc; border-radius: 12px; padding: 16px; max-width: 320px; margin: 20px auto; text-align: center; font-family: helvetica, arial, sans-serif;\">\n<p><a href=\"https:\/\/amzn.to\/3LddZmQ\"><img loading=\"lazy\" decoding=\"async\" class=\"wp-image-43340 aligncenter\" src=\"https:\/\/www.thebeertimes.com\/wp-content\/uploads\/2025\/05\/Catar-cerveza-300x300.jpg\" alt=\"Gu\u00eda Pr\u00e1ctica Catar Cerveza Amazon\" width=\"200\" height=\"199\" srcset=\"https:\/\/www.thebeertimes.com\/wp-content\/uploads\/2025\/05\/Catar-cerveza-300x300.jpg 300w, https:\/\/www.thebeertimes.com\/wp-content\/uploads\/2025\/05\/Catar-cerveza-150x150.jpg 150w, https:\/\/www.thebeertimes.com\/wp-content\/uploads\/2025\/05\/Catar-cerveza-370x370.jpg 370w, https:\/\/www.thebeertimes.com\/wp-content\/uploads\/2025\/05\/Catar-cerveza.jpg 500w\" sizes=\"auto, (max-width: 200px) 100vw, 200px\" \/><\/a><\/p>\n<p style=\"color: #0000ff; font-weight: bold; margin: 8px 0; line-height: 1.2;\"><a href=\"https:\/\/amzn.to\/3LddZmQ\" target=\"_blank\" rel=\"nofollow\"><span style=\"font-size: 11pt;\">Gu\u00eda pr\u00e1ctica para catar cerveza: C\u00f3mo apreciar correctamente todas las cervezas del mundo<\/span><\/a><\/p>\n<p><a class=\"fasc-button fasc-size-medium fasc-type-flat fasc-rounded-medium fasc-ico-before dashicons-cart\" style=\"background-color: #ff9900; color: #000000;\" target=\"_blank\" rel=\"nofollow\" href=\"https:\/\/amzn.to\/3LddZmQ\">Comprar en Amazon<\/a><\/p>\n<\/div>\n<\/div>\n<p class=\"whitespace-pre-wrap break-words\">Esses rituais tinham como objetivo estabelecer comunica\u00e7\u00e3o com o mundo espiritual e assegurar a sobreviv\u00eancia da comunidade durante o longo inverno \u00e1rtico.<\/p>\n<h2 class=\"font-600 text-xl font-bold\">A jornada xam\u00e2nica espiritual<\/h2>\n<p class=\"whitespace-pre-wrap break-words\">A evolu\u00e7\u00e3o dessas antigas pr\u00e1ticas sami para a imagem moderna do Papai Noel representa um fascinante exemplo de transforma\u00e7\u00e3o e apropria\u00e7\u00e3o cultural.<\/p>\n<p class=\"whitespace-pre-wrap break-words\">Os elementos xam\u00e2nicos originais \u2014 a jornada espiritual, as renas voadoras, as cores vermelha e branca, a entrega de presentes durante o solst\u00edcio de inverno \u2014 sobreviveram, ainda que transformados, na narrativa moderna do Papai Noel.<\/p>\n<p class=\"whitespace-pre-wrap break-words\">Esse processo de transforma\u00e7\u00e3o cultural n\u00e3o foi acidental. A localiza\u00e7\u00e3o da casa do Papai Noel no Polo Norte, a presen\u00e7a das renas voadoras e at\u00e9 as cores de seu traje encontram suas ra\u00edzes nas antigas pr\u00e1ticas xam\u00e2nicas do povo sami.<\/p>\n<p class=\"whitespace-pre-wrap break-words\">No entanto, esses elementos foram gradualmente despojados de seu significado sagrado original e reinterpretados pela \u00f3tica da cultura ocidental moderna.<\/p>\n<h2 class=\"font-600 text-xl font-bold\">O sincretismo cultural crist\u00e3o<\/h2>\n<p class=\"whitespace-pre-wrap break-words\">A tradi\u00e7\u00e3o crist\u00e3 ancora as origens do Papai Noel na figura hist\u00f3rica de S\u00e3o Nicolau, um bispo grego do s\u00e9culo IV que viveu na Anat\u00f3lia, a atual Turquia.<\/p>\n<p class=\"whitespace-pre-wrap break-words\">Venerado por sua generosidade e seus milagres, S\u00e3o Nicolau tornou-se um dos santos mais populares da Idade M\u00e9dia.<\/p>\n<p class=\"whitespace-pre-wrap break-words\">No entanto, a transforma\u00e7\u00e3o desse santo mediterr\u00e2neo no atual Papai Noel polar envolveu um fascinante processo de sincretismo cultural.<\/p>\n<p><img loading=\"lazy\" decoding=\"async\" class=\"aligncenter wp-image-45258\" title=\"Amanita muscaria\" src=\"https:\/\/www.thebeertimes.com\/wp-content\/uploads\/2024\/12\/Amanita-muscaria-en-la-naturaleza-300x196.jpg\" alt=\"Amanita muscaria\" width=\"400\" height=\"262\" srcset=\"https:\/\/www.thebeertimes.com\/wp-content\/uploads\/2024\/12\/Amanita-muscaria-en-la-naturaleza-300x196.jpg 300w, https:\/\/www.thebeertimes.com\/wp-content\/uploads\/2024\/12\/Amanita-muscaria-en-la-naturaleza.jpg 500w\" sizes=\"auto, (max-width: 400px) 100vw, 400px\" \/><\/p>\n<h2 class=\"font-600 text-xl font-bold\">A comercializa\u00e7\u00e3o e o marketing do mito<\/h2>\n<p class=\"whitespace-pre-wrap break-words\">A evolu\u00e7\u00e3o final do Papai Noel para sua imagem contempor\u00e2nea ocorreu no s\u00e9culo XIX, quando diversos elementos culturais convergiram nos Estados Unidos.<\/p>\n<p class=\"whitespace-pre-wrap break-words\">O escritor Washington Irving transformou o Sinterklaas holand\u00eas em Santa Claus em 1809, enquanto o poeta Clement Clarke Moore estabeleceu a narrativa do duende distribuidor de presentes em seu poema de 1823.<\/p>\n<p class=\"whitespace-pre-wrap break-words\">A representa\u00e7\u00e3o visual definitiva viria pelas m\u00e3os do ilustrador alem\u00e3o Thomas Nast em 1863, que criou a imagem do bonach\u00e3o barbudo que conhecemos hoje.<\/p>\n<h2 class=\"font-600 text-xl font-bold\">Implica\u00e7\u00f5es na cultura contempor\u00e2nea<\/h2>\n<p class=\"whitespace-pre-wrap break-words\">A hist\u00f3ria do Papai Noel representa um fascinante exemplo de como os s\u00edmbolos culturais evoluem e se transformam ao longo do tempo.<\/p>\n<p class=\"whitespace-pre-wrap break-words\">A persist\u00eancia de elementos xam\u00e2nicos sami em uma das figuras mais reconhec\u00edveis da cultura popular moderna nos convida a refletir sobre a natureza da transmiss\u00e3o cultural e a transforma\u00e7\u00e3o dos s\u00edmbolos sagrados.<\/p>\n<p class=\"whitespace-pre-wrap break-words\">Essa hist\u00f3ria nos lembra que as tradi\u00e7\u00f5es culturais n\u00e3o s\u00e3o entidades est\u00e1ticas, mas organismos vivos que evoluem e se adaptam, mantendo conex\u00f5es sutis, por\u00e9m significativas, com suas ra\u00edzes ancestrais.<\/p>\n<p class=\"whitespace-pre-wrap break-words\">Em um mundo cada vez mais globalizado, a hist\u00f3ria do Papai Noel e suas origens nas pr\u00e1ticas xam\u00e2nicas sami nos oferece uma valiosa li\u00e7\u00e3o sobre a import\u00e2ncia de reconhecer e preservar as tradi\u00e7\u00f5es ind\u00edgenas, mesmo enquanto celebramos suas transforma\u00e7\u00f5es modernas.<\/p>\n<p class=\"whitespace-pre-wrap break-words\">Ela nos lembra que por tr\u00e1s de cada s\u00edmbolo cultural contempor\u00e2neo pode existir uma rica hist\u00f3ria de sabedoria ancestral, \u00e0 espera de ser redescoberta e revalorizada.<\/p>\n<h2>Recomendamos<\/h2><div id=\"thebe-823895447\" class=\"thebe-adsterra-300-x-250 thebe-entity-placement\" style=\"margin-top: 15px;margin-left: auto;margin-right: auto;text-align: center;\"><script async src=\"\/\/pagead2.googlesyndication.com\/pagead\/js\/adsbygoogle.js?client=ca-pub-9395258998211551\" crossorigin=\"anonymous\"><\/script><ins class=\"adsbygoogle\" style=\"display:block;\" data-ad-client=\"ca-pub-9395258998211551\" \ndata-ad-slot=\"1930811761\" \ndata-ad-format=\"auto\"><\/ins>\n<script> \n(adsbygoogle = window.adsbygoogle || []).push({}); \n<\/script>\n<\/div>\n<ul>\n<li><a href=\"https:\/\/www.thebeertimes.com\/pt-br\/consumo-cerveja-niveis-colesterol-saude-cardiovascular\/\">Consumo de cerveja e n\u00edveis de colesterol: efeitos sobre sua sa\u00fade cardiovascular<\/a><\/li>\n<li><a href=\"https:\/\/www.thebeertimes.com\/pt-br\/a-historia-da-duvel-e-as-origens-do-verdadeiro-diabo-das-cervejas-belgas\/\">A hist\u00f3ria da Duvel e as origens do verdadeiro &#8220;diabo&#8221; das cervejas belgas<\/a><\/li>\n<\/ul>\n<div id=\"thebe-3447003548\" class=\"thebe-adskeeper-fin-articulo thebe-entity-placement\" style=\"margin-top: 20px;margin-left: auto;margin-right: auto;text-align: center;\"><div data-type=\"_mgwidget\" data-widget-id=\"1705281\">\r\n<\/div>\r\n<script>(function(w,q){w[q]=w[q]||[];w[q].push([\"_mgc.load\"])})(window,\"_mgq\");\r\n<\/script><\/div>","protected":false},"excerpt":{"rendered":"<p>A hist\u00f3ria do Papai Noel, longe de ser um simples conto infantil, emerge como um complexo mosaico que entrela\u00e7a pr\u00e1ticas xam\u00e2nicas ancestrais, uma simbiose milenar entre humanos e renas, bem como uma profunda conex\u00e3o com os ciclos naturais do mundo \u00e1rtico.<\/p>\n","protected":false},"author":1,"featured_media":41098,"comment_status":"closed","ping_status":"closed","sticky":false,"template":"","format":"standard","meta":{"wpai_generated_summary":"","footnotes":""},"categories":[21125],"tags":[21128,21138,21833,21834],"class_list":["post-47357","post","type-post","status-publish","format-standard","has-post-thumbnail","category-cultura-pt-br","tag-cultura-pt-br","tag-historia-pt-br","tag-natal","tag-psicodelicos"],"_links":{"self":[{"href":"https:\/\/www.thebeertimes.com\/pt-br\/wp-json\/wp\/v2\/posts\/47357","targetHints":{"allow":["GET"]}}],"collection":[{"href":"https:\/\/www.thebeertimes.com\/pt-br\/wp-json\/wp\/v2\/posts"}],"about":[{"href":"https:\/\/www.thebeertimes.com\/pt-br\/wp-json\/wp\/v2\/types\/post"}],"author":[{"embeddable":true,"href":"https:\/\/www.thebeertimes.com\/pt-br\/wp-json\/wp\/v2\/users\/1"}],"replies":[{"embeddable":true,"href":"https:\/\/www.thebeertimes.com\/pt-br\/wp-json\/wp\/v2\/comments?post=47357"}],"version-history":[{"count":1,"href":"https:\/\/www.thebeertimes.com\/pt-br\/wp-json\/wp\/v2\/posts\/47357\/revisions"}],"predecessor-version":[{"id":47359,"href":"https:\/\/www.thebeertimes.com\/pt-br\/wp-json\/wp\/v2\/posts\/47357\/revisions\/47359"}],"wp:featuredmedia":[{"embeddable":true,"href":"https:\/\/www.thebeertimes.com\/pt-br\/wp-json\/wp\/v2\/media\/41098"}],"wp:attachment":[{"href":"https:\/\/www.thebeertimes.com\/pt-br\/wp-json\/wp\/v2\/media?parent=47357"}],"wp:term":[{"taxonomy":"category","embeddable":true,"href":"https:\/\/www.thebeertimes.com\/pt-br\/wp-json\/wp\/v2\/categories?post=47357"},{"taxonomy":"post_tag","embeddable":true,"href":"https:\/\/www.thebeertimes.com\/pt-br\/wp-json\/wp\/v2\/tags?post=47357"}],"curies":[{"name":"wp","href":"https:\/\/api.w.org\/{rel}","templated":true}]}}