{"id":47505,"date":"2024-08-04T21:13:42","date_gmt":"2024-08-05T01:13:42","guid":{"rendered":"https:\/\/www.thebeertimes.com\/?p=47505"},"modified":"2026-07-02T18:08:16","modified_gmt":"2026-07-02T22:08:16","slug":"cuello-negro-stout-notas-degustacao-harmonizacoes","status":"publish","type":"post","link":"https:\/\/www.thebeertimes.com\/pt-br\/cuello-negro-stout-notas-degustacao-harmonizacoes\/","title":{"rendered":"Cuello Negro Stout: notas de degusta\u00e7\u00e3o e harmoniza\u00e7\u00f5es recomendadas por um sommelier de cervejas"},"content":{"rendered":"<div id=\"thebe-3722869496\" class=\"thebe-antes-del-contenido-3-2 thebe-entity-placement\">\n            <div \n                class=\"elfsight-widget-popup elfsight-widget\" \n                data-elfsight-popup-options=\"%7B%22blocks%22%3A%5B%7B%22id%22%3A%22babc7e96-e195-4da3-a8c5-7072d42f2f5c%22%2C%22type%22%3A%22image%22%2C%22imageFile%22%3A%7B%22type%22%3A%22uploaded%22%2C%22data%22%3A%7B%22name%22%3A%2261fKvUY%2BdpL._SL1500_%22%2C%22url%22%3A%22https%3A%5C%2F%5C%2Fwww.thebeertimes.com%5C%2Fwp-content%5C%2Fuploads%5C%2F2026%5C%2F02%5C%2F61fKvUYdpL._SL1500_.jpg%22%2C%22size%22%3A53499%2C%22type%22%3A%22image%22%2C%22extension%22%3A%22jpeg%22%2C%22width%22%3A940%2C%22height%22%3A1500%2C%22ext%22%3A%22jpeg%22%7D%7D%2C%22imageScale%22%3A60%7D%2C%7B%22id%22%3A%226689e0da-ab1d-42a0-ac83-457ff13f91dd%22%2C%22type%22%3A%22button%22%2C%22buttonText%22%3A%22Comprar%20na%20AMAZON%22%2C%22buttonAction%22%3A%22redirect%22%2C%22buttonStyle%22%3A%22filled%22%2C%22buttonShape%22%3A%22rectangle%22%2C%22buttonColor%22%3A%22rgb%28255%2C%2038%2C%2067%29%22%2C%22buttonFontSize%22%3A16%2C%22label%22%3A%22Button%22%2C%22buttonUrl%22%3A%22https%3A%5C%2F%5C%2Fwww.amazon.com%5C%2Fdp%5C%2FB0GDGJJWD2%22%7D%5D%2C%22layout%22%3A%22modal%22%2C%22width%22%3A500%2C%22popupBlocksAlignment%22%3A%22center%22%2C%22popupShape%22%3A%22rounded%22%2C%22popupBackgroundColor%22%3A%22rgb%28255%2C%20255%2C%20255%29%22%2C%22popupBackgroundImage%22%3Anull%2C%22popupBackgroundImageOverlayColor%22%3A%22%22%2C%22overlayVisible%22%3Atrue%2C%22overlayClose%22%3Atrue%2C%22overlayBackgroundColor%22%3A%22rgba%2817%2C%2017%2C%2017%2C%200.7%29%22%2C%22overlayBackgroundImage%22%3Anull%2C%22overlayBackgroundImageOverlayColor%22%3A%22%22%2C%22closeButtonVisible%22%3Atrue%2C%22closeButtonColor%22%3A%22rgba%2817%2C%2017%2C%2017%2C%200.7%29%22%2C%22triggerPageLoadEnabled%22%3Afalse%2C%22triggerTimeOnPageEnabled%22%3Afalse%2C%22triggerTimeOnPageDuration%22%3A30%2C%22triggerScrollEnabled%22%3Atrue%2C%22triggerScrollPosition%22%3A25%2C%22triggerScrollToElementEnabled%22%3Afalse%2C%22triggerScrollToElementId%22%3Anull%2C%22triggerClickEnabled%22%3Afalse%2C%22triggerClickElementId%22%3Anull%2C%22triggerExitIntentEnabled%22%3Afalse%2C%22displayFrequency%22%3A%22everytime%22%2C%22displayPages%22%3A%22allPages%22%2C%22displayExcludedPages%22%3A%5B%5D%2C%22displaySpecificPages%22%3A%5B%5D%2C%22displayDevices%22%3A%5B%22desktop%22%2C%22tablet%22%2C%22mobile%22%5D%2C%22widgetId%22%3A%225%22%7D\" \n                data-elfsight-popup-version=\"1.0.0\"\n                data-elfsight-widget-id=\"elfsight-popup-5\">\n            <\/div>\n            <\/div><div id=\"thebe-931107089\" class=\"thebe-fuente-preferida-2 thebe-entity-placement\" style=\"margin-bottom: 30px;margin-left: auto;margin-right: auto;text-align: center;\"><a href=\"https:\/\/www.google.com\/preferences\/source?q=thebeertimes.com\" target=\"_blank\" aria-label=\"A\u00f1adir como fuente preferida en google\"><img loading=\"lazy\" decoding=\"async\" src=\"https:\/\/www.thebeertimes.com\/wp-content\/uploads\/2026\/07\/Anadir-como-fuente-preferida-en-google-1.jpg\" alt=\"\"  srcset=\"https:\/\/www.thebeertimes.com\/wp-content\/uploads\/2026\/07\/Anadir-como-fuente-preferida-en-google-1.jpg 638w, https:\/\/www.thebeertimes.com\/wp-content\/uploads\/2026\/07\/Anadir-como-fuente-preferida-en-google-1-300x60.jpg 300w\" sizes=\"(max-width: 638px) 100vw, 638px\" width=\"175\" height=\"127\"  style=\"display: inline-block;\" \/><\/a><\/div><p>Cuello Negro Stout \u00e9 uma cerveja elaborada artesanalmente com \u00e1gua pura da floresta valdiviana no sul do Chile, cujo sabor prov\u00e9m de um cuidadoso processo de elabora\u00e7\u00e3o que lhe confere um selo distintivo inconfund\u00edvel.<\/p>\n<figure id=\"attachment_27907\" aria-describedby=\"caption-attachment-27907\" style=\"width: 600px\" class=\"wp-caption aligncenter\"><img loading=\"lazy\" decoding=\"async\" class=\"wp-image-27907 size-full\" title=\"Cuello Negro Stout Notas de Degusta\u00e7\u00e3o\" src=\"https:\/\/www.thebeertimes.com\/wp-content\/uploads\/2024\/08\/Cuello-Negro-Stout-Notas-de-Cata.png\" alt=\"Cuello Negro Stout Notas de Degusta\u00e7\u00e3o\" width=\"600\" height=\"315\" srcset=\"https:\/\/www.thebeertimes.com\/wp-content\/uploads\/2024\/08\/Cuello-Negro-Stout-Notas-de-Cata.png 600w, https:\/\/www.thebeertimes.com\/wp-content\/uploads\/2024\/08\/Cuello-Negro-Stout-Notas-de-Cata-300x158.png 300w, https:\/\/www.thebeertimes.com\/wp-content\/uploads\/2024\/08\/Cuello-Negro-Stout-Notas-de-Cata-114x60.png 114w\" sizes=\"auto, (max-width: 600px) 100vw, 600px\" \/><figcaption id=\"caption-attachment-27907\" class=\"wp-caption-text\">Cuello Negro Foreign Extra Stout<\/figcaption><\/figure>\n<h2>Informa\u00e7\u00f5es gerais<\/h2>\n<p><strong>Nome:<\/strong> Cuello Negro Stout<br \/>\n<strong>Cervejaria:<\/strong> <a href=\"http:\/\/www.cuellonegro.cl\/\" target=\"_blank\" rel=\"noopener noreferrer\">Cuello Negro<\/a><br \/>\n<strong>Origem:<\/strong> Valdivia, Chile<br \/>\n<strong>Estilo: <\/strong>Foreign Extra Stout<br \/>\n<strong>ABV: <\/strong>8,0%<br \/>\n<strong>IBU:<\/strong> 56<br \/>\n<strong>Calorias:<\/strong> 240 kcal<br \/>\n<b>Copo: <\/b><a href=\"https:\/\/www.thebeertimes.com\/pt-br\/cristais-para-cerveja-taca-snifter\/\" target=\"_blank\" rel=\"noopener\">Snifter<\/a>, <a href=\"https:\/\/www.thebeertimes.com\/la-cerveza-vaso-a-vaso-stout\/\" target=\"_blank\" rel=\"noopener\">Copo Stout<\/a><\/p>\n\n<div id=\"thebe-1612516966\" style=\"margin-bottom: 30px;\"><script async src=\"\/\/pagead2.googlesyndication.com\/pagead\/js\/adsbygoogle.js?client=ca-pub-9395258998211551\" crossorigin=\"anonymous\"><\/script><ins class=\"adsbygoogle\" style=\"display:block;\" data-ad-client=\"ca-pub-9395258998211551\" \ndata-ad-slot=\"8775458773\" \ndata-ad-format=\"auto\"><\/ins>\n<script> \n(adsbygoogle = window.adsbygoogle || []).push({}); \n<\/script>\n<\/div>\n<h2>Notas de degusta\u00e7\u00e3o e impress\u00f5es<\/h2>\n<p>Cuello Negro Stout \u00e9 uma cerveja de sabor distintivo obtido por meio de um cuidadoso processo de elabora\u00e7\u00e3o, distinguindo-se pela sua cor preta profunda e pelos aromas equilibrados de caf\u00e9 e chocolate.<\/p>\n<h3>1. Apar\u00eancia<\/h3>\n<p>Preto profundo, opaco, sem matizes a contraluz, com uma vivacidade que n\u00e3o se revela \u00e0 primeira vista \u2014 gerando uma espuma m\u00e9dia, compacta e cremosa de cor canela, com excelente reten\u00e7\u00e3o e ader\u00eancia que se sustenta perfeitamente ao beber.<\/p>\n<h3>2. Aroma<\/h3>\n<p>Aromas frescos, definidos e equilibrados de caf\u00e9 em gr\u00e3o, com notas tostadas e integradas caracter\u00edsticas de chocolate amargo e frutas secas \u2014 um pouco de avel\u00e3 e passas \u2014, acompanhados de suaves tra\u00e7os de canela e polpa de marmelo, finamente enquadrados em tons licorosos complementares com sensa\u00e7\u00f5es de toffee que se acentuam no nariz profundo \u00e0 medida que a cerveja ganha temperatura.<\/p>\n<h3>3. Sabor<\/h3>\n<p>Inicia com uma marcante presen\u00e7a de chocolate e um amargor que se antecipa em tonalidades tostadas no in\u00edcio do paladar, recuperando em seguida uma do\u00e7ura maltada e suave, com um pouco de caramelo e frutas negras \u2014 ameixas e figos \u2014 no meio do paladar, encaminhando-se para uma leve secura como antecipa\u00e7\u00e3o de um amargor final que se afirma com maior presen\u00e7a e que se sustenta nessas caracter\u00edsticas durante o retrogosto.<\/p>\n<h3>4. Sensa\u00e7\u00e3o na boca<\/h3>\n<p>Corpo m\u00e9dio-alto, sedoso e untuoso, permanece na l\u00edngua e cobre toda a boca de forma generosa e homog\u00eanea, em dire\u00e7\u00e3o a um final de suave aspereza, pleno e caloroso.<\/p>\n<h3>5. Impress\u00e3o geral<\/h3>\n<p>Cuello Negro Stout \u00e9 uma cerveja de personalidade clara, definida e equilibrada; suas caracter\u00edsticas e qualidades s\u00e3o transversais. Desde o in\u00edcio se mostra precisa, com uma espuma que n\u00e3o abandona at\u00e9 o final e que permite que se desenvolva tranquilamente \u2014 ainda melhor ap\u00f3s o servi\u00e7o, adquirindo novas qualidades e integrando-as a um j\u00e1 amplo leque de elementos. No nariz se desenvolve de forma equilibrada, surpreendente e harm\u00f4nica; na boca avan\u00e7a determinada, corpulenta e com amargor marcante. O tempo n\u00e3o diminuiu sua qualidade; Cuello Negro Stout \u00e9 atualmente considerada um cl\u00e1ssico das cervejas artesanais chilenas.<\/p>\n<div id=\"thebe-2149933228\" style=\"margin-bottom: 30px;\"><div id=\"pf-15242-1\" data-format=\"display\" ><script>window.pubfuturetag = window.pubfuturetag || [];window.pubfuturetag.push({unit: \"683988d268662b3361d8a48f\", id: \"pf-15242-1\"})<\/script><\/div><\/div>\n<h2>Harmoniza\u00e7\u00f5es sugeridas<\/h2>\n<p>Cuello Negro Stout oferece uma ampla gama de op\u00e7\u00f5es de harmoniza\u00e7\u00e3o, destacando sua capacidade de real\u00e7ar e equilibrar sabores em uma variedade de contextos culin\u00e1rios.<\/p><div id=\"thebe-292062180\" class=\"thebe-libros-amazon thebe-entity-placement\" style=\"margin-left: auto;margin-right: auto;text-align: center;\"><div style=\"background-color: #ffffff; border: 1px solid #ccc; border-radius: 12px; padding: 16px; max-width: 320px; margin: 20px auto; text-align: center; font-family: helvetica, arial, sans-serif;\">\n<p><a href=\"https:\/\/amzn.to\/3LddZmQ\"><img loading=\"lazy\" decoding=\"async\" class=\"wp-image-43340 aligncenter\" src=\"https:\/\/www.thebeertimes.com\/wp-content\/uploads\/2025\/05\/Catar-cerveza-300x300.jpg\" alt=\"Gu\u00eda Pr\u00e1ctica Catar Cerveza Amazon\" width=\"200\" height=\"199\" srcset=\"https:\/\/www.thebeertimes.com\/wp-content\/uploads\/2025\/05\/Catar-cerveza-300x300.jpg 300w, https:\/\/www.thebeertimes.com\/wp-content\/uploads\/2025\/05\/Catar-cerveza-150x150.jpg 150w, https:\/\/www.thebeertimes.com\/wp-content\/uploads\/2025\/05\/Catar-cerveza-370x370.jpg 370w, https:\/\/www.thebeertimes.com\/wp-content\/uploads\/2025\/05\/Catar-cerveza.jpg 500w\" sizes=\"auto, (max-width: 200px) 100vw, 200px\" \/><\/a><\/p>\n<p style=\"color: #0000ff; font-weight: bold; margin: 8px 0; line-height: 1.2;\"><a href=\"https:\/\/amzn.to\/3LddZmQ\" target=\"_blank\" rel=\"nofollow\"><span style=\"font-size: 11pt;\">Gu\u00eda pr\u00e1ctica para catar cerveza: C\u00f3mo apreciar correctamente todas las cervezas del mundo<\/span><\/a><\/p>\n<p><a class=\"fasc-button fasc-size-medium fasc-type-flat fasc-rounded-medium fasc-ico-before dashicons-cart\" style=\"background-color: #ff9900; color: #000000;\" target=\"_blank\" rel=\"nofollow\" href=\"https:\/\/amzn.to\/3LddZmQ\">Comprar en Amazon<\/a><\/p>\n<\/div>\n<\/div>\n<h3>1. Pratos principais<\/h3>\n<p>A riqueza dos sabores de chocolate e caf\u00e9 da Cuello Negro Stout complementa perfeitamente um ensopado de vitela, real\u00e7ando as notas profundas e umami da carne com seu amargor firme e corpo sedoso.<\/p>\n<h3>2. Queijos<\/h3>\n<p>O sabor intenso e cremoso de um queijo azul se equilibra muito bem com o perfil maltado e tostado da Cuello Negro Stout, onde as notas de frutas secas e caramelo da cerveja ajudam a real\u00e7ar a intensidade do queijo.<\/p>\n<div id=\"thebe-4261069553\" style=\"margin-bottom: 20px;margin-left: auto;margin-right: auto;text-align: center;\"><script async src=\"\/\/pagead2.googlesyndication.com\/pagead\/js\/adsbygoogle.js?client=ca-pub-9395258998211551\" crossorigin=\"anonymous\"><\/script><ins class=\"adsbygoogle\" style=\"display:block; text-align:center;\" data-ad-client=\"ca-pub-9395258998211551\" \ndata-ad-slot=\"1179889612\" \ndata-ad-layout=\"in-article\"\ndata-ad-format=\"fluid\"><\/ins>\n<script> \n(adsbygoogle = window.adsbygoogle || []).push({}); \n<\/script>\n<\/div>\n<h3>3. Pratos vegetarianos<\/h3>\n<p>A complexidade de sabores de um curry de legumes se enriquece com as notas tostadas e de chocolate da Cuello Negro Stout, enquanto seu corpo robusto ajuda a equilibrar os sabores condimentados do prato.<\/p>\n<h3>4. Sobremesas<\/h3>\n<p>A riqueza de um brownie de chocolate se equilibra maravilhosamente com as notas de chocolate amargo da Cuello Negro Stout, com o amargor da cerveja contrastando e real\u00e7ando os sabores doces da sobremesa.<\/p>\n<h2>Perguntas frequentes (FAQ)<\/h2>\n<h3>Onde comprar a cerveja Cuello Negro Stout no Chile e quais formatos existem?<\/h3>\n<p>A cerveja Cuello Negro Stout pode ser adquirida diretamente em sua loja oficial em Valdivia, em emp\u00f3rios especializados em cerveja artesanal em todo o pa\u00eds e por meio de plataformas de e-commerce com entrega em domic\u00edlio. Seus formatos de comercializa\u00e7\u00e3o mais habituais s\u00e3o a cl\u00e1ssica garrafa de 330 cc e o formato individual ou em pack de latas de 473 cc (formatos sujeitos ao estoque de temporada da cervejaria).<\/p>\n<h3>Quais pr\u00eamios internacionais a cerveja Cuello Negro Stout j\u00e1 ganhou?<\/h3>\n<p>Cuello Negro Stout \u00e9 uma das cervejas artesanais mais premiadas do Chile. Seu reconhecimento mais destacado ocorreu na Copa Cervezas de Am\u00e9rica 2011, onde obteve a medalha de ouro e foi eleita a Melhor Cerveja da competi\u00e7\u00e3o (Best Beverage of the Show \/ Melhor Cerveja Americana), consolidando-a como um referente hist\u00f3rico do estilo Foreign Extra Stout no cone sul.<\/p>\n<h3>A que temperatura deve ser servida uma cerveja estilo Foreign Extra Stout como a Cuello Negro?<\/h3>\n<p>Para apreciar a complexidade arom\u00e1tica dos tons licorosos, do caf\u00e9 em gr\u00e3o e do chocolate amargo da Cuello Negro Stout, recomenda-se servi-la a uma temperatura entre 10\u00b0C e 13\u00b0C. Servi-la muito fria (temperatura de geladeira comum a 4\u00b0C) adormecer\u00e1 as papilas gustativas e ocultar\u00e1 as qualidades sedosas de seu corpo m\u00e9dio-alto e seu perfil maltado.<\/p>\n<h3>Qual \u00e9 a diferen\u00e7a entre o estilo Foreign Extra Stout e uma Stout tradicional?<\/h3>\n<p>A diferen\u00e7a principal est\u00e1 na intensidade, no corpo e no teor alco\u00f3lico. O estilo Foreign Extra Stout foi historicamente elaborado com maior densidade inicial e teor alco\u00f3lico mais elevado (habitualmente entre 6,3% e 8,0% ABV) para garantir a conserva\u00e7\u00e3o durante as exporta\u00e7\u00f5es. Isso confere \u00e0 Cuello Negro um perfil muito mais robusto, licoroso e complexo do que o de uma Dry Stout tradicional ou uma Sweet Stout.<\/p>\n<h3>Por quanto tempo uma garrafa de Cuello Negro Stout pode ser guardada ou envelhecida?<\/h3>\n<p>Gra\u00e7as ao seu elevado teor alco\u00f3lico de 8,0% ABV e \u00e0 sua estrutura complexa, a Cuello Negro Stout \u00e9 uma cerveja apta para guarda ou envelhecimento em garrafa. Se armazenada na posi\u00e7\u00e3o vertical, em local escuro, fresco e com temperatura constante (idealmente entre 12\u00b0C e 15\u00b0C), pode evoluir positivamente durante 2 a 3 anos, suavizando o amargor do l\u00fapulo e desenvolvendo notas mais complexas de frutas maduras e xerez.<\/p>\n<h2>Recomendamos<\/h2><div id=\"thebe-2984413350\" class=\"thebe-adsterra-300-x-250 thebe-entity-placement\" style=\"margin-top: 15px;margin-left: auto;margin-right: auto;text-align: center;\"><script async src=\"\/\/pagead2.googlesyndication.com\/pagead\/js\/adsbygoogle.js?client=ca-pub-9395258998211551\" crossorigin=\"anonymous\"><\/script><ins class=\"adsbygoogle\" style=\"display:block;\" data-ad-client=\"ca-pub-9395258998211551\" \ndata-ad-slot=\"1930811761\" \ndata-ad-format=\"auto\"><\/ins>\n<script> \n(adsbygoogle = window.adsbygoogle || []).push({}); \n<\/script>\n<\/div>\n<ul>\n<li style=\"text-align: left;\"><a href=\"https:\/\/www.thebeertimes.com\/las-10-mejores-cervezas-y-cervecerias-artesanales-de-chile-segun-untappd\/\">As 10 melhores cervejas e cervejarias artesanais do Chile segundo o Untappd<\/a><\/li>\n<li style=\"text-align: left;\"><a href=\"https:\/\/www.thebeertimes.com\/descubriendo-el-drambuie-historia-de-una-tradicion-y-una-receta-secreta\/\">Descobrindo o Drambuie: hist\u00f3ria de uma tradi\u00e7\u00e3o e uma receita secreta<\/a><\/li>\n<\/ul>\n<p><script type=\"application\/ld+json\">\n{\n  \"@context\": \"https:\/\/schema.org\",\n  \"@type\": \"FAQPage\",\n  \"mainEntity\": [\n    {\n      \"@type\": \"Question\",\n      \"name\": \"Onde comprar a cerveja Cuello Negro Stout no Chile e quais formatos existem?\",\n      \"acceptedAnswer\": {\n        \"@type\": \"Answer\",\n        \"text\": \"A cerveja Cuello Negro Stout pode ser adquirida diretamente em sua loja oficial em Valdivia, em emp\u00f3rios especializados em cerveja artesanal em todo o pa\u00eds e por meio de plataformas de e-commerce com entrega em domic\u00edlio. Seus formatos mais habituais s\u00e3o a cl\u00e1ssica garrafa de 330 cc e o formato individual ou em pack de latas de 473 cc, sujeitos ao estoque de temporada da cervejaria.\"\n      }\n    },\n    {\n      \"@type\": \"Question\",\n      \"name\": \"Quais pr\u00eamios internacionais a cerveja Cuello Negro Stout j\u00e1 ganhou?\",\n      \"acceptedAnswer\": {\n        \"@type\": \"Answer\",\n        \"text\": \"Cuello Negro Stout \u00e9 uma das cervejas artesanais mais premiadas do Chile. Seu reconhecimento mais destacado ocorreu na Copa Cervezas de Am\u00e9rica, onde obteve a medalha de ouro e foi eleita a Melhor Cerveja Americana (Best Beverage of America) em 2011, consolidando-a como um referente hist\u00f3rico do estilo Foreign Extra Stout na regi\u00e3o.\"\n      }\n    },\n    {\n      \"@type\": \"Question\",\n      \"name\": \"A que temperatura deve ser servida uma cerveja estilo Foreign Extra Stout como a Cuello Negro?\",\n      \"acceptedAnswer\": {\n        \"@type\": \"Answer\",\n        \"text\": \"Para apreciar a complexidade arom\u00e1tica dos tons licorosos, do caf\u00e9 em gr\u00e3o e do chocolate amargo da Cuello Negro Stout, recomenda-se servi-la entre 10\u00b0C e 13\u00b0C. Servi-la muito fria adormecer\u00e1 as papilas gustativas e ocultar\u00e1 as qualidades sedosas de seu corpo m\u00e9dio-alto e seu perfil maltado.\"\n      }\n    },\n    {\n      \"@type\": \"Question\",\n      \"name\": \"Qual \u00e9 a diferen\u00e7a entre o estilo Foreign Extra Stout da Cuello Negro e uma Stout tradicional?\",\n      \"acceptedAnswer\": {\n        \"@type\": \"Answer\",\n        \"text\": \"A diferen\u00e7a principal est\u00e1 na intensidade, no corpo e no teor alco\u00f3lico. O estilo Foreign Extra Stout foi historicamente elaborado com maior densidade inicial e teor alco\u00f3lico mais elevado (habitualmente entre 6,3% e 8,0% ABV) para garantir a conserva\u00e7\u00e3o durante as exporta\u00e7\u00f5es. Isso confere \u00e0 Cuello Negro um perfil muito mais robusto, licoroso e complexo do que o de uma Dry Stout tradicional.\"\n      }\n    },\n    {\n      \"@type\": \"Question\",\n      \"name\": \"Por quanto tempo uma garrafa de Cuello Negro Stout pode ser guardada ou envelhecida?\",\n      \"acceptedAnswer\": {\n        \"@type\": \"Answer\",\n        \"text\": \"Gra\u00e7as ao seu elevado teor alco\u00f3lico de 8,0% ABV e \u00e0 sua estrutura complexa, a Cuello Negro Stout \u00e9 apta para guarda ou envelhecimento em garrafa. Se armazenada na posi\u00e7\u00e3o vertical, em local escuro, fresco e com temperatura constante (idealmente entre 12\u00b0C e 15\u00b0C), pode evoluir positivamente durante 2 a 3 anos, suavizando o amargor do l\u00fapulo e desenvolvendo notas mais complexas de frutas maduras.\"\n      }\n    }\n  ]\n}\n<\/script><\/p>\n<div id=\"thebe-1040168219\" class=\"thebe-adskeeper-fin-articulo thebe-entity-placement\" style=\"margin-top: 20px;margin-left: auto;margin-right: auto;text-align: center;\"><div data-type=\"_mgwidget\" data-widget-id=\"1705281\">\r\n<\/div>\r\n<script>(function(w,q){w[q]=w[q]||[];w[q].push([\"_mgc.load\"])})(window,\"_mgq\");\r\n<\/script><\/div>","protected":false},"excerpt":{"rendered":"<p>Cuello Negro Stout \u00e9 uma cerveja elaborada artesanalmente com \u00e1gua pura da floresta valdiviana no sul do Chile, cujo sabor prov\u00e9m de um cuidadoso processo de elabora\u00e7\u00e3o que lhe confere um selo distintivo inconfund\u00edvel.<\/p>\n","protected":false},"author":1,"featured_media":41566,"comment_status":"open","ping_status":"open","sticky":false,"template":"","format":"standard","meta":{"wpai_generated_summary":"","footnotes":""},"categories":[21145],"tags":[21200,21137,21147,21208,21625,21918],"class_list":["post-47505","post","type-post","status-publish","format-standard","has-post-thumbnail","category-opiniao","tag-chile-pt-br","tag-estilos-de-cerveja","tag-notas-de-degustacao","tag-opiniao","tag-opinion","tag-stout"],"_links":{"self":[{"href":"https:\/\/www.thebeertimes.com\/pt-br\/wp-json\/wp\/v2\/posts\/47505","targetHints":{"allow":["GET"]}}],"collection":[{"href":"https:\/\/www.thebeertimes.com\/pt-br\/wp-json\/wp\/v2\/posts"}],"about":[{"href":"https:\/\/www.thebeertimes.com\/pt-br\/wp-json\/wp\/v2\/types\/post"}],"author":[{"embeddable":true,"href":"https:\/\/www.thebeertimes.com\/pt-br\/wp-json\/wp\/v2\/users\/1"}],"replies":[{"embeddable":true,"href":"https:\/\/www.thebeertimes.com\/pt-br\/wp-json\/wp\/v2\/comments?post=47505"}],"version-history":[{"count":3,"href":"https:\/\/www.thebeertimes.com\/pt-br\/wp-json\/wp\/v2\/posts\/47505\/revisions"}],"predecessor-version":[{"id":47510,"href":"https:\/\/www.thebeertimes.com\/pt-br\/wp-json\/wp\/v2\/posts\/47505\/revisions\/47510"}],"wp:featuredmedia":[{"embeddable":true,"href":"https:\/\/www.thebeertimes.com\/pt-br\/wp-json\/wp\/v2\/media\/41566"}],"wp:attachment":[{"href":"https:\/\/www.thebeertimes.com\/pt-br\/wp-json\/wp\/v2\/media?parent=47505"}],"wp:term":[{"taxonomy":"category","embeddable":true,"href":"https:\/\/www.thebeertimes.com\/pt-br\/wp-json\/wp\/v2\/categories?post=47505"},{"taxonomy":"post_tag","embeddable":true,"href":"https:\/\/www.thebeertimes.com\/pt-br\/wp-json\/wp\/v2\/tags?post=47505"}],"curies":[{"name":"wp","href":"https:\/\/api.w.org\/{rel}","templated":true}]}}