{"id":47526,"date":"2025-01-23T10:23:31","date_gmt":"2025-01-23T14:23:31","guid":{"rendered":"https:\/\/www.thebeertimes.com\/?p=47526"},"modified":"2026-07-02T19:27:30","modified_gmt":"2026-07-02T23:27:30","slug":"primeira-greve-historia-divida-cerveja","status":"publish","type":"post","link":"https:\/\/www.thebeertimes.com\/pt-br\/primeira-greve-historia-divida-cerveja\/","title":{"rendered":"A hist\u00f3ria de como a primeira greve da hist\u00f3ria foi originada por uma d\u00edvida de cerveja"},"content":{"rendered":"<div id=\"thebe-1293726598\" class=\"thebe-antes-del-contenido-3-2 thebe-entity-placement\">\n            <div \n                class=\"elfsight-widget-popup elfsight-widget\" \n                data-elfsight-popup-options=\"%7B%22blocks%22%3A%5B%7B%22id%22%3A%22babc7e96-e195-4da3-a8c5-7072d42f2f5c%22%2C%22type%22%3A%22image%22%2C%22imageFile%22%3A%7B%22type%22%3A%22uploaded%22%2C%22data%22%3A%7B%22name%22%3A%2261fKvUY%2BdpL._SL1500_%22%2C%22url%22%3A%22https%3A%5C%2F%5C%2Fwww.thebeertimes.com%5C%2Fwp-content%5C%2Fuploads%5C%2F2026%5C%2F02%5C%2F61fKvUYdpL._SL1500_.jpg%22%2C%22size%22%3A53499%2C%22type%22%3A%22image%22%2C%22extension%22%3A%22jpeg%22%2C%22width%22%3A940%2C%22height%22%3A1500%2C%22ext%22%3A%22jpeg%22%7D%7D%2C%22imageScale%22%3A60%7D%2C%7B%22id%22%3A%226689e0da-ab1d-42a0-ac83-457ff13f91dd%22%2C%22type%22%3A%22button%22%2C%22buttonText%22%3A%22Comprar%20na%20AMAZON%22%2C%22buttonAction%22%3A%22redirect%22%2C%22buttonStyle%22%3A%22filled%22%2C%22buttonShape%22%3A%22rectangle%22%2C%22buttonColor%22%3A%22rgb%28255%2C%2038%2C%2067%29%22%2C%22buttonFontSize%22%3A16%2C%22label%22%3A%22Button%22%2C%22buttonUrl%22%3A%22https%3A%5C%2F%5C%2Fwww.amazon.com%5C%2Fdp%5C%2FB0GDGJJWD2%22%7D%5D%2C%22layout%22%3A%22modal%22%2C%22width%22%3A500%2C%22popupBlocksAlignment%22%3A%22center%22%2C%22popupShape%22%3A%22rounded%22%2C%22popupBackgroundColor%22%3A%22rgb%28255%2C%20255%2C%20255%29%22%2C%22popupBackgroundImage%22%3Anull%2C%22popupBackgroundImageOverlayColor%22%3A%22%22%2C%22overlayVisible%22%3Atrue%2C%22overlayClose%22%3Atrue%2C%22overlayBackgroundColor%22%3A%22rgba%2817%2C%2017%2C%2017%2C%200.7%29%22%2C%22overlayBackgroundImage%22%3Anull%2C%22overlayBackgroundImageOverlayColor%22%3A%22%22%2C%22closeButtonVisible%22%3Atrue%2C%22closeButtonColor%22%3A%22rgba%2817%2C%2017%2C%2017%2C%200.7%29%22%2C%22triggerPageLoadEnabled%22%3Afalse%2C%22triggerTimeOnPageEnabled%22%3Afalse%2C%22triggerTimeOnPageDuration%22%3A30%2C%22triggerScrollEnabled%22%3Atrue%2C%22triggerScrollPosition%22%3A25%2C%22triggerScrollToElementEnabled%22%3Afalse%2C%22triggerScrollToElementId%22%3Anull%2C%22triggerClickEnabled%22%3Afalse%2C%22triggerClickElementId%22%3Anull%2C%22triggerExitIntentEnabled%22%3Afalse%2C%22displayFrequency%22%3A%22everytime%22%2C%22displayPages%22%3A%22allPages%22%2C%22displayExcludedPages%22%3A%5B%5D%2C%22displaySpecificPages%22%3A%5B%5D%2C%22displayDevices%22%3A%5B%22desktop%22%2C%22tablet%22%2C%22mobile%22%5D%2C%22widgetId%22%3A%225%22%7D\" \n                data-elfsight-popup-version=\"1.0.0\"\n                data-elfsight-widget-id=\"elfsight-popup-5\">\n            <\/div>\n            <\/div><div id=\"thebe-181769818\" class=\"thebe-fuente-preferida-2 thebe-entity-placement\" style=\"margin-bottom: 30px;margin-left: auto;margin-right: auto;text-align: center;\"><a href=\"https:\/\/www.google.com\/preferences\/source?q=thebeertimes.com\" target=\"_blank\" aria-label=\"A\u00f1adir como fuente preferida en google\"><img loading=\"lazy\" decoding=\"async\" src=\"https:\/\/www.thebeertimes.com\/wp-content\/uploads\/2026\/07\/Anadir-como-fuente-preferida-en-google-1.jpg\" alt=\"\"  srcset=\"https:\/\/www.thebeertimes.com\/wp-content\/uploads\/2026\/07\/Anadir-como-fuente-preferida-en-google-1.jpg 638w, https:\/\/www.thebeertimes.com\/wp-content\/uploads\/2026\/07\/Anadir-como-fuente-preferida-en-google-1-300x60.jpg 300w\" sizes=\"(max-width: 638px) 100vw, 638px\" width=\"175\" height=\"127\"  style=\"display: inline-block;\" \/><\/a><\/div><p><span style=\"font-size: 12pt;\">Por <strong><a href=\"https:\/\/unaderomanos.wordpress.com\/2012\/09\/16\/al-grito-de-tenemos-hambre-se-inicio-la-primera-huelga-de-la-historia\/\" target=\"_blank\" rel=\"nofollow noopener noreferrer\">Una de Romanos<\/a><\/strong><\/span><\/p>\n<p>O <a href=\"http:\/\/archivodeinalbis.blogspot.com.es\/2010\/11\/el-papiro-de-la-huelga.html\" target=\"_blank\" rel=\"noopener\">Papiro da Greve<\/a> d\u00e1 testemunho de um fato ins\u00f3lito no Egito fara\u00f4nico. O escriba Amennajet nos narra de forma concisa, em tom impessoal, uma conduta in\u00e9dita adotada por unanimidade pelos trabalhadores da Tumba do Fara\u00f3 devido \u00e0s m\u00e1s condi\u00e7\u00f5es de trabalho existentes.<\/p>\n<figure id=\"attachment_9072\" aria-describedby=\"caption-attachment-9072\" style=\"width: 600px\" class=\"wp-caption aligncenter\"><img loading=\"lazy\" decoding=\"async\" class=\"wp-image-9072 size-full\" title=\"Trabalhadores do antigo Egito\" src=\"https:\/\/www.thebeertimes.com\/wp-content\/uploads\/2017\/05\/Trabajadores_De_Egipto.jpg\" alt=\"Trabalhadores do antigo Egito\" width=\"600\" height=\"315\" srcset=\"https:\/\/www.thebeertimes.com\/wp-content\/uploads\/2017\/05\/Trabajadores_De_Egipto.jpg 600w, https:\/\/www.thebeertimes.com\/wp-content\/uploads\/2017\/05\/Trabajadores_De_Egipto-300x158.jpg 300w, https:\/\/www.thebeertimes.com\/wp-content\/uploads\/2017\/05\/Trabajadores_De_Egipto-114x60.jpg 114w\" sizes=\"auto, (max-width: 600px) 100vw, 600px\" \/><figcaption id=\"caption-attachment-9072\" class=\"wp-caption-text\">Trabalhadores do antigo Egito<\/figcaption><\/figure>\n<p>Para compreender como foi poss\u00edvel que os servos do fara\u00f3 ousassem se rebelar, \u00e9 melhor que vejamos passo a passo.<\/p>\n<div id=\"thebe-724306229\" style=\"margin-bottom: 30px;\"><script async src=\"\/\/pagead2.googlesyndication.com\/pagead\/js\/adsbygoogle.js?client=ca-pub-9395258998211551\" crossorigin=\"anonymous\"><\/script><ins class=\"adsbygoogle\" style=\"display:block;\" data-ad-client=\"ca-pub-9395258998211551\" \ndata-ad-slot=\"8775458773\" \ndata-ad-format=\"auto\"><\/ins>\n<script> \n(adsbygoogle = window.adsbygoogle || []).push({}); \n<\/script>\n<\/div>\n\n<h2>Contexto hist\u00f3rico e a decad\u00eancia do reino<\/h2>\n<p>Corria o ano de 1166 a. C. quando o Egito era governado pelo fara\u00f3 Rams\u00e9s III da XX Dinastia, neto de Rams\u00e9s II &#8220;O Grande&#8221;.<\/p>\n<p>O fara\u00f3, ap\u00f3s 29 anos de reinado e com 62 anos de idade, dominava um Egito que, apesar de ainda ser um pa\u00eds rico e poderoso, estava imerso no in\u00edcio de uma \u00e9poca de decad\u00eancia decorrente de diversos problemas end\u00eamicos e conjunturais:<\/p>\n<ol>\n<li>Por um lado, no plano militar, o Egito teve de conter o ataque dos &#8220;povos do norte e do mar&#8221;, bem como duas tentativas de invas\u00e3o l\u00edbia, o que ocasionou um grave esvaziamento dos cofres do Estado.<\/li>\n<li>As monumentais obras das tumbas dos reis absorviam uma parte consider\u00e1vel do potencial de trabalho e da capacidade organizativa da popula\u00e7\u00e3o eg\u00edpcia, o que teve como consequ\u00eancia um descomunal crescimento da burocracia, bem como da demanda por bens de consumo que n\u00e3o podiam ser satisfeitos.<\/li>\n<li>Al\u00e9m disso, a corrup\u00e7\u00e3o e a m\u00e1 administra\u00e7\u00e3o dos recursos enfraqueciam ainda mais a economia do pa\u00eds, j\u00e1 afetada pelas monumentais tumbas no Vale dos Reis.<\/li>\n<\/ol>\n<p>Tudo isso levou a situa\u00e7\u00e3o ao extremo de que, de fato, <a href=\"https:\/\/es.wikipedia.org\/wiki\/Rams%C3%A9s_III\" target=\"_blank\" rel=\"noopener\">o reinado e a vida de Rams\u00e9s III<\/a> terminariam com uma conspira\u00e7\u00e3o em seu har\u00e9m, da qual participariam sua esposa e importantes funcion\u00e1rios pol\u00edticos.<\/p>\n<p>A decad\u00eancia se acentuou com seus sucessores (8 fara\u00f3s em 90 anos), iniciando o Terceiro Per\u00edodo Intermedi\u00e1rio.<\/p>\n<h2>Direitos salariais eg\u00edpcios<\/h2>\n<p>O conceito que temos hoje de direito do trabalho n\u00e3o tem nada a ver com a situa\u00e7\u00e3o dos trabalhadores daquela \u00e9poca.<\/p>\n<p>Devemos lembrar que a hist\u00f3ria do Antigo Egito corresponde a um per\u00edodo de mais de 3.000 anos, de cerca de 3150 a. C. at\u00e9 31 a. C. (com a conquista do Imp\u00e9rio Romano), durante o qual o Egito teve per\u00edodos de esplendor e outros de absoluta escurid\u00e3o.<\/p>\n<blockquote><p>Estamos com fome, j\u00e1 se passaram dezoito dias deste m\u00eas\u2026 viemos aqui impulsionados pela fome e pela sede; n\u00e3o temos roupas, nem \u00f3leo, nem peixe, nem legumes. Escrevam isto a H\u00f3rus, nosso bom senhor, e ao Tjaty, nosso chefe. Que nos deem nosso sustento!<\/p><\/blockquote>\n<p>Na base da presta\u00e7\u00e3o de trabalho n\u00e3o estavam apenas a economia agr\u00e1ria e pecu\u00e1ria. A civiliza\u00e7\u00e3o eg\u00edpcia alcan\u00e7ou tais graus de sofistica\u00e7\u00e3o e progresso que exigiram uma enorme log\u00edstica: extra\u00e7\u00e3o de pedra nas pedreiras, oficinas metal\u00fargicas, fabrica\u00e7\u00e3o de armas e equipamentos militares, roupas e sustento, constru\u00e7\u00e3o de navios.<\/p>\n<p>E em especial, o fara\u00f3 H\u00f3rus precisava realizar grandes obras, como a mans\u00e3o real e sua tumba. Os s\u00faditos eram obrigados a cumprir seus desejos. E, por sua vez, o fara\u00f3, para manter o Maat, devia alimentar o trabalhador.<\/p>\n<p>Essa obriga\u00e7\u00e3o de trabalho inclu\u00eda n\u00e3o s\u00f3 as tumbas de reis, rainhas e senhores, mas a constru\u00e7\u00e3o de templos, fortalezas e pal\u00e1cios, a restaura\u00e7\u00e3o de canais ap\u00f3s as inunda\u00e7\u00f5es, o cultivo de terras e o cuidado de animais dos templos, e a presta\u00e7\u00e3o de servi\u00e7o ao ex\u00e9rcito quando necess\u00e1rio.<\/p>\n<p>Em resumo, embora o cinema e a literatura nos tenham mostrado as imensas quantidades de escravos que as obras fara\u00f4nicas necessitavam, a verdade \u00e9 que, independentemente de sua exist\u00eancia, havia muitos trabalhadores livres que prestavam seu trabalho &#8220;em troca de um sal\u00e1rio em esp\u00e9cie&#8221; para seu sustento e o de sua fam\u00edlia.<\/p>\n<h2>Os trabalhadores de Deir el-Medina<\/h2>\n<p>Durante os Imp\u00e9rios Antigo e M\u00e9dio, os reis eg\u00edpcios foram enterrados em pir\u00e2mides constru\u00eddas na parte norte do pa\u00eds, perto de M\u00eanfis, que era a capital. Mas, neste per\u00edodo, j\u00e1 fazia mais de 600 anos que as pir\u00e2mides haviam deixado de ser constru\u00eddas.<\/p>\n<p>Em seu lugar, os fara\u00f3s preferiram construir suas tumbas nos chamados hipogeus, localizados em zonas mais ocultas e de acesso mais restrito, f\u00e1ceis de vigiar e, portanto, mais protegidas dos saqueadores de tumbas.<\/p>\n<figure id=\"attachment_23236\" aria-describedby=\"caption-attachment-23236\" style=\"width: 400px\" class=\"wp-caption aligncenter\"><img loading=\"lazy\" decoding=\"async\" class=\"wp-image-23236\" title=\"Rams\u00e9s III\" src=\"https:\/\/www.thebeertimes.com\/wp-content\/uploads\/2020\/09\/Ramses-III.jpeg\" alt=\"Rams\u00e9s III\" width=\"400\" height=\"225\" srcset=\"https:\/\/www.thebeertimes.com\/wp-content\/uploads\/2020\/09\/Ramses-III.jpeg 600w, https:\/\/www.thebeertimes.com\/wp-content\/uploads\/2020\/09\/Ramses-III-300x169.jpeg 300w\" sizes=\"auto, (max-width: 400px) 100vw, 400px\" \/><figcaption id=\"caption-attachment-23236\" class=\"wp-caption-text\">Rams\u00e9s III<\/figcaption><\/figure>\n<p>\u00c9 no Vale dos Reis \u2014 o enterramento dessa caracter\u00edstica mais conhecido \u2014 que se encontram as tumbas da maioria dos fara\u00f3s do Reino Novo, ou seja, das dinastias XVIII, XIX e XX.<\/p>\n<p>Todos os trabalhadores, artes\u00e3os e escribas encarregados dos trabalhos na tumba do fara\u00f3 eram alojados na aldeia de Deir el-Medina junto com suas fam\u00edlias.<\/p>\n<p>A aldeia abrigava as resid\u00eancias, as capelas e as tumbas dos pr\u00f3prios trabalhadores. Havia pedreiros, canteiros, pintores, entalhadores de relevos e escultores. Calcula-se que nas mais de setenta casas viviam cerca de 120 trabalhadores com suas esposas e filhos.<\/p>\n<p>Todo o trabalho era supervisionado pelo vizir &#8220;Tjaty&#8221;, que visitava a \u00e1rea em algumas ocasi\u00f5es ou enviava um delegado real para inspecionar os trabalhos.<\/p>\n<p>Seu sal\u00e1rio, entregue no in\u00edcio da semana de trabalho, consistia em p\u00e3o, cerveja, gr\u00e3os, t\u00e2maras, frutas e verduras, \u00e1gua pot\u00e1vel, carnes e peixes em festas espec\u00edficas, combust\u00edvel, utens\u00edlios, roupas e cal\u00e7ados para cobrir as necessidades da fam\u00edlia.<\/p>\n<p>O sal\u00e1rio m\u00e9dio di\u00e1rio de um trabalhador era de 10 p\u00e3es e uma medida de cerveja (2,5 jarras), enquanto o de um especialista altamente qualificado podia chegar a 400 p\u00e3es que podiam ser trocados por outros alimentos, roupas, m\u00f3veis etc.<\/p><div id=\"thebe-762082676\" class=\"thebe-libros-amazon thebe-entity-placement\" style=\"margin-left: auto;margin-right: auto;text-align: center;\"><div style=\"background-color: #ffffff; border: 1px solid #ccc; border-radius: 12px; padding: 16px; max-width: 320px; margin: 20px auto; text-align: center; font-family: helvetica, arial, sans-serif;\">\n<p><a href=\"https:\/\/amzn.to\/3LddZmQ\"><img loading=\"lazy\" decoding=\"async\" class=\"wp-image-43340 aligncenter\" src=\"https:\/\/www.thebeertimes.com\/wp-content\/uploads\/2025\/05\/Catar-cerveza-300x300.jpg\" alt=\"Gu\u00eda Pr\u00e1ctica Catar Cerveza Amazon\" width=\"200\" height=\"199\" srcset=\"https:\/\/www.thebeertimes.com\/wp-content\/uploads\/2025\/05\/Catar-cerveza-300x300.jpg 300w, https:\/\/www.thebeertimes.com\/wp-content\/uploads\/2025\/05\/Catar-cerveza-150x150.jpg 150w, https:\/\/www.thebeertimes.com\/wp-content\/uploads\/2025\/05\/Catar-cerveza-370x370.jpg 370w, https:\/\/www.thebeertimes.com\/wp-content\/uploads\/2025\/05\/Catar-cerveza.jpg 500w\" sizes=\"auto, (max-width: 200px) 100vw, 200px\" \/><\/a><\/p>\n<p style=\"color: #0000ff; font-weight: bold; margin: 8px 0; line-height: 1.2;\"><a href=\"https:\/\/amzn.to\/3LddZmQ\" target=\"_blank\" rel=\"nofollow\"><span style=\"font-size: 11pt;\">Gu\u00eda pr\u00e1ctica para catar cerveza: C\u00f3mo apreciar correctamente todas las cervezas del mundo<\/span><\/a><\/p>\n<p><a class=\"fasc-button fasc-size-medium fasc-type-flat fasc-rounded-medium fasc-ico-before dashicons-cart\" style=\"background-color: #ff9900; color: #000000;\" target=\"_blank\" rel=\"nofollow\" href=\"https:\/\/amzn.to\/3LddZmQ\">Comprar en Amazon<\/a><\/p>\n<\/div>\n<\/div>\n<p>Os capatazes e os escribas recebiam 72 sacos (de cerca de 76 litros cada) de cereais por m\u00eas, e os demais trabalhadores recebiam 52 sacos.<\/p>\n<h2>O papiro que registra a greve<\/h2>\n<p>Como foi dito, o relato dos acontecimentos chegou at\u00e9 n\u00f3s gra\u00e7as ao denominado &#8220;Papiro da Greve&#8221;, conservado no Museo Egizio de Turim.<\/p>\n<p>Por meio dele sabemos que os trabalhadores \u2014 nada menos que os da tumba do fara\u00f3 \u2014 protagonizaram um fato aparentemente sem precedentes (pelo menos n\u00e3o h\u00e1 registro de nada semelhante em datas anteriores, nem no Egito, nem em nenhuma outra civiliza\u00e7\u00e3o): entraram em greve.<\/p>\n<figure id=\"attachment_23235\" aria-describedby=\"caption-attachment-23235\" style=\"width: 600px\" class=\"wp-caption aligncenter\"><img loading=\"lazy\" decoding=\"async\" class=\"wp-image-23235\" title=\"O Papiro da Greve\" src=\"https:\/\/www.thebeertimes.com\/wp-content\/uploads\/2020\/09\/El-papiro-de-la-huelga.webp\" alt=\"O Papiro da Greve\" width=\"600\" height=\"263\" srcset=\"https:\/\/www.thebeertimes.com\/wp-content\/uploads\/2020\/09\/El-papiro-de-la-huelga.webp 950w, https:\/\/www.thebeertimes.com\/wp-content\/uploads\/2020\/09\/El-papiro-de-la-huelga-300x131.webp 300w\" sizes=\"auto, (max-width: 600px) 100vw, 600px\" \/><figcaption id=\"caption-attachment-23235\" class=\"wp-caption-text\">O Papiro da Greve<\/figcaption><\/figure>\n<p>Ao que parece, tudo come\u00e7ou com a administra\u00e7\u00e3o corrupta dos administradores, liderados pelo Haty de Tebas Ocidental <a title=\"\" href=\"https:\/\/unaderomanos.wordpress.com\/2012\/09\/16\/al-grito-de-tenemos-hambre-se-inicio-la-primera-huelga-de-la-historia\/#_edn1\" target=\"_blank\" rel=\"noopener\">[i]<\/a>, que tinha a obriga\u00e7\u00e3o de distribuir o sal\u00e1rio em esp\u00e9cie aos trabalhadores, atrasando as entregas e diminuindo as ra\u00e7\u00f5es por mais de 20 dias (2 semanas de trabalho no calend\u00e1rio eg\u00edpcio), o que causou grande descontentamento. Assim, em um \u00f3straco encontrado na aldeia pode-se ler:<\/p>\n<blockquote><p>Informo a meu senhor que estou trabalhando nas tumbas dos pr\u00edncipes cuja constru\u00e7\u00e3o meu senhor me encarregou. Estou trabalhando bem\u2026 N\u00e3o sou de forma alguma negligente. Informo a meu senhor que estamos completamente empobrecidos\u2026 Foi retirado de n\u00f3s um saco e meio de cevada para nos dar um saco e meio de lixo. (\u00d3straco n\u00ba 10.663 de Berlim).<\/p><\/blockquote>\n<p>Embora inicialmente a situa\u00e7\u00e3o tenha sido resolvida, 3 ou 4 meses depois o mesmo voltou a acontecer. Novamente, os trabalhadores reclamaram seu sal\u00e1rio, mas lhes foi entregue em quantidade muito reduzida.<\/p>\n<p>Isso levou a equipe de trabalhadores da tumba a tomar uma firme decis\u00e3o: parar de trabalhar e marchar em massa ao templo para fazer valer suas queixas e que estas fossem transmitidas a H\u00f3rus <a title=\"\" href=\"https:\/\/unaderomanos.wordpress.com\/2012\/09\/16\/al-grito-de-tenemos-hambre-se-inicio-la-primera-huelga-de-la-historia\/#_edn2\" target=\"_blank\" rel=\"noopener\">[ii]<\/a>.<\/p>\n<h2>O in\u00edcio da greve<\/h2>\n<p>Segundo se l\u00ea no Papiro e em um dos \u00f3straca encontrados em Deir el-Medina (guardados nos museus do Cairo, Berlim e outras cidades), a greve come\u00e7ou no dia 10 do m\u00eas de Peret no ano 29 de Rams\u00e9s III, devido ao atraso de um pagamento &#8220;desviado&#8221; pelo governador (Haty) de Tebas Ocidental.<\/p>\n<blockquote>\n<p style=\"text-align: left;\" align=\"center\">Ano 29, segundo m\u00eas da segunda esta\u00e7\u00e3o, dia 10. Neste dia a equipe cruzou os cinco muros da necr\u00f3pole, gritando: Temos fome! (\u2026) e se sentaram \u00e0s costas do templo de Tutm\u00e9s III, no limite dos campos cultivados. Os tr\u00eas controladores e seus ajudantes foram inst\u00e1-los a retornar ao recinto da necr\u00f3pole, e fizeram grandes promessas\u2026 Podem vir, pois temos a promessa do Fara\u00f3.<\/p>\n<\/blockquote>\n<p>O tesouro real foi aberto e as ra\u00e7\u00f5es do m\u00eas anterior foram entregues a eles, mas os trabalhadores tamb\u00e9m pediram o pagamento do m\u00eas corrente e, finalmente, no oitavo dia de greve, as ra\u00e7\u00f5es do m\u00eas foram entregues.<\/p>\n<p>A greve se repetiu at\u00e9 3 vezes at\u00e9 que conseguiram \u2014 por ocasi\u00e3o da visita do Vizir TA \u2014 que as ra\u00e7\u00f5es completas lhes fossem entregues. Ap\u00f3s isso, foram amea\u00e7ados de n\u00e3o voltarem a se manifestar sob pena de serem punidos.<\/p>\n<p>A situa\u00e7\u00e3o das gera\u00e7\u00f5es seguintes, ou seja, em toda a \u00e9poca ramessida, n\u00e3o melhorou, e os trabalhadores tiveram de se mobilizar novamente. \u00c0s vezes as paralisa\u00e7\u00f5es duravam apenas dias, outras semanas e at\u00e9 meses.<\/p>\n<p>Quase sempre eram por motivos econ\u00f4micos e n\u00e3o pelas condi\u00e7\u00f5es de trabalho. As \u00faltimas not\u00edcias dessas mobiliza\u00e7\u00f5es s\u00e3o do reinado de Rams\u00e9s XI, pouco antes do desaparecimento dessa aldeia de trabalhadores.<\/p>\n<p>Hoje em dia, a greve \u00e9 um direito consagrado em todas as constitui\u00e7\u00f5es dos pa\u00edses democr\u00e1ticos. E embora esse movimento nas\u00e7a no s\u00e9culo XIX com a Revolu\u00e7\u00e3o Industrial, como vimos, h\u00e1 mais de 3.000 anos um grupo de homens teve a coragem de enfrentar nada menos que &#8220;O Fara\u00f3&#8221; \u2014 seu deus \u2014 para reivindicar seus direitos.<\/p>\n<div id=\"thebe-3330744323\" style=\"margin-bottom: 20px;margin-left: auto;margin-right: auto;text-align: center;\"><script async src=\"\/\/pagead2.googlesyndication.com\/pagead\/js\/adsbygoogle.js?client=ca-pub-9395258998211551\" crossorigin=\"anonymous\"><\/script><ins class=\"adsbygoogle\" style=\"display:block; text-align:center;\" data-ad-client=\"ca-pub-9395258998211551\" \ndata-ad-slot=\"1179889612\" \ndata-ad-layout=\"in-article\"\ndata-ad-format=\"fluid\"><\/ins>\n<script> \n(adsbygoogle = window.adsbygoogle || []).push({}); \n<\/script>\n<\/div>\n<h2>Perguntas frequentes (FAQ)<\/h2>\n<h3>O que era exatamente o &#8220;sal\u00e1rio em esp\u00e9cie&#8221; e quais ra\u00e7\u00f5es recebiam os trabalhadores de Deir el-Medina?<\/h3>\n<p>O sal\u00e1rio em esp\u00e9cie era o m\u00e9todo de pagamento comum no Antigo Egito, pois a moeda cunhada n\u00e3o existia. Para os trabalhadores de Deir el-Medina, consistia principalmente em bens essenciais para a subsist\u00eancia e o com\u00e9rcio. As ra\u00e7\u00f5es b\u00e1sicas inclu\u00edam p\u00e3o (muitas vezes em grandes quantidades, como 10 p\u00e3es di\u00e1rios), cerveja (parte fundamental da dieta), gr\u00e3os (cevada ou trigo), t\u00e2maras, \u00f3leo, peixe, legumes, combust\u00edvel e provis\u00f5es de vestu\u00e1rio para a fam\u00edlia.<\/p>\n<h3>Qual era a import\u00e2ncia da aldeia de Deir el-Medina e por que seus trabalhadores tinham um status especial?<\/h3>\n<p>Deir el-Medina foi \u00fanica porque abrigava os artes\u00e3os de elite (pintores, entalhadores, canteiros) encarregados de construir e decorar as tumbas reais no Vale dos Reis \u2014 um trabalho de m\u00e1xima import\u00e2ncia religiosa e pol\u00edtica. Isso lhes conferia um status social mais alto do que o trabalhador comum. Viviam em uma comunidade autossuficiente e fechada, o que lhes dava um incomum senso de unidade e poder coletivo, essencial para que ousassem desafiar a autoridade do fara\u00f3.<\/p>\n<h3>Por que a greve de Rams\u00e9s III \u00e9 considerada o primeiro movimento trabalhista da hist\u00f3ria?<\/h3>\n<p>A greve registrada no Papiro da Greve (Turim) durante o reinado de Rams\u00e9s III (circa 1166 a. C.) \u00e9 amplamente considerada por egipt\u00f3logos e historiadores como o primeiro protesto trabalhista organizado e documentado da hist\u00f3ria humana. \u00c9 um testemunho inestim\u00e1vel de que, apesar do sistema teocr\u00e1tico, os trabalhadores livres podiam se organizar coletivamente para exigir seus direitos salariais.<\/p>\n<h3>O que era o &#8220;Maat&#8221; e como estava relacionado com a obriga\u00e7\u00e3o do fara\u00f3 de alimentar seus trabalhadores?<\/h3>\n<p>O Maat era um conceito fundamental na cultura eg\u00edpcia, representando a ordem c\u00f3smica, a justi\u00e7a, a verdade e a harmonia. O fara\u00f3 era o respons\u00e1vel terreno pela manuten\u00e7\u00e3o do Maat. Ao n\u00e3o entregar as ra\u00e7\u00f5es completas e no prazo, as autoridades de Rams\u00e9s III estavam falhando em seu dever de manter a ordem e a justi\u00e7a, o que justificava a a\u00e7\u00e3o dos trabalhadores para restaurar o Maat por meio de seu protesto.<\/p>\n<h3>Que outros dados ou fontes temos sobre a vida cotidiana e os direitos trabalhistas em Deir el-Medina?<\/h3>\n<p>A aldeia de Deir el-Medina \u00e9 uma das fontes de informa\u00e7\u00e3o mais ricas sobre a vida no Antigo Egito. Al\u00e9m do Papiro da Greve, dispomos de milhares de \u00f3straca (fragmentos de cer\u00e2mica ou pedra calc\u00e1ria usados para escrever) que cont\u00eam notas de trabalho, registros de presen\u00e7a, cartas pessoais, listas de compras e at\u00e9 piadas. Esses documentos detalham aspectos como a distribui\u00e7\u00e3o salarial, as jornadas de trabalho e os conflitos, oferecendo uma vis\u00e3o muito humana dos direitos e problemas cotidianos da \u00e9poca.<\/p>\n<p><script type=\"application\/ld+json\">\n{\n  \"@context\": \"https:\/\/schema.org\",\n  \"@type\": \"FAQPage\",\n  \"mainEntity\": [\n    {\n      \"@type\": \"Question\",\n      \"name\": \"O que era o sal\u00e1rio em esp\u00e9cie e quais ra\u00e7\u00f5es recebiam os trabalhadores de Deir el-Medina?\",\n      \"acceptedAnswer\": {\n        \"@type\": \"Answer\",\n        \"text\": \"O sal\u00e1rio em esp\u00e9cie era o m\u00e9todo de pagamento no Antigo Egito. As ra\u00e7\u00f5es b\u00e1sicas inclu\u00edam p\u00e3o (10 p\u00e3es di\u00e1rios para um trabalhador comum), cerveja (parte essencial da dieta), gr\u00e3os, t\u00e2maras, \u00f3leo, peixe, legumes, combust\u00edvel e roupas para a fam\u00edlia.\"\n      }\n    },\n    {\n      \"@type\": \"Question\",\n      \"name\": \"Por que os trabalhadores de Deir el-Medina tinham um status especial no antigo Egito?\",\n      \"acceptedAnswer\": {\n        \"@type\": \"Answer\",\n        \"text\": \"Deir el-Medina abrigava artes\u00e3os de elite respons\u00e1veis por construir e decorar as tumbas reais no Vale dos Reis. Isso lhes conferia status social elevado, e sua comunidade fechada dava-lhes incomum poder coletivo para desafiar a autoridade fara\u00f4nica.\"\n      }\n    },\n    {\n      \"@type\": \"Question\",\n      \"name\": \"Por que a greve de Rams\u00e9s III \u00e9 considerada o primeiro movimento trabalhista da hist\u00f3ria?\",\n      \"acceptedAnswer\": {\n        \"@type\": \"Answer\",\n        \"text\": \"O Papiro da Greve (Museo Egizio de Turim) documenta o primeiro protesto trabalhista organizado conhecido da hist\u00f3ria humana, ocorrido circa 1166 a. C. Prova de que mesmo sob um sistema teocr\u00e1tico, trabalhadores livres se organizavam coletivamente para exigir seus direitos.\"\n      }\n    },\n    {\n      \"@type\": \"Question\",\n      \"name\": \"O que era o Maat e como se relacionava com a obriga\u00e7\u00e3o do fara\u00f3 de pagar seus trabalhadores?\",\n      \"acceptedAnswer\": {\n        \"@type\": \"Answer\",\n        \"text\": \"O Maat representava a ordem c\u00f3smica, justi\u00e7a e harmonia no Egito. O fara\u00f3 era respons\u00e1vel por mant\u00ea-lo, incluindo garantir que os trabalhadores fossem alimentados e pagos. Ao reter as ra\u00e7\u00f5es, as autoridades violavam esse dever sagrado.\"\n      }\n    },\n    {\n      \"@type\": \"Question\",\n      \"name\": \"Que fontes documentam a vida cotidiana e os direitos trabalhistas em Deir el-Medina?\",\n      \"acceptedAnswer\": {\n        \"@type\": \"Answer\",\n        \"text\": \"Al\u00e9m do Papiro da Greve, milhares de \u00f3straca encontrados em Deir el-Medina cont\u00eam registros de trabalho, presen\u00e7a, cartas pessoais e listas de compras \u2014 fornecendo uma vis\u00e3o detalhada dos direitos e problemas cotidianos dos trabalhadores do Antigo Egito.\"\n      }\n    }\n  ]\n}\n<\/script><\/p>\n<h2>Refer\u00eancias<\/h2>\n<p><a title=\"\" href=\"https:\/\/unaderomanos.wordpress.com\/2012\/09\/16\/al-grito-de-tenemos-hambre-se-inicio-la-primera-huelga-de-la-historia\/#_ednref1\" target=\"_blank\" rel=\"noopener\">[i]<\/a> A pr\u00e1tica corrupta de atrasar e diminuir o pagamento do sal\u00e1rio foi realizada sob a indiferen\u00e7a ou mesmo a participa\u00e7\u00e3o ativa do Haty (Governador ou Prefeito do Nomo). Acima dessa autoridade estava apenas o Tjaty e acima deste, H\u00f3rus.<\/p>\n<p><a title=\"\" href=\"https:\/\/unaderomanos.wordpress.com\/2012\/09\/16\/al-grito-de-tenemos-hambre-se-inicio-la-primera-huelga-de-la-historia\/#_ednref2\" target=\"_blank\" rel=\"noopener\">[ii]<\/a> Sendo o cumprimento do sal\u00e1rio-sustento a primeira e vital obriga\u00e7\u00e3o do deus, os trabalhadores se dirigiram ao templo de Tutm\u00e9s III porque, quase com certeza, os sacerdotes e escribas do templo tinham a obriga\u00e7\u00e3o de canalizar a distribui\u00e7\u00e3o por meio do censo que tinham dos oper\u00e1rios.<\/p>\n<p >No se encontraron productos.<\/p>\n<h2>Recomendamos<\/h2><div id=\"thebe-3152864483\" class=\"thebe-adsterra-300-x-250 thebe-entity-placement\" style=\"margin-top: 15px;margin-left: auto;margin-right: auto;text-align: center;\"><script async src=\"\/\/pagead2.googlesyndication.com\/pagead\/js\/adsbygoogle.js?client=ca-pub-9395258998211551\" crossorigin=\"anonymous\"><\/script><ins class=\"adsbygoogle\" style=\"display:block;\" data-ad-client=\"ca-pub-9395258998211551\" \ndata-ad-slot=\"1930811761\" \ndata-ad-format=\"auto\"><\/ins>\n<script> \n(adsbygoogle = window.adsbygoogle || []).push({}); \n<\/script>\n<\/div>\n<ul>\n<li><a href=\"https:\/\/www.thebeertimes.com\/pt-br\/morten-meilgaard-roda-de-aromas-e-sabores-da-cerveja\/\" target=\"_blank\" rel=\"noopener\">Morten Meilgaard e a roda de aromas e sabores da cerveja<\/a><\/li>\n<li><a href=\"https:\/\/www.thebeertimes.com\/5-consejos-de-diseno-para-desarrollar-tu-packaging-de-cerveza\/\" target=\"_blank\" rel=\"noopener\">5 dicas de design para desenvolver sua embalagem de cerveja<\/a><\/li>\n<\/ul>\n<p>&nbsp;<\/p>\n<div style=\"all: initial !important;\"><\/div>\n<p>&nbsp;<\/p>\n<div id=\"thebe-3641847794\" class=\"thebe-adskeeper-fin-articulo thebe-entity-placement\" style=\"margin-top: 20px;margin-left: auto;margin-right: auto;text-align: center;\"><div data-type=\"_mgwidget\" data-widget-id=\"1705281\">\r\n<\/div>\r\n<script>(function(w,q){w[q]=w[q]||[];w[q].push([\"_mgc.load\"])})(window,\"_mgq\");\r\n<\/script><\/div>","protected":false},"excerpt":{"rendered":"<p>O escriba eg\u00edpcio Amennajet narra de forma concisa, em tom impessoal, uma conduta in\u00e9dita adotada por unanimidade pelos trabalhadores da Tumba do Fara\u00f3 devido \u00e0s m\u00e1s condi\u00e7\u00f5es de trabalho existentes.<\/p>\n","protected":false},"author":1,"featured_media":37436,"comment_status":"closed","ping_status":"closed","sticky":false,"template":"","format":"standard","meta":{"wpai_generated_summary":"","footnotes":""},"categories":[21125],"tags":[21922,21128,21367,21138],"class_list":["post-47526","post","type-post","status-publish","format-standard","has-post-thumbnail","category-cultura-pt-br","tag-cerveja-ancestral-historica-pt-br","tag-cultura-pt-br","tag-egito","tag-historia-pt-br"],"_links":{"self":[{"href":"https:\/\/www.thebeertimes.com\/pt-br\/wp-json\/wp\/v2\/posts\/47526","targetHints":{"allow":["GET"]}}],"collection":[{"href":"https:\/\/www.thebeertimes.com\/pt-br\/wp-json\/wp\/v2\/posts"}],"about":[{"href":"https:\/\/www.thebeertimes.com\/pt-br\/wp-json\/wp\/v2\/types\/post"}],"author":[{"embeddable":true,"href":"https:\/\/www.thebeertimes.com\/pt-br\/wp-json\/wp\/v2\/users\/1"}],"replies":[{"embeddable":true,"href":"https:\/\/www.thebeertimes.com\/pt-br\/wp-json\/wp\/v2\/comments?post=47526"}],"version-history":[{"count":1,"href":"https:\/\/www.thebeertimes.com\/pt-br\/wp-json\/wp\/v2\/posts\/47526\/revisions"}],"predecessor-version":[{"id":47528,"href":"https:\/\/www.thebeertimes.com\/pt-br\/wp-json\/wp\/v2\/posts\/47526\/revisions\/47528"}],"wp:featuredmedia":[{"embeddable":true,"href":"https:\/\/www.thebeertimes.com\/pt-br\/wp-json\/wp\/v2\/media\/37436"}],"wp:attachment":[{"href":"https:\/\/www.thebeertimes.com\/pt-br\/wp-json\/wp\/v2\/media?parent=47526"}],"wp:term":[{"taxonomy":"category","embeddable":true,"href":"https:\/\/www.thebeertimes.com\/pt-br\/wp-json\/wp\/v2\/categories?post=47526"},{"taxonomy":"post_tag","embeddable":true,"href":"https:\/\/www.thebeertimes.com\/pt-br\/wp-json\/wp\/v2\/tags?post=47526"}],"curies":[{"name":"wp","href":"https:\/\/api.w.org\/{rel}","templated":true}]}}