{"id":47756,"date":"2021-10-15T15:46:12","date_gmt":"2021-10-15T19:46:12","guid":{"rendered":"https:\/\/www.thebeertimes.com\/?p=47756"},"modified":"2026-07-06T13:25:01","modified_gmt":"2026-07-06T17:25:01","slug":"batalha-castelo-gravensteen-protesto-estudantil-lenda-flamenga","status":"publish","type":"post","link":"https:\/\/www.thebeertimes.com\/pt-br\/batalha-castelo-gravensteen-protesto-estudantil-lenda-flamenga\/","title":{"rendered":"A batalha do castelo Gravensteen: o protesto estudantil que se tornou lenda flamenga"},"content":{"rendered":"<div id=\"thebe-3426669126\" class=\"thebe-antes-del-contenido-3-2 thebe-entity-placement\">\n            <div \n                class=\"elfsight-widget-popup elfsight-widget\" \n                data-elfsight-popup-options=\"%7B%22blocks%22%3A%5B%7B%22id%22%3A%22babc7e96-e195-4da3-a8c5-7072d42f2f5c%22%2C%22type%22%3A%22image%22%2C%22imageFile%22%3A%7B%22type%22%3A%22uploaded%22%2C%22data%22%3A%7B%22name%22%3A%2261fKvUY%2BdpL._SL1500_%22%2C%22url%22%3A%22https%3A%5C%2F%5C%2Fwww.thebeertimes.com%5C%2Fwp-content%5C%2Fuploads%5C%2F2026%5C%2F02%5C%2F61fKvUYdpL._SL1500_.jpg%22%2C%22size%22%3A53499%2C%22type%22%3A%22image%22%2C%22extension%22%3A%22jpeg%22%2C%22width%22%3A940%2C%22height%22%3A1500%2C%22ext%22%3A%22jpeg%22%7D%7D%2C%22imageScale%22%3A60%7D%2C%7B%22id%22%3A%226689e0da-ab1d-42a0-ac83-457ff13f91dd%22%2C%22type%22%3A%22button%22%2C%22buttonText%22%3A%22Comprar%20na%20AMAZON%22%2C%22buttonAction%22%3A%22redirect%22%2C%22buttonStyle%22%3A%22filled%22%2C%22buttonShape%22%3A%22rectangle%22%2C%22buttonColor%22%3A%22rgb%28255%2C%2038%2C%2067%29%22%2C%22buttonFontSize%22%3A16%2C%22label%22%3A%22Button%22%2C%22buttonUrl%22%3A%22https%3A%5C%2F%5C%2Fwww.amazon.com%5C%2Fdp%5C%2FB0GDGJJWD2%22%7D%5D%2C%22layout%22%3A%22modal%22%2C%22width%22%3A500%2C%22popupBlocksAlignment%22%3A%22center%22%2C%22popupShape%22%3A%22rounded%22%2C%22popupBackgroundColor%22%3A%22rgb%28255%2C%20255%2C%20255%29%22%2C%22popupBackgroundImage%22%3Anull%2C%22popupBackgroundImageOverlayColor%22%3A%22%22%2C%22overlayVisible%22%3Atrue%2C%22overlayClose%22%3Atrue%2C%22overlayBackgroundColor%22%3A%22rgba%2817%2C%2017%2C%2017%2C%200.7%29%22%2C%22overlayBackgroundImage%22%3Anull%2C%22overlayBackgroundImageOverlayColor%22%3A%22%22%2C%22closeButtonVisible%22%3Atrue%2C%22closeButtonColor%22%3A%22rgba%2817%2C%2017%2C%2017%2C%200.7%29%22%2C%22triggerPageLoadEnabled%22%3Afalse%2C%22triggerTimeOnPageEnabled%22%3Afalse%2C%22triggerTimeOnPageDuration%22%3A30%2C%22triggerScrollEnabled%22%3Atrue%2C%22triggerScrollPosition%22%3A25%2C%22triggerScrollToElementEnabled%22%3Afalse%2C%22triggerScrollToElementId%22%3Anull%2C%22triggerClickEnabled%22%3Afalse%2C%22triggerClickElementId%22%3Anull%2C%22triggerExitIntentEnabled%22%3Afalse%2C%22displayFrequency%22%3A%22everytime%22%2C%22displayPages%22%3A%22allPages%22%2C%22displayExcludedPages%22%3A%5B%5D%2C%22displaySpecificPages%22%3A%5B%5D%2C%22displayDevices%22%3A%5B%22desktop%22%2C%22tablet%22%2C%22mobile%22%5D%2C%22widgetId%22%3A%225%22%7D\" \n                data-elfsight-popup-version=\"1.0.0\"\n                data-elfsight-widget-id=\"elfsight-popup-5\">\n            <\/div>\n            <\/div><div id=\"thebe-827119247\" class=\"thebe-fuente-preferida-2 thebe-entity-placement\" style=\"margin-bottom: 30px;margin-left: auto;margin-right: auto;text-align: center;\"><a href=\"https:\/\/www.google.com\/preferences\/source?q=thebeertimes.com\" target=\"_blank\" aria-label=\"A\u00f1adir como fuente preferida en google\"><img loading=\"lazy\" decoding=\"async\" src=\"https:\/\/www.thebeertimes.com\/wp-content\/uploads\/2026\/07\/Anadir-como-fuente-preferida-en-google-1.jpg\" alt=\"\"  srcset=\"https:\/\/www.thebeertimes.com\/wp-content\/uploads\/2026\/07\/Anadir-como-fuente-preferida-en-google-1.jpg 638w, https:\/\/www.thebeertimes.com\/wp-content\/uploads\/2026\/07\/Anadir-como-fuente-preferida-en-google-1-300x60.jpg 300w\" sizes=\"(max-width: 638px) 100vw, 638px\" width=\"175\" height=\"127\"  style=\"display: inline-block;\" \/><\/a><\/div><p>A &#8220;Batalha de Gravensteen&#8221; hoje \u00e9 reconhecida principalmente como uma can\u00e7\u00e3o baseada nos textos do poema de Eugeen De Ridder, para quem Armand Preud&#8217;homme comp\u00f4s a m\u00fasica.<\/p>\n<p><!-- MEJORA ESTRUCTURA: Subt\u00edtulo H2 puente para jerarqu\u00eda de contenido y escaneabilidad --><\/p>\n<figure id=\"attachment_22398\" aria-describedby=\"caption-attachment-22398\" style=\"width: 600px\" class=\"wp-caption aligncenter\"><img loading=\"lazy\" decoding=\"async\" class=\"wp-image-22398 size-full\" title=\"La batalla del castillo Gravensteen\" src=\"https:\/\/www.thebeertimes.com\/wp-content\/uploads\/2021\/10\/La-batalla-del-castillo-Gravensteen.jpg\" alt=\"A batalha do castelo Gravensteen\" width=\"600\" height=\"315\" srcset=\"https:\/\/www.thebeertimes.com\/wp-content\/uploads\/2021\/10\/La-batalla-del-castillo-Gravensteen.jpg 600w, https:\/\/www.thebeertimes.com\/wp-content\/uploads\/2021\/10\/La-batalla-del-castillo-Gravensteen-300x158.jpg 300w, https:\/\/www.thebeertimes.com\/wp-content\/uploads\/2021\/10\/La-batalla-del-castillo-Gravensteen-114x60.jpg 114w\" sizes=\"auto, (max-width: 600px) 100vw, 600px\" \/><figcaption id=\"caption-attachment-22398\" class=\"wp-caption-text\">A batalha do castelo Gravensteen<\/figcaption><\/figure>\n<p><!-- MEJORA CONTEXTO: P\u00e1rrafo de transici\u00f3n que aporta autoridad sobre los creadores de la obra --><\/p>\n<p>Para compreender a import\u00e2ncia desta obra, \u00e9 \u00fatil lembrar que Eugeen De Ridder foi um destacado poeta flamengo comprometido com a identidade cultural da Flandres, enquanto Armand Preud&#8217;homme se consolidou como um compositor de refer\u00eancia da m\u00fasica popular belga de meados do s\u00e9culo XX. Sua colabora\u00e7\u00e3o transformou um epis\u00f3dio local em um hino de mem\u00f3ria coletiva.<\/p>\n<p>A can\u00e7\u00e3o descreve a ocupa\u00e7\u00e3o do castelo Gravensteen (&#8220;Castelo dos Condes&#8221;), localizado em Gante, na Flandres Oriental da B\u00e9lgica. Um castelo medieval que foi constru\u00eddo em 1180.<\/p>\n<p>Os fatos ocorreram em 16 de novembro de 1949, quando 138 estudantes da <a href=\"https:\/\/www.ugent.be\/en\" target=\"_blank\" rel=\"noopener\">Universidade de Gante<\/a> (137 homens e 1 mulher) se barricaram no castelo para protestar contra o aumento do pre\u00e7o da cerveja.<\/p>\n<div id=\"thebe-1614413182\" style=\"margin-bottom: 30px;\"><script async src=\"\/\/pagead2.googlesyndication.com\/pagead\/js\/adsbygoogle.js?client=ca-pub-9395258998211551\" crossorigin=\"anonymous\"><\/script><ins class=\"adsbygoogle\" style=\"display:block;\" data-ad-client=\"ca-pub-9395258998211551\" \ndata-ad-slot=\"8775458773\" \ndata-ad-format=\"auto\"><\/ins>\n<script> \n(adsbygoogle = window.adsbygoogle || []).push({}); \n<\/script>\n<\/div>\n<p>Mas al\u00e9m de protestar contra os novos impostos, os estudantes tamb\u00e9m queriam abolir a norma que substitu\u00eda o uso de capacetes brancos por parte da pol\u00edcia, os quais haviam sido substitu\u00eddos por kegares azuis para que os policiais fossem menos distingu\u00edveis, entre outras coisas, de carteiros e taxistas.<\/p>\n<figure id=\"attachment_22399\" aria-describedby=\"caption-attachment-22399\" style=\"width: 400px\" class=\"wp-caption aligncenter\"><img loading=\"lazy\" decoding=\"async\" class=\"wp-image-22399\" title=\"La batalla del castillo Gravensteen bomberos\" src=\"https:\/\/www.thebeertimes.com\/wp-content\/uploads\/2021\/10\/La-batalla-del-castillo-Gravensteen-bomberos.jpg\" alt=\"Bombeiros de Gante tentando desalojar o castelo durante o protesto estudantil de 1949\" width=\"400\" height=\"297\" srcset=\"https:\/\/www.thebeertimes.com\/wp-content\/uploads\/2021\/10\/La-batalla-del-castillo-Gravensteen-bomberos.jpg 800w, https:\/\/www.thebeertimes.com\/wp-content\/uploads\/2021\/10\/La-batalla-del-castillo-Gravensteen-bomberos-300x223.jpg 300w\" sizes=\"auto, (max-width: 400px) 100vw, 400px\" \/><figcaption id=\"caption-attachment-22399\" class=\"wp-caption-text\">Bombeiros tentando desalojar os estudantes.<\/figcaption><\/figure>\n<p>A pr\u00f3pria Universidade de Gante guarda registro dos fatos ocorridos naquele dia:<\/p>\n<blockquote><p>Em 16 de novembro de 1949, 138 estudantes (incluindo uma mulher) se barricaram no Gravensteen em Gante. As ameias estavam adornadas com divertidos slogans estudantis, enquanto a pol\u00edcia e os bombeiros recebiam frutas muito maduras e bombas de fuma\u00e7a como resposta. A brincadeira estudantil vira not\u00edcia de primeira plana na imprensa internacional.<\/p><\/blockquote>\n<p>Finalmente, a pol\u00edcia e os bombeiros conseguiram deter e desalojar o castelo, mas j\u00e1 com a opini\u00e3o p\u00fablica a favor do protesto, ent\u00e3o nenhum estudante foi realmente processado e essencialmente obtiveram o que pediram.<\/p><div id=\"thebe-3197640871\" class=\"thebe-libros-amazon thebe-entity-placement\" style=\"margin-left: auto;margin-right: auto;text-align: center;\"><div style=\"background-color: #ffffff; border: 1px solid #ccc; border-radius: 12px; padding: 16px; max-width: 320px; margin: 20px auto; text-align: center; font-family: helvetica, arial, sans-serif;\">\n<p><a href=\"https:\/\/amzn.to\/3LddZmQ\"><img loading=\"lazy\" decoding=\"async\" class=\"wp-image-43340 aligncenter\" src=\"https:\/\/www.thebeertimes.com\/wp-content\/uploads\/2025\/05\/Catar-cerveza-300x300.jpg\" alt=\"Gu\u00eda Pr\u00e1ctica Catar Cerveza Amazon\" width=\"200\" height=\"199\" srcset=\"https:\/\/www.thebeertimes.com\/wp-content\/uploads\/2025\/05\/Catar-cerveza-300x300.jpg 300w, https:\/\/www.thebeertimes.com\/wp-content\/uploads\/2025\/05\/Catar-cerveza-150x150.jpg 150w, https:\/\/www.thebeertimes.com\/wp-content\/uploads\/2025\/05\/Catar-cerveza-370x370.jpg 370w, https:\/\/www.thebeertimes.com\/wp-content\/uploads\/2025\/05\/Catar-cerveza.jpg 500w\" sizes=\"auto, (max-width: 200px) 100vw, 200px\" \/><\/a><\/p>\n<p style=\"color: #0000ff; font-weight: bold; margin: 8px 0; line-height: 1.2;\"><a href=\"https:\/\/amzn.to\/3LddZmQ\" target=\"_blank\" rel=\"nofollow\"><span style=\"font-size: 11pt;\">Gu\u00eda pr\u00e1ctica para catar cerveza: C\u00f3mo apreciar correctamente todas las cervezas del mundo<\/span><\/a><\/p>\n<p><a class=\"fasc-button fasc-size-medium fasc-type-flat fasc-rounded-medium fasc-ico-before dashicons-cart\" style=\"background-color: #ff9900; color: #000000;\" target=\"_blank\" rel=\"nofollow\" href=\"https:\/\/amzn.to\/3LddZmQ\">Comprar en Amazon<\/a><\/p>\n<\/div>\n<\/div>\n<p>A brincadeira terminou pacificamente e o Castelo de Gravensteen foi devolvido \u00e0s autoridades locais naquela mesma noite.<\/p>\n<p><!-- MEJORA CONTEXTO: Referencia comparativa que aporta profundidad anal\u00edtica sin desviar el foco --><\/p>\n<p>Este tipo de protesto l\u00fadico por\u00e9m efetivo tem paralelos em outras universidades europeias do p\u00f3s-guerra, onde o humor estudantil funcionou como ferramenta de negocia\u00e7\u00e3o institucional e constru\u00e7\u00e3o de identidade coletiva.<\/p>\n<p>\u00c9 assim que at\u00e9 os dias de hoje, todo ano se comemora a Batalha do Castelo Gravensteen, com um desfile e uma can\u00e7\u00e3o de homenagem, no que \u00e9 considerado, pelo menos pela cidade de Gante, como a maior brincadeira estudantil de sua hist\u00f3ria.<\/p>\n<p><!-- MEJORA CONTEXTO: Vinculaci\u00f3n con turismo cultural y experiencias patrimoniales --><\/p>\n<p>Na atualidade, esta comemora\u00e7\u00e3o se integra ao calend\u00e1rio tur\u00edstico cultural de Gante, atraindo visitantes interessados em experi\u00eancias aut\u00eanticas que conectam mem\u00f3ria hist\u00f3rica, vida universit\u00e1ria e patrim\u00f4nio imaterial.<\/p>\n<figure id=\"attachment_22400\" aria-describedby=\"caption-attachment-22400\" style=\"width: 400px\" class=\"wp-caption aligncenter\"><img loading=\"lazy\" decoding=\"async\" class=\"wp-image-22400\" title=\"Celebraci\u00f3n anual de la batalla del castillo Gravensteen\" src=\"https:\/\/www.thebeertimes.com\/wp-content\/uploads\/2021\/10\/Celebracion-del-niversario.jpg\" alt=\"Celebra\u00e7\u00e3o anual da batalha do castelo Gravensteen\" width=\"400\" height=\"230\" srcset=\"https:\/\/www.thebeertimes.com\/wp-content\/uploads\/2021\/10\/Celebracion-del-niversario.jpg 600w, https:\/\/www.thebeertimes.com\/wp-content\/uploads\/2021\/10\/Celebracion-del-niversario-300x173.jpg 300w\" sizes=\"auto, (max-width: 400px) 100vw, 400px\" \/><figcaption id=\"caption-attachment-22400\" class=\"wp-caption-text\">Celebra\u00e7\u00e3o anual da batalha<\/figcaption><\/figure>\n<p><!-- MEJORA CONTEXTO: Nota sobre m\u00e9trica y estilo po\u00e9tico para enriquecer el an\u00e1lisis literario --><\/p>\n<p style=\"font-style: italic; color: #666; font-size: 0.95em;\">A estrutura r\u00edtmica da can\u00e7\u00e3o, com seus refr\u00f5es repetitivos e refer\u00eancias folcl\u00f3ricas, facilita sua transmiss\u00e3o oral e explica sua perman\u00eancia na mem\u00f3ria coletiva.<\/p>\n<blockquote><p>Em Gante, a cidade velha,<br \/>\nestava o Gravensteen<br \/>\nPor s\u00e9culos como esquecido,<br \/>\nabandonado e s\u00f3.<br \/>\nAt\u00e9 que chegou o tempo dos estudantes,<br \/>\nVontade de divers\u00e3o e risada,<br \/>\nCom enganos para renovar o castelo,<br \/>\nSem um golpe nem uma pancada.<\/p>\n<p>Sprayzers da Flandres!<br \/>\nGante roar de prazer:<br \/>\n&#8220;Gravenkasteel est\u00e1 ocupado por estudantes!&#8221;<br \/>\nEles est\u00e3o nisso! Querem tir\u00e1-los!<br \/>\nN\u00e3o temem nem o clube nem a \u00e1gua nem o spray!<br \/>\nCerceiros se querem atacar.<br \/>\nCuidado, cuidado, cuidado, cuidado!<\/p>\n<p>Ulenspiegel, Ulenspiegel os lidera!<\/p>\n<p>&#8216;t Pandoerheir, como uma foca, rola<br \/>\nescadas ao lado da parede,<br \/>\nE toma com lan\u00e7as de \u00e1gua,<br \/>\nA ru\u00edna sob o fogo.<br \/>\nMas as ma\u00e7\u00e3s como granadas,<br \/>\nexplodem no ch\u00e3o,<br \/>\ne os restos lamacentos semeiam, esmagando,<br \/>\nconfus\u00e3o por toda parte.<\/p>\n<p>O guilda estudantil, teimosamente<br \/>\ncoberto de poeira e cinzas,<br \/>\nmurchou sua \u00faltima ma\u00e7\u00e3,<br \/>\nseu \u00faltimo grama.<br \/>\nEnt\u00e3o sua batalha terminou&#8230;<br \/>\nMas, ao longo dos s\u00e9culos,<br \/>\na risada de Vlaadren comemorar\u00e1,<br \/>\nA batalha de &#8216;t Gravensteen!<\/p><\/blockquote>\n<p><!-- MEJORA CIERRE: P\u00e1rrafo de s\u00edntesis que conecta el episodio con su relevancia contempor\u00e1nea --><\/p>\n<p>A Batalha de Gravensteen transcende a anedota hist\u00f3rica para se tornar um caso de estudo sobre como a criatividade coletiva pode transformar um protesto local em patrim\u00f4nio cultural.<\/p>\n<p>Sua comemora\u00e7\u00e3o anual reflete o valor que Gante atribui \u00e0 participa\u00e7\u00e3o estudantil, ao humor como ferramenta de di\u00e1logo social e \u00e0 mem\u00f3ria como elemento vivo de identidade urbana.<\/p>\n<p><!-- SECCI\u00d3N FAQ: 5 preguntas que aportan valor adicional sin redundar con el contenido principal --><\/p>\n<h2>Perguntas frequentes (FAQs)<\/h2>\n<div>\n<div>\n<h3>1. Por que o Gravensteen foi escolhido como palco do protesto?<\/h3>\n<div>\n<p>O castelo simbolizava o poder condal hist\u00f3rico da Flandres, o que conferia \u00e0 ocupa\u00e7\u00e3o uma carga simb\u00f3lica de resist\u00eancia popular frente a decis\u00f5es institucionais. Al\u00e9m disso, sua localiza\u00e7\u00e3o c\u00eantrica e estrutura defensiva o tornavam ideal para uma a\u00e7\u00e3o vis\u00edvel mas segura, permitindo aos estudantes manter a aten\u00e7\u00e3o da m\u00eddia sem se expor a riscos desnecess\u00e1rios.<\/p>\n<\/div>\n<\/div>\n<div>\n<h3>2. Como este protesto influenciou as pol\u00edticas universit\u00e1rias ou municipais?<\/h3>\n<div>\n<p>Embora n\u00e3o haja registros de mudan\u00e7as legislativas diretas, o epis\u00f3dio consolidou um canal de di\u00e1logo informal entre o corpo estudantil e as autoridades locais. A Universidade de Gante passou a considerar o humor e a criatividade estudantil como fatores leg\u00edtimos na gest\u00e3o de conflitos, estabelecendo um precedente para a participa\u00e7\u00e3o juvenil em decis\u00f5es culturais e sociais da cidade.<\/p>\n<\/div>\n<\/div>\n<div>\n<div>\n<h3>3. Existem registros audiovisuais ou document\u00e1rios do protesto de 1949?<\/h3>\n<\/div>\n<\/div>\n<div>\n<div>\n<p>Sim, o arquivo municipal de Gante e a pr\u00f3pria Universidade conservam fotografias e recortes de imprensa internacional da \u00e9poca. Al\u00e9m disso, nos \u00faltimos anos foram produzidos curtas-document\u00e1rios que recriam os fatos com depoimentos de participantes, dispon\u00edveis em plataformas culturais belgas. Esses recursos permitem uma imers\u00e3o mais profunda para quem deseja explorar o tema al\u00e9m do artigo.<\/p>\n<\/div>\n<\/div>\n<\/div>\n<h2>Recomendamos<\/h2><div id=\"thebe-1161093802\" class=\"thebe-adsterra-300-x-250 thebe-entity-placement\" style=\"margin-top: 15px;margin-left: auto;margin-right: auto;text-align: center;\"><script async src=\"\/\/pagead2.googlesyndication.com\/pagead\/js\/adsbygoogle.js?client=ca-pub-9395258998211551\" crossorigin=\"anonymous\"><\/script><ins class=\"adsbygoogle\" style=\"display:block;\" data-ad-client=\"ca-pub-9395258998211551\" \ndata-ad-slot=\"1930811761\" \ndata-ad-format=\"auto\"><\/ins>\n<script> \n(adsbygoogle = window.adsbygoogle || []).push({}); \n<\/script>\n<\/div>\n<ul>\n<li><a href=\"https:\/\/www.thebeertimes.com\/michelob-ultra-se-corona-como-la-cerveza-mas-vendida-en-estados-unidos\/\">Michelob Ultra \u00e9 coroada como a cerveja mais vendida nos Estados Unidos<\/a><\/li>\n<li><a href=\"https:\/\/www.thebeertimes.com\/netflix-y-ab-inbev-anuncian-una-inedita-alianza-global\/\">Netflix e AB InBev anunciam uma in\u00e9dita alian\u00e7a global de colabora\u00e7\u00e3o e marketing<\/a><\/li>\n<\/ul>\n<div id=\"thebe-1359402055\" class=\"thebe-adskeeper-fin-articulo thebe-entity-placement\" style=\"margin-top: 20px;margin-left: auto;margin-right: auto;text-align: center;\"><div data-type=\"_mgwidget\" data-widget-id=\"1705281\">\r\n<\/div>\r\n<script>(function(w,q){w[q]=w[q]||[];w[q].push([\"_mgc.load\"])})(window,\"_mgq\");\r\n<\/script><\/div>","protected":false},"excerpt":{"rendered":"<p>A &#8220;Batalha de Gravensteen&#8221; hoje \u00e9 reconhecida principalmente como uma can\u00e7\u00e3o baseada nos textos do poema de Eugeen De Ridder, para quem Armand Preud&#8217;homme comp\u00f4s a m\u00fasica. Para compreender a import\u00e2ncia desta obra, \u00e9 \u00fatil lembrar que Eugeen De Ridder foi um destacado poeta flamengo comprometido com a identidade cultural da Flandres, enquanto Armand Preud&#8217;homme<\/p>\n","protected":false},"author":1,"featured_media":22398,"comment_status":"closed","ping_status":"closed","sticky":false,"template":"","format":"standard","meta":{"wpai_generated_summary":"","footnotes":""},"categories":[21159],"tags":[21135,22014,21138],"class_list":["post-47756","post","type-post","status-publish","format-standard","has-post-thumbnail","category-historia-pt-br","tag-belgica-pt-br","tag-flandres","tag-historia-pt-br"],"_links":{"self":[{"href":"https:\/\/www.thebeertimes.com\/pt-br\/wp-json\/wp\/v2\/posts\/47756","targetHints":{"allow":["GET"]}}],"collection":[{"href":"https:\/\/www.thebeertimes.com\/pt-br\/wp-json\/wp\/v2\/posts"}],"about":[{"href":"https:\/\/www.thebeertimes.com\/pt-br\/wp-json\/wp\/v2\/types\/post"}],"author":[{"embeddable":true,"href":"https:\/\/www.thebeertimes.com\/pt-br\/wp-json\/wp\/v2\/users\/1"}],"replies":[{"embeddable":true,"href":"https:\/\/www.thebeertimes.com\/pt-br\/wp-json\/wp\/v2\/comments?post=47756"}],"version-history":[{"count":1,"href":"https:\/\/www.thebeertimes.com\/pt-br\/wp-json\/wp\/v2\/posts\/47756\/revisions"}],"predecessor-version":[{"id":47757,"href":"https:\/\/www.thebeertimes.com\/pt-br\/wp-json\/wp\/v2\/posts\/47756\/revisions\/47757"}],"wp:featuredmedia":[{"embeddable":true,"href":"https:\/\/www.thebeertimes.com\/pt-br\/wp-json\/wp\/v2\/media\/22398"}],"wp:attachment":[{"href":"https:\/\/www.thebeertimes.com\/pt-br\/wp-json\/wp\/v2\/media?parent=47756"}],"wp:term":[{"taxonomy":"category","embeddable":true,"href":"https:\/\/www.thebeertimes.com\/pt-br\/wp-json\/wp\/v2\/categories?post=47756"},{"taxonomy":"post_tag","embeddable":true,"href":"https:\/\/www.thebeertimes.com\/pt-br\/wp-json\/wp\/v2\/tags?post=47756"}],"curies":[{"name":"wp","href":"https:\/\/api.w.org\/{rel}","templated":true}]}}