{"id":47947,"date":"2026-07-13T17:13:16","date_gmt":"2026-07-13T21:13:16","guid":{"rendered":"https:\/\/www.thebeertimes.com\/?p=47947"},"modified":"2026-07-13T20:16:39","modified_gmt":"2026-07-14T00:16:39","slug":"historia-e-origem-do-estilo-vienna-lager-a-cerveja-que-encontrou-um-novo-lar-no-mexico","status":"publish","type":"post","link":"https:\/\/www.thebeertimes.com\/pt-br\/historia-e-origem-do-estilo-vienna-lager-a-cerveja-que-encontrou-um-novo-lar-no-mexico\/","title":{"rendered":"Hist\u00f3ria e origem do estilo Vienna Lager: A cerveja que encontrou um novo lar no M\u00e9xico"},"content":{"rendered":"<div id=\"thebe-348456826\" class=\"thebe-antes-del-contenido-3-2 thebe-entity-placement\">\n            <div \n                class=\"elfsight-widget-popup elfsight-widget\" \n                data-elfsight-popup-options=\"%7B%22blocks%22%3A%5B%7B%22id%22%3A%22babc7e96-e195-4da3-a8c5-7072d42f2f5c%22%2C%22type%22%3A%22image%22%2C%22imageFile%22%3A%7B%22type%22%3A%22uploaded%22%2C%22data%22%3A%7B%22name%22%3A%2261fKvUY%2BdpL._SL1500_%22%2C%22url%22%3A%22https%3A%5C%2F%5C%2Fwww.thebeertimes.com%5C%2Fwp-content%5C%2Fuploads%5C%2F2026%5C%2F02%5C%2F61fKvUYdpL._SL1500_.jpg%22%2C%22size%22%3A53499%2C%22type%22%3A%22image%22%2C%22extension%22%3A%22jpeg%22%2C%22width%22%3A940%2C%22height%22%3A1500%2C%22ext%22%3A%22jpeg%22%7D%7D%2C%22imageScale%22%3A60%7D%2C%7B%22id%22%3A%226689e0da-ab1d-42a0-ac83-457ff13f91dd%22%2C%22type%22%3A%22button%22%2C%22buttonText%22%3A%22Comprar%20na%20AMAZON%22%2C%22buttonAction%22%3A%22redirect%22%2C%22buttonStyle%22%3A%22filled%22%2C%22buttonShape%22%3A%22rectangle%22%2C%22buttonColor%22%3A%22rgb%28255%2C%2038%2C%2067%29%22%2C%22buttonFontSize%22%3A16%2C%22label%22%3A%22Button%22%2C%22buttonUrl%22%3A%22https%3A%5C%2F%5C%2Fwww.amazon.com%5C%2Fdp%5C%2FB0GDGJJWD2%22%7D%5D%2C%22layout%22%3A%22modal%22%2C%22width%22%3A500%2C%22popupBlocksAlignment%22%3A%22center%22%2C%22popupShape%22%3A%22rounded%22%2C%22popupBackgroundColor%22%3A%22rgb%28255%2C%20255%2C%20255%29%22%2C%22popupBackgroundImage%22%3Anull%2C%22popupBackgroundImageOverlayColor%22%3A%22%22%2C%22overlayVisible%22%3Atrue%2C%22overlayClose%22%3Atrue%2C%22overlayBackgroundColor%22%3A%22rgba%2817%2C%2017%2C%2017%2C%200.7%29%22%2C%22overlayBackgroundImage%22%3Anull%2C%22overlayBackgroundImageOverlayColor%22%3A%22%22%2C%22closeButtonVisible%22%3Atrue%2C%22closeButtonColor%22%3A%22rgba%2817%2C%2017%2C%2017%2C%200.7%29%22%2C%22triggerPageLoadEnabled%22%3Afalse%2C%22triggerTimeOnPageEnabled%22%3Afalse%2C%22triggerTimeOnPageDuration%22%3A30%2C%22triggerScrollEnabled%22%3Atrue%2C%22triggerScrollPosition%22%3A25%2C%22triggerScrollToElementEnabled%22%3Afalse%2C%22triggerScrollToElementId%22%3Anull%2C%22triggerClickEnabled%22%3Afalse%2C%22triggerClickElementId%22%3Anull%2C%22triggerExitIntentEnabled%22%3Afalse%2C%22displayFrequency%22%3A%22everytime%22%2C%22displayPages%22%3A%22allPages%22%2C%22displayExcludedPages%22%3A%5B%5D%2C%22displaySpecificPages%22%3A%5B%5D%2C%22displayDevices%22%3A%5B%22desktop%22%2C%22tablet%22%2C%22mobile%22%5D%2C%22widgetId%22%3A%225%22%7D\" \n                data-elfsight-popup-version=\"1.0.0\"\n                data-elfsight-widget-id=\"elfsight-popup-5\">\n            <\/div>\n            <\/div><div id=\"thebe-839375775\" class=\"thebe-fuente-preferida-2 thebe-entity-placement\" style=\"margin-bottom: 30px;margin-left: auto;margin-right: auto;text-align: center;\"><a href=\"https:\/\/www.google.com\/preferences\/source?q=thebeertimes.com\" target=\"_blank\" aria-label=\"A\u00f1adir como fuente preferida en google\"><img loading=\"lazy\" decoding=\"async\" src=\"https:\/\/www.thebeertimes.com\/wp-content\/uploads\/2026\/07\/Anadir-como-fuente-preferida-en-google-1.jpg\" alt=\"\"  srcset=\"https:\/\/www.thebeertimes.com\/wp-content\/uploads\/2026\/07\/Anadir-como-fuente-preferida-en-google-1.jpg 638w, https:\/\/www.thebeertimes.com\/wp-content\/uploads\/2026\/07\/Anadir-como-fuente-preferida-en-google-1-300x60.jpg 300w\" sizes=\"(max-width: 638px) 100vw, 638px\" width=\"175\" height=\"127\"  style=\"display: inline-block;\" \/><\/a><\/div><p>Em 1841, Anton Dreher produziu em Schwechat a primeira Vienna Lager da hist\u00f3ria, combinando t\u00e9cnicas de maltagem aprendidas na Gr\u00e3-Bretanha com a fermenta\u00e7\u00e3o a frio que dominava a tradi\u00e7\u00e3o b\u00e1vara.<\/p>\n<figure id=\"attachment_47935\" aria-describedby=\"caption-attachment-47935\" style=\"width: 600px\" class=\"wp-caption aligncenter\"><img loading=\"lazy\" decoding=\"async\" class=\"wp-image-47935 size-full\" title=\"Vienna Lager\" src=\"https:\/\/www.thebeertimes.com\/wp-content\/uploads\/2026\/07\/Vienna-Lager.jpg\" alt=\"Vienna Lager\" width=\"600\" height=\"315\" srcset=\"https:\/\/www.thebeertimes.com\/wp-content\/uploads\/2026\/07\/Vienna-Lager.jpg 600w, https:\/\/www.thebeertimes.com\/wp-content\/uploads\/2026\/07\/Vienna-Lager-300x158.jpg 300w\" sizes=\"auto, (max-width: 600px) 100vw, 600px\" \/><figcaption id=\"caption-attachment-47935\" class=\"wp-caption-text\">Vienna Lager<\/figcaption><\/figure>\n<p>O resultado foi uma cerveja \u00e2mbar, torrada e de perfil limpo que transformou a ind\u00fastria europeia e, d\u00e9cadas depois, atravessou o Atl\u00e2ntico para se tornar a base da cerveja mexicana industrial.<\/p>\n<p>A Vienna Lager ocupa um lugar \u00fanico na hist\u00f3ria cervejeira. \u00c9 o estilo que inventou a lager \u00e2mbar, foi encurralado pela Pilsner em seu pr\u00f3prio pa\u00eds de origem e hoje sobrevive com mais vigor no M\u00e9xico e na cena craft global do que na pr\u00f3pria \u00c1ustria.<\/p>\n<p>Para entender essa trajet\u00f3ria, \u00e9 preciso come\u00e7ar em uma viagem que dois cervejeiros fizeram pela Gr\u00e3-Bretanha em 1833.<\/p>\n\n<h2>A viagem que gestou um novo estilo de cerveja<\/h2>\n<p>Em 1833, Anton Dreher e Gabriel Sedlmayr \u2014herdeiro da Hofbr\u00e4uhaus de Munique\u2014 percorreram juntos as principais cervejarias da Gr\u00e3-Bretanha e Irlanda. O objetivo era estudar as t\u00e9cnicas de maltagem brit\u00e2nicas, que produziam cervejas mais p\u00e1lidas e est\u00e1veis que as continentais.<\/p>\n<p>Os m\u00e9todos que usaram para coletar amostras n\u00e3o eram exatamente os que se esperariam de dois futuros fundadores da ind\u00fastria moderna: carregavam bast\u00f5es ocos com os quais extra\u00edam amostras de mosto e levedura sem autoriza\u00e7\u00e3o, algo que ambos reconheceram em correspond\u00eancia posterior.<\/p>\n<figure id=\"attachment_47936\" aria-describedby=\"caption-attachment-47936\" style=\"width: 490px\" class=\"wp-caption aligncenter\"><img loading=\"lazy\" decoding=\"async\" class=\"wp-image-47936 size-full\" title=\"Anton Dreher\" src=\"https:\/\/www.thebeertimes.com\/wp-content\/uploads\/2026\/07\/Anton-Dreher.jpg\" alt=\"Anton Dreher\" width=\"490\" height=\"354\" srcset=\"https:\/\/www.thebeertimes.com\/wp-content\/uploads\/2026\/07\/Anton-Dreher.jpg 490w, https:\/\/www.thebeertimes.com\/wp-content\/uploads\/2026\/07\/Anton-Dreher-300x217.jpg 300w\" sizes=\"auto, (max-width: 490px) 100vw, 490px\" \/><figcaption id=\"caption-attachment-47936\" class=\"wp-caption-text\">Anton Dreher<\/figcaption><\/figure>\n<p>De volta aos seus pa\u00edses, cada um aplicou o aprendizado \u00e0 sua tradi\u00e7\u00e3o local. Sedlmayr aperfei\u00e7oou a M\u00e4rzen em Munique. Dreher desenvolveu uma nova maneira de tratar o malte que combinava a secagem a frio dos maltadores brit\u00e2nicos com temperaturas um pouco mais elevadas, produzindo um gr\u00e3o de cor \u00e2mbar com aromas torrados que n\u00e3o tinha precedente no mercado continental.<\/p>\n<p>Em 1841, a Brauerei Schwechat apresentou essa nova cerveja. A cor era \u00e2mbar dourado. A fermenta\u00e7\u00e3o a frio produzia um perfil limpo, sem os \u00e9steres frutais das ales. O sabor era maltado, torrado e equilibrado, com amargor moderado de l\u00fapulo nobre. Era a primeira Vienna Lager.<\/p>\n<h2>O ingrediente que define o estilo<\/h2>\n<p>A contribui\u00e7\u00e3o t\u00e9cnica mais importante de Dreher n\u00e3o foi a receita, mas o gr\u00e3o. O malte de Viena \u00e9 obtido secando a cevada germinada em temperaturas m\u00e9dias \u2014cerca de 60-65 \u00b0C\u2014 que produzem rea\u00e7\u00f5es de Maillard sem chegar \u00e0 carameliza\u00e7\u00e3o dos maltes escuros. O resultado \u00e9 um cereal \u00e2mbar com sabores que lembram p\u00e3o fresco, biscoito seco e frutas secas.<\/p>\n<p>Ao contr\u00e1rio da pale malt \u2014mais p\u00e1lida e menos arom\u00e1tica\u2014 e dos maltes caramelo ou crystal \u2014com carameliza\u00e7\u00e3o intensa\u2014, o malte de Viena aporta cor e complexidade sem perder a limpeza de perfil que caracteriza as lagers.<\/p>\n<p>Esse equil\u00edbrio \u00e9 o que torna o estilo tecnicamente exigente: o malte tem que sustentar todo o interesse sensorial da cerveja porque os l\u00fapulos e a levedura s\u00e3o mantidos deliberadamente em segundo plano.<\/p>\n<p>A levedura lager que Dreher usava para fermentar a frio tem uma origem t\u00e3o fascinante quanto o pr\u00f3prio estilo. Pesquisas publicadas em 2011 confirmaram que a <em>Saccharomyces pastorianus<\/em>, a levedura respons\u00e1vel por todas as lagers do mundo, surgiu de um h\u00edbrido com <a href=\"https:\/\/www.thebeertimes.com\/pt-br\/mae-de-todas-as-leveduras-lager-florestas-patagonia-chilena\/\">leveduras selvagens da Patag\u00f4nia<\/a>.<\/p>\n<h2>Por que a Vienna Lager emigrou para o M\u00e9xico?<\/h2>\n<p>A hist\u00f3ria do estilo na Europa terminou antes do que ningu\u00e9m teria previsto. Em 1842, apenas um ano ap\u00f3s a estreia da Vienna Lager, Josef Groll produziu em Plze\u0148 a primeira Pilsner da hist\u00f3ria.<\/p>\n<p>A cerveja loira, leve e brilhante que saiu da Bo\u00eamia iniciou uma conquista do mercado europeu que ningu\u00e9m p\u00f4de conter. A lager p\u00e1lida iria dominar o s\u00e9culo seguinte.<\/p>\n<p>Na \u00c1ustria, a Pilsner foi deslocando a Vienna Lager das torneiras ao longo da segunda metade do s\u00e9culo XIX. O estilo nascido em Schwechat perdeu participa\u00e7\u00e3o de mercado em seu pr\u00f3prio pa\u00eds de origem at\u00e9 se tornar uma raridade hist\u00f3rica.<\/p>\n<p>O que Dreher n\u00e3o podia prever \u00e9 que sua cerveja iria sobreviver do outro lado do Atl\u00e2ntico. Durante o Imp\u00e9rio de Maximiliano I \u2014o arquiduque austr\u00edaco que governou o M\u00e9xico entre 1864 e 1867\u2014 chegaram ao pa\u00eds ondas de imigrantes europeus.<\/p>\n<p>Entre eles, muitos cervejeiros austr\u00edacos e alem\u00e3es que conheciam perfeitamente o estilo vienense. As cervejarias que fundaram nas d\u00e9cadas seguintes adotaram a Vienna Lager como modelo de refer\u00eancia.<\/p><div id=\"thebe-2553781716\" class=\"thebe-libros-amazon thebe-entity-placement\" style=\"margin-left: auto;margin-right: auto;text-align: center;\"><div style=\"background-color: #ffffff; border: 1px solid #ccc; border-radius: 12px; padding: 16px; max-width: 320px; margin: 20px auto; text-align: center; font-family: helvetica, arial, sans-serif;\">\n<p><a href=\"https:\/\/amzn.to\/3LddZmQ\"><img loading=\"lazy\" decoding=\"async\" class=\"wp-image-43340 aligncenter\" src=\"https:\/\/www.thebeertimes.com\/wp-content\/uploads\/2025\/05\/Catar-cerveza-300x300.jpg\" alt=\"Gu\u00eda Pr\u00e1ctica Catar Cerveza Amazon\" width=\"200\" height=\"199\" srcset=\"https:\/\/www.thebeertimes.com\/wp-content\/uploads\/2025\/05\/Catar-cerveza-300x300.jpg 300w, https:\/\/www.thebeertimes.com\/wp-content\/uploads\/2025\/05\/Catar-cerveza-150x150.jpg 150w, https:\/\/www.thebeertimes.com\/wp-content\/uploads\/2025\/05\/Catar-cerveza-370x370.jpg 370w, https:\/\/www.thebeertimes.com\/wp-content\/uploads\/2025\/05\/Catar-cerveza.jpg 500w\" sizes=\"auto, (max-width: 200px) 100vw, 200px\" \/><\/a><\/p>\n<p style=\"color: #0000ff; font-weight: bold; margin: 8px 0; line-height: 1.2;\"><a href=\"https:\/\/amzn.to\/3LddZmQ\" target=\"_blank\" rel=\"nofollow\"><span style=\"font-size: 11pt;\">Gu\u00eda pr\u00e1ctica para catar cerveza: C\u00f3mo apreciar correctamente todas las cervezas del mundo<\/span><\/a><\/p>\n<p><a class=\"fasc-button fasc-size-medium fasc-type-flat fasc-rounded-medium fasc-ico-before dashicons-cart\" style=\"background-color: #ff9900; color: #000000;\" target=\"_blank\" rel=\"nofollow\" href=\"https:\/\/amzn.to\/3LddZmQ\">Comprar en Amazon<\/a><\/p>\n<\/div>\n<\/div>\n<p>O legado dessas funda\u00e7\u00f5es est\u00e1 hoje em marcas que qualquer entusiasta reconhece. A Dos Equis \u00c1mbar, cuja f\u00f3rmula descende diretamente do estilo vienense, e a Negra Modelo, que compartilha as mesmas ra\u00edzes maltadas, s\u00e3o duas das cervejas mais vendidas do M\u00e9xico.<\/p>\n<p>O pa\u00eds converteu a Vienna Lager em um estilo industrial de grande escala justamente quando ela desaparecia em sua terra de origem.<\/p>\n<figure id=\"attachment_9344\" aria-describedby=\"caption-attachment-9344\" style=\"width: 500px\" class=\"wp-caption aligncenter\"><img loading=\"lazy\" decoding=\"async\" class=\"wp-image-9344\" title=\"Hongo levaduras lager\" src=\"https:\/\/www.thebeertimes.com\/wp-content\/uploads\/2013\/08\/Hongo_Levaduras-300x158.jpg\" alt=\"Fungo leveduras lager\" width=\"500\" height=\"263\" srcset=\"https:\/\/www.thebeertimes.com\/wp-content\/uploads\/2013\/08\/Hongo_Levaduras-300x158.jpg 300w, https:\/\/www.thebeertimes.com\/wp-content\/uploads\/2013\/08\/Hongo_Levaduras-114x60.jpg 114w, https:\/\/www.thebeertimes.com\/wp-content\/uploads\/2013\/08\/Hongo_Levaduras.jpg 600w\" sizes=\"auto, (max-width: 500px) 100vw, 500px\" \/><figcaption id=\"caption-attachment-9344\" class=\"wp-caption-text\">Fungo leveduras lager<\/figcaption><\/figure>\n<h2>O renascimento artesanal e o retorno ao mapa global<\/h2>\n<p>Durante quase um s\u00e9culo, a Vienna Lager existiu como categoria hist\u00f3rica, mas raramente como cerveja real na maior parte do mundo. O Renascimento veio dos Estados Unidos.<\/p>\n<p>Em 1984, Jim Koch fundou a The Boston Beer Company e lan\u00e7ou a Samuel Adams Boston Lager, produzida com malte de Viena, que se tornou a bandeira do movimento craft americano nascente e demonstrou que havia um p\u00fablico disposto a pagar por cervejas com car\u00e1ter maltado e corpo real.<\/p>\n<p>Ao longo dos anos noventa e dois mil, a Vienna Lager foi se incorporando ao cat\u00e1logo de cervejarias artesanais de todo o mundo. O estilo encontrou no craft um espa\u00e7o que o mercado industrial nunca lhe havia dado.<\/p>\n<p>Hoje, a categoria tem reconhecimento consolidado na BJCP e nos principais concursos internacionais. A Argentina produziu recentemente a que foi reconhecida como a melhor Vienna Lager do mundo em duas edi\u00e7\u00f5es consecutivas, a Andes Origen Red, da Cervecer\u00eda Andes, uma nova virada geogr\u00e1fica na hist\u00f3ria de um estilo que nunca ficou parado.<\/p>\n<p>A trajet\u00f3ria da Vienna Lager \u2014defini\u00e7\u00e3o hist\u00f3rica, eclipse por um estilo mais massivo, sobreviv\u00eancia em um mercado inesperado, renascimento artesanal\u2014 tem paralelos em outros estilos regionais que tamb\u00e9m buscaram sua identidade com o tempo.<\/p>\n<p>A <a href=\"https:\/\/www.thebeertimes.com\/pt-br\/mediterranean-lager-primer-estilo-autoctono-espana\/\">Mediterranean Lager<\/a>, o primeiro estilo aut\u00f3ctone oficialmente codificado da Espanha, segue um caminho diferente mas igualmente revelador sobre como os mercados constroem e recuperam identidades cervejeiras.<\/p>\n<h2>O que esperar de uma Vienna Lager?<\/h2>\n<p>A Vienna Lager aut\u00eantica tem um perfil sensorial reconhec\u00edvel desde o primeiro olhar. A cor vai do \u00e2mbar claro ao cobre, com uma limpidez brilhante caracter\u00edstica das lagers bem produzidas. A espuma \u00e9 marfim e persistente.<\/p>\n<p>No nariz, predominam os aromas de malte torrado \u2014p\u00e3o, biscoito, noz\u2014 com uma presen\u00e7a de l\u00fapulo nobre discreta e floral. N\u00e3o h\u00e1 notas frutais; a fermenta\u00e7\u00e3o lager a frio elimina os \u00e9steres que aparecem nas ales.<\/p>\n<p>Na boca, o corpo \u00e9 m\u00e9dio, a carbonata\u00e7\u00e3o \u00e9 moderada e o amargor \u00e9 equilibrado com a do\u00e7ura maltada. O retrogosto \u00e9 seco e torrado, sem a\u00e7\u00facar residual dominante nem adstring\u00eancia.<\/p>\n<p>Os par\u00e2metros t\u00e9cnicos do estilo segundo a BJCP s\u00e3o os seguintes:<\/p>\n<ul>\n<li>\u00c1lcool entre 4,7 e 5,5% ABV<\/li>\n<li>Amargor entre 18 e 30 IBU<\/li>\n<li>Cor entre 9 e 15 SRM (\u00e2mbar claro a \u00e2mbar)<\/li>\n<li>Perfil de fermenta\u00e7\u00e3o limpo, sem \u00e9steres frutais<\/li>\n<li>Corpo m\u00e9dio com final seco<\/li>\n<\/ul>\n<p>Refer\u00eancias comerciais para identificar o estilo incluem Samuel Adams Boston Lager, Dos Equis \u00c1mbar, Negra Modelo e Andes Origen Red. No segmento artesanal europeu, a produ\u00e7\u00e3o cresce na Espanha, Alemanha e Reino Unido.<\/p>\n<h2>Perguntas frequentes (FAQ)<\/h2>\n<h3>Quando e onde nasceu o estilo Vienna Lager?<\/h3>\n<p>A primeira Vienna Lager foi produzida em 1841 por Anton Dreher na Brauerei Schwechat, nos arredores de Viena, \u00c1ustria. Dreher combinou t\u00e9cnicas de maltagem aprendidas na Gr\u00e3-Bretanha com a fermenta\u00e7\u00e3o a frio da tradi\u00e7\u00e3o b\u00e1vara para criar uma lager \u00e2mbar de perfil torrado e limpo.<\/p>\n<h3>Por que a Vienna Lager se tornou a base da cerveja mexicana?<\/h3>\n<p>Durante o Imp\u00e9rio de Maximiliano I (1864-1867), imigrantes austr\u00edacos e alem\u00e3es chegaram ao M\u00e9xico com o conhecimento do estilo vienense. As cervejarias que fundaram adotaram a Vienna Lager como modelo, e esse legado sobrevive hoje em marcas como Dos Equis \u00c1mbar e Negra Modelo.<\/p>\n<h3>O que \u00e9 o malte de Viena e qual \u00e9 seu papel no estilo?<\/h3>\n<p>O malte de Viena \u00e9 um gr\u00e3o seco a temperatura m\u00e9dia que produz cor \u00e2mbar e aromas torrados sem chegar \u00e0 carameliza\u00e7\u00e3o dos maltes escuros. \u00c9 o ingrediente principal da Vienna Lager e aporta a complexidade maltada que sustenta o estilo na aus\u00eancia de l\u00fapulos ou leveduras protagonistas.<\/p>\n<h3>Quais s\u00e3o as caracter\u00edsticas t\u00e9cnicas da Vienna Lager?<\/h3>\n<p>Segundo a BJCP, a Vienna Lager tem entre 4,7 e 5,5% ABV, amargor de 18 a 30 IBU e cor \u00e2mbar de 9 a 15 SRM. Seu perfil combina malte torrado, corpo m\u00e9dio e final seco, com fermenta\u00e7\u00e3o limpa sem \u00e9steres frutais.<\/p>\n<p><script type=\"application\/ld+json\">\n{\n  \"@context\": \"https:\/\/schema.org\",\n  \"@type\": \"FAQPage\",\n  \"mainEntity\": [\n    {\n      \"@type\": \"Question\",\n      \"name\": \"Quando e onde nasceu o estilo Vienna Lager?\",\n      \"acceptedAnswer\": {\n        \"@type\": \"Answer\",\n        \"text\": \"A primeira Vienna Lager foi produzida em 1841 por Anton Dreher na Brauerei Schwechat, nos arredores de Viena, \u00c1ustria. Dreher combinou t\u00e9cnicas de maltagem aprendidas na Gr\u00e3-Bretanha com a fermenta\u00e7\u00e3o a frio da tradi\u00e7\u00e3o b\u00e1vara para criar uma lager \u00e2mbar de perfil torrado e limpo.\"\n      }\n    },\n    {\n      \"@type\": \"Question\",\n      \"name\": \"Por que a Vienna Lager se tornou a base da cerveja mexicana?\",\n      \"acceptedAnswer\": {\n        \"@type\": \"Answer\",\n        \"text\": \"Durante o Imp\u00e9rio de Maximiliano I (1864-1867), imigrantes austr\u00edacos e alem\u00e3es chegaram ao M\u00e9xico com o conhecimento do estilo vienense. As cervejarias que fundaram adotaram a Vienna Lager como modelo, e esse legado sobrevive hoje em marcas como Dos Equis \u00c1mbar e Negra Modelo.\"\n      }\n    },\n    {\n      \"@type\": \"Question\",\n      \"name\": \"O que \u00e9 o malte de Viena e qual \u00e9 seu papel no estilo?\",\n      \"acceptedAnswer\": {\n        \"@type\": \"Answer\",\n        \"text\": \"O malte de Viena \u00e9 um gr\u00e3o seco a temperatura m\u00e9dia que produz cor \u00e2mbar e aromas torrados sem chegar \u00e0 carameliza\u00e7\u00e3o dos maltes escuros. \u00c9 o ingrediente principal da Vienna Lager: aporta a complexidade maltada que sustenta o estilo na aus\u00eancia de l\u00fapulos ou leveduras protagonistas.\"\n      }\n    },\n    {\n      \"@type\": \"Question\",\n      \"name\": \"Quais s\u00e3o as caracter\u00edsticas t\u00e9cnicas da Vienna Lager?\",\n      \"acceptedAnswer\": {\n        \"@type\": \"Answer\",\n        \"text\": \"Segundo a BJCP, a Vienna Lager tem entre 4,7 e 5,5% ABV, amargor de 18 a 30 IBU e cor \u00e2mbar de 9 a 15 SRM. Seu perfil combina malte torrado, corpo m\u00e9dio e final seco, com fermenta\u00e7\u00e3o limpa sem \u00e9steres frutais.\"\n      }\n    }\n  ]\n}\n<\/script><\/p>\n<h2>Voc\u00ea tamb\u00e9m pode se interessar<\/h2><div id=\"thebe-3930349580\" class=\"thebe-adsterra-300-x-250 thebe-entity-placement\" style=\"margin-top: 15px;margin-left: auto;margin-right: auto;text-align: center;\"><script async src=\"\/\/pagead2.googlesyndication.com\/pagead\/js\/adsbygoogle.js?client=ca-pub-9395258998211551\" crossorigin=\"anonymous\"><\/script><ins class=\"adsbygoogle\" style=\"display:block;\" data-ad-client=\"ca-pub-9395258998211551\" \ndata-ad-slot=\"1930811761\" \ndata-ad-format=\"auto\"><\/ins>\n<script> \n(adsbygoogle = window.adsbygoogle || []).push({}); \n<\/script>\n<\/div>\n<ul>\n<li><a href=\"https:\/\/www.thebeertimes.com\/pt-br\/o-que-e-chicha-beer-o-estilo-andino-sem-lupulo-que-comeca-a-conquistar-mercados\/\">Chicha beer, o estilo andino que combina milho de jora e tradi\u00e7\u00e3o craft latino-americana<\/a><\/li>\n<li><a href=\"https:\/\/www.thebeertimes.com\/pt-br\/a-revolucao-silenciosa-das-leveduras-nao-convencionais-na-cerveja-artesanal\/\">A revolu\u00e7\u00e3o silenciosa das leveduras n\u00e3o convencionais na cerveja artesanal<\/a><\/li>\n<\/ul>\n<div id=\"thebe-218715465\" class=\"thebe-adskeeper-fin-articulo thebe-entity-placement\" style=\"margin-top: 20px;margin-left: auto;margin-right: auto;text-align: center;\"><div data-type=\"_mgwidget\" data-widget-id=\"1705281\">\r\n<\/div>\r\n<script>(function(w,q){w[q]=w[q]||[];w[q].push([\"_mgc.load\"])})(window,\"_mgq\");\r\n<\/script><\/div>","protected":false},"excerpt":{"rendered":"<p>A Vienna Lager nasceu combinando t\u00e9cnicas de maltagem brit\u00e2nicas com fermenta\u00e7\u00e3o a frio b\u00e1vara; foi deslocada pela Pilsner tcheca, mas sobreviveu gra\u00e7as aos imigrantes austr\u00edacos que chegaram ao M\u00e9xico no s\u00e9culo XIX.<\/p>\n","protected":false},"author":1,"featured_media":47945,"comment_status":"closed","ping_status":"closed","sticky":false,"template":"","format":"standard","meta":{"wpai_generated_summary":"","footnotes":""},"categories":[21159],"tags":[21137,21138,21277],"class_list":["post-47947","post","type-post","status-publish","format-standard","has-post-thumbnail","category-historia-pt-br","tag-estilos-de-cerveja","tag-historia-pt-br","tag-mexico-pt-br"],"_links":{"self":[{"href":"https:\/\/www.thebeertimes.com\/pt-br\/wp-json\/wp\/v2\/posts\/47947","targetHints":{"allow":["GET"]}}],"collection":[{"href":"https:\/\/www.thebeertimes.com\/pt-br\/wp-json\/wp\/v2\/posts"}],"about":[{"href":"https:\/\/www.thebeertimes.com\/pt-br\/wp-json\/wp\/v2\/types\/post"}],"author":[{"embeddable":true,"href":"https:\/\/www.thebeertimes.com\/pt-br\/wp-json\/wp\/v2\/users\/1"}],"replies":[{"embeddable":true,"href":"https:\/\/www.thebeertimes.com\/pt-br\/wp-json\/wp\/v2\/comments?post=47947"}],"version-history":[{"count":1,"href":"https:\/\/www.thebeertimes.com\/pt-br\/wp-json\/wp\/v2\/posts\/47947\/revisions"}],"predecessor-version":[{"id":47948,"href":"https:\/\/www.thebeertimes.com\/pt-br\/wp-json\/wp\/v2\/posts\/47947\/revisions\/47948"}],"wp:featuredmedia":[{"embeddable":true,"href":"https:\/\/www.thebeertimes.com\/pt-br\/wp-json\/wp\/v2\/media\/47945"}],"wp:attachment":[{"href":"https:\/\/www.thebeertimes.com\/pt-br\/wp-json\/wp\/v2\/media?parent=47947"}],"wp:term":[{"taxonomy":"category","embeddable":true,"href":"https:\/\/www.thebeertimes.com\/pt-br\/wp-json\/wp\/v2\/categories?post=47947"},{"taxonomy":"post_tag","embeddable":true,"href":"https:\/\/www.thebeertimes.com\/pt-br\/wp-json\/wp\/v2\/tags?post=47947"}],"curies":[{"name":"wp","href":"https:\/\/api.w.org\/{rel}","templated":true}]}}