{"id":48027,"date":"2026-07-14T16:31:01","date_gmt":"2026-07-14T20:31:01","guid":{"rendered":"https:\/\/www.thebeertimes.com\/?p=48027"},"modified":"2026-07-15T21:38:46","modified_gmt":"2026-07-16T01:38:46","slug":"eichbaum-cervejaria-alema-mannheim-fecha-insolvencia-resgate-fracassado","status":"publish","type":"post","link":"https:\/\/www.thebeertimes.com\/pt-br\/eichbaum-cervejaria-alema-mannheim-fecha-insolvencia-resgate-fracassado\/","title":{"rendered":"A cervejaria alem\u00e3 com 347 anos de hist\u00f3ria que fecha ap\u00f3s o fracasso de seu resgate"},"content":{"rendered":"<div id=\"thebe-2719739400\" class=\"thebe-antes-del-contenido-3-2 thebe-entity-placement\">\n            <div \n                class=\"elfsight-widget-popup elfsight-widget\" \n                data-elfsight-popup-options=\"%7B%22blocks%22%3A%5B%7B%22id%22%3A%22babc7e96-e195-4da3-a8c5-7072d42f2f5c%22%2C%22type%22%3A%22image%22%2C%22imageFile%22%3A%7B%22type%22%3A%22uploaded%22%2C%22data%22%3A%7B%22name%22%3A%2261fKvUY%2BdpL._SL1500_%22%2C%22url%22%3A%22https%3A%5C%2F%5C%2Fwww.thebeertimes.com%5C%2Fwp-content%5C%2Fuploads%5C%2F2026%5C%2F02%5C%2F61fKvUYdpL._SL1500_.jpg%22%2C%22size%22%3A53499%2C%22type%22%3A%22image%22%2C%22extension%22%3A%22jpeg%22%2C%22width%22%3A940%2C%22height%22%3A1500%2C%22ext%22%3A%22jpeg%22%7D%7D%2C%22imageScale%22%3A60%7D%2C%7B%22id%22%3A%226689e0da-ab1d-42a0-ac83-457ff13f91dd%22%2C%22type%22%3A%22button%22%2C%22buttonText%22%3A%22Comprar%20na%20AMAZON%22%2C%22buttonAction%22%3A%22redirect%22%2C%22buttonStyle%22%3A%22filled%22%2C%22buttonShape%22%3A%22rectangle%22%2C%22buttonColor%22%3A%22rgb%28255%2C%2038%2C%2067%29%22%2C%22buttonFontSize%22%3A16%2C%22label%22%3A%22Button%22%2C%22buttonUrl%22%3A%22https%3A%5C%2F%5C%2Fwww.amazon.com%5C%2Fdp%5C%2FB0GDGJJWD2%22%7D%5D%2C%22layout%22%3A%22modal%22%2C%22width%22%3A500%2C%22popupBlocksAlignment%22%3A%22center%22%2C%22popupShape%22%3A%22rounded%22%2C%22popupBackgroundColor%22%3A%22rgb%28255%2C%20255%2C%20255%29%22%2C%22popupBackgroundImage%22%3Anull%2C%22popupBackgroundImageOverlayColor%22%3A%22%22%2C%22overlayVisible%22%3Atrue%2C%22overlayClose%22%3Atrue%2C%22overlayBackgroundColor%22%3A%22rgba%2817%2C%2017%2C%2017%2C%200.7%29%22%2C%22overlayBackgroundImage%22%3Anull%2C%22overlayBackgroundImageOverlayColor%22%3A%22%22%2C%22closeButtonVisible%22%3Atrue%2C%22closeButtonColor%22%3A%22rgba%2817%2C%2017%2C%2017%2C%200.7%29%22%2C%22triggerPageLoadEnabled%22%3Afalse%2C%22triggerTimeOnPageEnabled%22%3Afalse%2C%22triggerTimeOnPageDuration%22%3A30%2C%22triggerScrollEnabled%22%3Atrue%2C%22triggerScrollPosition%22%3A25%2C%22triggerScrollToElementEnabled%22%3Afalse%2C%22triggerScrollToElementId%22%3Anull%2C%22triggerClickEnabled%22%3Afalse%2C%22triggerClickElementId%22%3Anull%2C%22triggerExitIntentEnabled%22%3Afalse%2C%22displayFrequency%22%3A%22everytime%22%2C%22displayPages%22%3A%22allPages%22%2C%22displayExcludedPages%22%3A%5B%5D%2C%22displaySpecificPages%22%3A%5B%5D%2C%22displayDevices%22%3A%5B%22desktop%22%2C%22tablet%22%2C%22mobile%22%5D%2C%22widgetId%22%3A%225%22%7D\" \n                data-elfsight-popup-version=\"1.0.0\"\n                data-elfsight-widget-id=\"elfsight-popup-5\">\n            <\/div>\n            <\/div><div id=\"thebe-504389856\" class=\"thebe-fuente-preferida-2 thebe-entity-placement\" style=\"margin-bottom: 30px;margin-left: auto;margin-right: auto;text-align: center;\"><a href=\"https:\/\/www.google.com\/preferences\/source?q=thebeertimes.com\" target=\"_blank\" aria-label=\"A\u00f1adir como fuente preferida en google\"><img loading=\"lazy\" decoding=\"async\" src=\"https:\/\/www.thebeertimes.com\/wp-content\/uploads\/2026\/07\/Anadir-como-fuente-preferida-en-google-1.jpg\" alt=\"\"  srcset=\"https:\/\/www.thebeertimes.com\/wp-content\/uploads\/2026\/07\/Anadir-como-fuente-preferida-en-google-1.jpg 638w, https:\/\/www.thebeertimes.com\/wp-content\/uploads\/2026\/07\/Anadir-como-fuente-preferida-en-google-1-300x60.jpg 300w\" sizes=\"(max-width: 638px) 100vw, 638px\" width=\"175\" height=\"127\"  style=\"display: inline-block;\" \/><\/a><\/div><p>A Privatbrauerei Eichbaum, fundada em 1679 em Mannheim, fecha ap\u00f3s 347 anos em funcionamento. A insolv\u00eancia em autoadministra\u00e7\u00e3o aberta em outubro de 2025 n\u00e3o encontrou investidor vi\u00e1vel, e a planta encerrar\u00e1 a produ\u00e7\u00e3o em setembro de 2026 com cerca de 270 funcion\u00e1rios afetados.<\/p>\n<figure id=\"attachment_47981\" aria-describedby=\"caption-attachment-47981\" style=\"width: 600px\" class=\"wp-caption aligncenter\"><img loading=\"lazy\" decoding=\"async\" class=\"wp-image-47981 size-full\" title=\"Privatbrauerei Eichbaum\" src=\"https:\/\/www.thebeertimes.com\/wp-content\/uploads\/2026\/07\/eichbaum-cervecera-mannheim-cierre-quiebra.jpg\" alt=\"Privatbrauerei Eichbaum\" width=\"600\" height=\"315\" srcset=\"https:\/\/www.thebeertimes.com\/wp-content\/uploads\/2026\/07\/eichbaum-cervecera-mannheim-cierre-quiebra.jpg 600w, https:\/\/www.thebeertimes.com\/wp-content\/uploads\/2026\/07\/eichbaum-cervecera-mannheim-cierre-quiebra-300x158.jpg 300w\" sizes=\"auto, (max-width: 600px) 100vw, 600px\" \/><figcaption id=\"caption-attachment-47981\" class=\"wp-caption-text\">Privatbrauerei Eichbaum<\/figcaption><\/figure>\n<p>A cervejaria mais antiga e maior de Mannheim, catalogada como a empresa industrial mais longeva da cidade, n\u00e3o p\u00f4de superar a combina\u00e7\u00e3o de queda nas exporta\u00e7\u00f5es, fraqueza da demanda interna e falta de liquidez que a levou \u00e0 insolv\u00eancia h\u00e1 menos de um ano. A tentativa de resgate por parte de um investidor financeiro n\u00e3o prosperou.<\/p>\n\n<h2>347 anos que n\u00e3o foram suficientes frente ao mercado<\/h2>\n<p>A Eichbaum foi fundada em 1679, o que a torna uma das cervejarias mais antigas da Europa. Por mais de tr\u00eas s\u00e9culos manteve sua posi\u00e7\u00e3o como a maior da regi\u00e3o de Mannheim.<\/p>\n<p>Essa hist\u00f3ria tamb\u00e9m n\u00e3o foi suficiente para superar os problemas acumulados pela queda nas exporta\u00e7\u00f5es e o decl\u00ednio sustentado da demanda interna no mercado alem\u00e3o.<\/p>\n<p>N\u00e3o \u00e9 o primeiro caso em que a antiguidade de uma marca n\u00e3o a protege frente \u00e0s for\u00e7as do mercado. <a href=\"https:\/\/www.thebeertimes.com\/la-historia-de-anchor-brewing-company\/\">A hist\u00f3ria centen\u00e1ria da Anchor Brewing<\/a> seguiu um caminho similar: d\u00e9cadas de reputa\u00e7\u00e3o n\u00e3o garantiram a sobreviv\u00eancia quando as condi\u00e7\u00f5es financeiras fecharam todas as sa\u00eddas.<\/p>\n<h2>Insolv\u00eancia e um investidor que n\u00e3o chegou<\/h2>\n<p>A Eichbaum entrou em insolv\u00eancia em autoadministra\u00e7\u00e3o no final de outubro de 2025, um mecanismo que permite \u00e0 empresa continuar operando sob supervis\u00e3o enquanto busca uma reestrutura\u00e7\u00e3o ou um comprador.<\/p>\n<p>Um investidor financeiro demonstrou interesse, mas a possibilidade se frustrou por falta de recursos suficientes para sustentar as negocia\u00e7\u00f5es sem prejudicar os credores.<\/p>\n<blockquote><p>A possibilidade de resgate foi por \u00e1gua abaixo por falta de recursos financeiros para sustentar as negocia\u00e7\u00f5es sem afetar os credores, conforme informou a dire\u00e7\u00e3o da Eichbaum ao anunciar o fechamento definitivo.<\/p><\/blockquote>\n<p>A dire\u00e7\u00e3o da cervejaria indicou que as condi\u00e7\u00f5es econ\u00f4micas atuais n\u00e3o permitiram articular uma solu\u00e7\u00e3o vi\u00e1vel sob nenhum esquema de reestrutura\u00e7\u00e3o. As negocia\u00e7\u00f5es com potenciais investidores n\u00e3o chegaram a gerar uma proposta concreta que os credores pudessem aceitar.<\/p>\n<h2>270 funcion\u00e1rios afetados e pedidos at\u00e9 setembro<\/h2>\n<p>Cerca de 240 trabalhadores receber\u00e3o demiss\u00f5es por raz\u00f5es operacionais. Outros 30 funcion\u00e1rios que haviam aceitado sua transfer\u00eancia para outra sociedade vinculada tamb\u00e9m ficam afetados pelo fechamento definitivo.<\/p>\n<p>O sindicato Gewerkschaft Nahrung-Genuss-Gastst\u00e4tten exigiu negocia\u00e7\u00f5es r\u00e1pidas para articular um plano social e criticou publicamente a falta de informa\u00e7\u00f5es oficiais completas sobre o processo.<\/p><div id=\"thebe-1751129080\" class=\"thebe-libros-amazon thebe-entity-placement\" style=\"margin-left: auto;margin-right: auto;text-align: center;\"><div style=\"background-color: #ffffff; border: 1px solid #ccc; border-radius: 12px; padding: 16px; max-width: 320px; margin: 20px auto; text-align: center; font-family: helvetica, arial, sans-serif;\">\n<p><a href=\"https:\/\/amzn.to\/3LddZmQ\"><img loading=\"lazy\" decoding=\"async\" class=\"wp-image-43340 aligncenter\" src=\"https:\/\/www.thebeertimes.com\/wp-content\/uploads\/2025\/05\/Catar-cerveza-300x300.jpg\" alt=\"Gu\u00eda Pr\u00e1ctica Catar Cerveza Amazon\" width=\"200\" height=\"199\" srcset=\"https:\/\/www.thebeertimes.com\/wp-content\/uploads\/2025\/05\/Catar-cerveza-300x300.jpg 300w, https:\/\/www.thebeertimes.com\/wp-content\/uploads\/2025\/05\/Catar-cerveza-150x150.jpg 150w, https:\/\/www.thebeertimes.com\/wp-content\/uploads\/2025\/05\/Catar-cerveza-370x370.jpg 370w, https:\/\/www.thebeertimes.com\/wp-content\/uploads\/2025\/05\/Catar-cerveza.jpg 500w\" sizes=\"auto, (max-width: 200px) 100vw, 200px\" \/><\/a><\/p>\n<p style=\"color: #0000ff; font-weight: bold; margin: 8px 0; line-height: 1.2;\"><a href=\"https:\/\/amzn.to\/3LddZmQ\" target=\"_blank\" rel=\"nofollow\"><span style=\"font-size: 11pt;\">Gu\u00eda pr\u00e1ctica para catar cerveza: C\u00f3mo apreciar correctamente todas las cervezas del mundo<\/span><\/a><\/p>\n<p><a class=\"fasc-button fasc-size-medium fasc-type-flat fasc-rounded-medium fasc-ico-before dashicons-cart\" style=\"background-color: #ff9900; color: #000000;\" target=\"_blank\" rel=\"nofollow\" href=\"https:\/\/amzn.to\/3LddZmQ\">Comprar en Amazon<\/a><\/p>\n<\/div>\n<\/div>\n<p>A cervejaria continuar\u00e1 atendendo pedidos at\u00e9 o final de setembro de 2026 com uma equipe reduzida. A partir de ent\u00e3o come\u00e7ar\u00e1 o processo de venda de ativos, incluindo o terreno operacional na K\u00e4fertaler Stra\u00dfe, em Mannheim.<\/p>\n<h2>A Alemanha vendeu 6% menos em 2025<\/h2>\n<p>O fechamento da Eichbaum n\u00e3o ocorre de forma isolada. O Destatis, o instituto federal de estat\u00edstica da Alemanha, reportou que a ind\u00fastria cervejeira do pa\u00eds vendeu 7,8 bilh\u00f5es de litros em 2025, 6% a menos do que em 2024.<\/p>\n<p>A queda acumulada afeta especialmente as cervejarias de m\u00e9dio e grande porte com estruturas de custos elevadas e depend\u00eancia de mercados de exporta\u00e7\u00e3o em retra\u00e7\u00e3o.<\/p>\n<p>O padr\u00e3o que se repete nesses fechamentos combina sempre os mesmos elementos: eros\u00e3o da demanda, incapacidade de se adaptar sem investimento suficiente e fracasso em encontrar um parceiro financeiro a tempo.<\/p>\n<p><a href=\"https:\/\/www.thebeertimes.com\/el-fin-de-la-burbuja-cervecera-punk-anatomia-del-colapso-de-brewdog\/\">O colapso da BrewDog<\/a> seguiu uma l\u00f3gica distinta \u2014 o problema foi o crescimento descontrolado \u2014, mas a incapacidade de ajustar o modelo ao ambiente \u00e9 o denominador comum em ambos os casos.<\/p>\n<h2>Perguntas frequentes (FAQ)<\/h2>\n<h3>1. Quando foi fundada a Eichbaum e por que est\u00e1 fechando?<\/h3>\n<p>A Privatbrauerei Eichbaum foi fundada em 1679 em Mannheim, Alemanha. Fecha em setembro de 2026 ap\u00f3s uma insolv\u00eancia em autoadministra\u00e7\u00e3o aberta em outubro de 2025 que n\u00e3o encontrou investidor vi\u00e1vel. As causas foram a queda nas exporta\u00e7\u00f5es, a fraqueza da demanda interna e a falta de liquidez para sustentar as negocia\u00e7\u00f5es.<\/p>\n<h3>2. Quantos funcion\u00e1rios perdem seus empregos com o fechamento da Eichbaum?<\/h3>\n<p>Aproximadamente 240 trabalhadores receber\u00e3o demiss\u00f5es por raz\u00f5es operacionais. Outros 30 funcion\u00e1rios que haviam aceitado sua transfer\u00eancia para outra sociedade tamb\u00e9m ficam afetados, elevando o total de afetados para cerca de 270 pessoas.<\/p>\n<h3>3. At\u00e9 quando a Eichbaum continuar\u00e1 produzindo?<\/h3>\n<p>A cervejaria continuar\u00e1 atendendo pedidos at\u00e9 o final de setembro de 2026 com uma equipe reduzida. A partir de ent\u00e3o come\u00e7ar\u00e1 o processo de venda de ativos, incluindo o terreno operacional na K\u00e4fertaler Stra\u00dfe, em Mannheim.<\/p>\n<h3>4. Como evoluiu o mercado cervejeiro alem\u00e3o em 2025?<\/h3>\n<p>Segundo o Destatis, o instituto federal de estat\u00edstica alem\u00e3o, a ind\u00fastria cervejeira vendeu 7,8 bilh\u00f5es de litros em 2025, 6% a menos do que no ano anterior. A queda reflete a fraqueza sustentada da demanda interna e a menor capacidade exportadora das cervejarias do pa\u00eds.<\/p>\n<p><script type=\"application\/ld+json\">\n{\n  \"@context\": \"https:\/\/schema.org\",\n  \"@type\": \"FAQPage\",\n  \"mainEntity\": [\n    {\n      \"@type\": \"Question\",\n      \"name\": \"Quando foi fundada a Eichbaum e por que est\u00e1 fechando?\",\n      \"acceptedAnswer\": {\n        \"@type\": \"Answer\",\n        \"text\": \"A Privatbrauerei Eichbaum foi fundada em 1679 em Mannheim, Alemanha. Fecha em setembro de 2026 ap\u00f3s uma insolv\u00eancia em autoadministra\u00e7\u00e3o aberta em outubro de 2025 que n\u00e3o encontrou investidor vi\u00e1vel. As causas foram a queda nas exporta\u00e7\u00f5es, a fraqueza da demanda interna e a falta de liquidez para sustentar as negocia\u00e7\u00f5es.\"\n      }\n    },\n    {\n      \"@type\": \"Question\",\n      \"name\": \"Quantos funcion\u00e1rios perdem seus empregos com o fechamento da Eichbaum?\",\n      \"acceptedAnswer\": {\n        \"@type\": \"Answer\",\n        \"text\": \"Aproximadamente 240 trabalhadores receber\u00e3o demiss\u00f5es por raz\u00f5es operacionais. Outros 30 funcion\u00e1rios que haviam aceitado sua transfer\u00eancia para outra sociedade tamb\u00e9m ficam afetados, elevando o total de afetados para cerca de 270 pessoas.\"\n      }\n    },\n    {\n      \"@type\": \"Question\",\n      \"name\": \"At\u00e9 quando a Eichbaum continuar\u00e1 produzindo?\",\n      \"acceptedAnswer\": {\n        \"@type\": \"Answer\",\n        \"text\": \"A cervejaria continuar\u00e1 atendendo pedidos at\u00e9 o final de setembro de 2026 com uma equipe reduzida. A partir de ent\u00e3o come\u00e7ar\u00e1 o processo de venda de ativos, incluindo o terreno operacional na K\u00e4fertaler Stra\u00dfe, em Mannheim.\"\n      }\n    },\n    {\n      \"@type\": \"Question\",\n      \"name\": \"Como evoluiu o mercado cervejeiro alem\u00e3o em 2025?\",\n      \"acceptedAnswer\": {\n        \"@type\": \"Answer\",\n        \"text\": \"Segundo o Destatis, o instituto federal de estat\u00edstica alem\u00e3o, a ind\u00fastria cervejeira vendeu 7,8 bilh\u00f5es de litros em 2025, 6% a menos do que no ano anterior. A queda reflete a fraqueza sustentada da demanda interna e a menor capacidade exportadora das cervejarias do pa\u00eds.\"\n      }\n    }\n  ]\n}\n<\/script><\/p>\n<h2>Recomendamos<\/h2><div id=\"thebe-83383340\" class=\"thebe-adsterra-300-x-250 thebe-entity-placement\" style=\"margin-top: 15px;margin-left: auto;margin-right: auto;text-align: center;\"><script async src=\"\/\/pagead2.googlesyndication.com\/pagead\/js\/adsbygoogle.js?client=ca-pub-9395258998211551\" crossorigin=\"anonymous\"><\/script><ins class=\"adsbygoogle\" style=\"display:block;\" data-ad-client=\"ca-pub-9395258998211551\" \ndata-ad-slot=\"1930811761\" \ndata-ad-format=\"auto\"><\/ins>\n<script> \n(adsbygoogle = window.adsbygoogle || []).push({}); \n<\/script>\n<\/div>\n<ul>\n<li><a href=\"https:\/\/www.thebeertimes.com\/pt-br\/historia-e-origem-do-estilo-vienna-lager-a-cerveja-que-encontrou-um-novo-lar-no-mexico\/\">Hist\u00f3ria e origem do estilo Vienna Lager: a cerveja que encontrou um novo lar no M\u00e9xico<\/a><\/li>\n<li><a href=\"https:\/\/www.thebeertimes.com\/como-invertir-mercado-accionario-cervezas-abinbev-heineken-constellation\/\">Como investir no mercado acion\u00e1rio de cervejas: empresas, ETFs e riscos associados<\/a><\/li>\n<\/ul>\n<div id=\"thebe-1695191288\" class=\"thebe-adskeeper-fin-articulo thebe-entity-placement\" style=\"margin-top: 20px;margin-left: auto;margin-right: auto;text-align: center;\"><div data-type=\"_mgwidget\" data-widget-id=\"1705281\">\r\n<\/div>\r\n<script>(function(w,q){w[q]=w[q]||[];w[q].push([\"_mgc.load\"])})(window,\"_mgq\");\r\n<\/script><\/div>","protected":false},"excerpt":{"rendered":"<p>Eichbaum, fundada em 1679 em Mannheim, fecha em 2026 ap\u00f3s n\u00e3o encontrar investidor. O resgate fracassou e cerca de 270 funcion\u00e1rios perdem seus empregos na cervejaria mais antiga da cidade.<\/p>\n","protected":false},"author":1,"featured_media":48028,"comment_status":"closed","ping_status":"open","sticky":false,"template":"","format":"standard","meta":{"wpai_generated_summary":"","footnotes":""},"categories":[21273],"tags":[21260,22059,21175],"class_list":["post-48027","post","type-post","status-publish","format-standard","has-post-thumbnail","category-atualidade","tag-alemanha","tag-eichbaum-pt-br","tag-negocios-pt-br"],"_links":{"self":[{"href":"https:\/\/www.thebeertimes.com\/pt-br\/wp-json\/wp\/v2\/posts\/48027","targetHints":{"allow":["GET"]}}],"collection":[{"href":"https:\/\/www.thebeertimes.com\/pt-br\/wp-json\/wp\/v2\/posts"}],"about":[{"href":"https:\/\/www.thebeertimes.com\/pt-br\/wp-json\/wp\/v2\/types\/post"}],"author":[{"embeddable":true,"href":"https:\/\/www.thebeertimes.com\/pt-br\/wp-json\/wp\/v2\/users\/1"}],"replies":[{"embeddable":true,"href":"https:\/\/www.thebeertimes.com\/pt-br\/wp-json\/wp\/v2\/comments?post=48027"}],"version-history":[{"count":1,"href":"https:\/\/www.thebeertimes.com\/pt-br\/wp-json\/wp\/v2\/posts\/48027\/revisions"}],"predecessor-version":[{"id":48029,"href":"https:\/\/www.thebeertimes.com\/pt-br\/wp-json\/wp\/v2\/posts\/48027\/revisions\/48029"}],"wp:featuredmedia":[{"embeddable":true,"href":"https:\/\/www.thebeertimes.com\/pt-br\/wp-json\/wp\/v2\/media\/48028"}],"wp:attachment":[{"href":"https:\/\/www.thebeertimes.com\/pt-br\/wp-json\/wp\/v2\/media?parent=48027"}],"wp:term":[{"taxonomy":"category","embeddable":true,"href":"https:\/\/www.thebeertimes.com\/pt-br\/wp-json\/wp\/v2\/categories?post=48027"},{"taxonomy":"post_tag","embeddable":true,"href":"https:\/\/www.thebeertimes.com\/pt-br\/wp-json\/wp\/v2\/tags?post=48027"}],"curies":[{"name":"wp","href":"https:\/\/api.w.org\/{rel}","templated":true}]}}