{"id":49221,"date":"2026-08-30T12:09:00","date_gmt":"2026-08-30T16:09:00","guid":{"rendered":"https:\/\/www.thebeertimes.com\/?p=49221"},"modified":"2026-09-02T16:02:41","modified_gmt":"2026-09-02T20:02:41","slug":"westmalle-dubbel-completa-100-anos-como-a-cerveja-trapista-que-deu-vida-a-um-estilo","status":"publish","type":"post","link":"https:\/\/www.thebeertimes.com\/pt-br\/westmalle-dubbel-completa-100-anos-como-a-cerveja-trapista-que-deu-vida-a-um-estilo\/","title":{"rendered":"Westmalle Dubbel completa 100 anos como a cerveja trapista que deu vida a um estilo"},"content":{"rendered":"<div id=\"thebe-4286281732\" class=\"thebe-antes-del-contenido-3-2 thebe-entity-placement\">\n            <div \n                class=\"elfsight-widget-popup elfsight-widget\" \n                data-elfsight-popup-options=\"%7B%22blocks%22%3A%5B%7B%22id%22%3A%22babc7e96-e195-4da3-a8c5-7072d42f2f5c%22%2C%22type%22%3A%22image%22%2C%22imageFile%22%3A%7B%22type%22%3A%22uploaded%22%2C%22data%22%3A%7B%22name%22%3A%2261fKvUY%2BdpL._SL1500_%22%2C%22url%22%3A%22https%3A%5C%2F%5C%2Fwww.thebeertimes.com%5C%2Fwp-content%5C%2Fuploads%5C%2F2026%5C%2F02%5C%2F61fKvUYdpL._SL1500_.jpg%22%2C%22size%22%3A53499%2C%22type%22%3A%22image%22%2C%22extension%22%3A%22jpeg%22%2C%22width%22%3A940%2C%22height%22%3A1500%2C%22ext%22%3A%22jpeg%22%7D%7D%2C%22imageScale%22%3A60%7D%2C%7B%22id%22%3A%226689e0da-ab1d-42a0-ac83-457ff13f91dd%22%2C%22type%22%3A%22button%22%2C%22buttonText%22%3A%22Comprar%20na%20AMAZON%22%2C%22buttonAction%22%3A%22redirect%22%2C%22buttonStyle%22%3A%22filled%22%2C%22buttonShape%22%3A%22rectangle%22%2C%22buttonColor%22%3A%22rgb%28255%2C%2038%2C%2067%29%22%2C%22buttonFontSize%22%3A16%2C%22label%22%3A%22Button%22%2C%22buttonUrl%22%3A%22https%3A%5C%2F%5C%2Fwww.amazon.com%5C%2Fdp%5C%2FB0GDGJJWD2%22%7D%5D%2C%22layout%22%3A%22modal%22%2C%22width%22%3A500%2C%22popupBlocksAlignment%22%3A%22center%22%2C%22popupShape%22%3A%22rounded%22%2C%22popupBackgroundColor%22%3A%22rgb%28255%2C%20255%2C%20255%29%22%2C%22popupBackgroundImage%22%3Anull%2C%22popupBackgroundImageOverlayColor%22%3A%22%22%2C%22overlayVisible%22%3Atrue%2C%22overlayClose%22%3Atrue%2C%22overlayBackgroundColor%22%3A%22rgba%2817%2C%2017%2C%2017%2C%200.7%29%22%2C%22overlayBackgroundImage%22%3Anull%2C%22overlayBackgroundImageOverlayColor%22%3A%22%22%2C%22closeButtonVisible%22%3Atrue%2C%22closeButtonColor%22%3A%22rgba%2817%2C%2017%2C%2017%2C%200.7%29%22%2C%22triggerPageLoadEnabled%22%3Afalse%2C%22triggerTimeOnPageEnabled%22%3Afalse%2C%22triggerTimeOnPageDuration%22%3A30%2C%22triggerScrollEnabled%22%3Atrue%2C%22triggerScrollPosition%22%3A25%2C%22triggerScrollToElementEnabled%22%3Afalse%2C%22triggerScrollToElementId%22%3Anull%2C%22triggerClickEnabled%22%3Afalse%2C%22triggerClickElementId%22%3Anull%2C%22triggerExitIntentEnabled%22%3Afalse%2C%22displayFrequency%22%3A%22everytime%22%2C%22displayPages%22%3A%22allPages%22%2C%22displayExcludedPages%22%3A%5B%5D%2C%22displaySpecificPages%22%3A%5B%5D%2C%22displayDevices%22%3A%5B%22desktop%22%2C%22tablet%22%2C%22mobile%22%5D%2C%22widgetId%22%3A%225%22%7D\" \n                data-elfsight-popup-version=\"1.0.0\"\n                data-elfsight-widget-id=\"elfsight-popup-5\">\n            <\/div>\n            <\/div><div id=\"thebe-2875206505\" class=\"thebe-fuente-preferida-2 thebe-entity-placement\" style=\"margin-bottom: 30px;margin-left: auto;margin-right: auto;text-align: center;\"><a href=\"https:\/\/www.google.com\/preferences\/source?q=thebeertimes.com\" target=\"_blank\" aria-label=\"A\u00f1adir como fuente preferida en google\"><img loading=\"lazy\" decoding=\"async\" src=\"https:\/\/www.thebeertimes.com\/wp-content\/uploads\/2026\/07\/Anadir-como-fuente-preferida-en-google-1.jpg\" alt=\"\"  srcset=\"https:\/\/www.thebeertimes.com\/wp-content\/uploads\/2026\/07\/Anadir-como-fuente-preferida-en-google-1.jpg 638w, https:\/\/www.thebeertimes.com\/wp-content\/uploads\/2026\/07\/Anadir-como-fuente-preferida-en-google-1-300x60.jpg 300w\" sizes=\"(max-width: 638px) 100vw, 638px\" width=\"175\" height=\"127\"  style=\"display: inline-block;\" \/><\/a><\/div><p>Westmalle Dubbel completa 100 anos em 2026. A abadia trapista de Westmalle, na B\u00e9lgica, celebra o centen\u00e1rio de uma receita que em 1926 definiu o estilo Dubbel e que hoje ainda \u00e9 produzida sob os mesmos princ\u00edpios estabelecidos pela comunidade mon\u00e1stica h\u00e1 um s\u00e9culo.<\/p>\n<figure id=\"attachment_49151\" aria-describedby=\"caption-attachment-49151\" style=\"width: 600px\" class=\"wp-caption aligncenter\"><img loading=\"lazy\" decoding=\"async\" class=\"wp-image-49151 size-full\" title=\"Westmalle Dubbel\" src=\"https:\/\/www.thebeertimes.com\/wp-content\/uploads\/2026\/08\/westmalle-dubbel-100-anos.jpg\" alt=\"Westmalle Dubbel, garrafa comemorativa de 100 anos\" width=\"600\" height=\"315\" srcset=\"https:\/\/www.thebeertimes.com\/wp-content\/uploads\/2026\/08\/westmalle-dubbel-100-anos.jpg 600w, https:\/\/www.thebeertimes.com\/wp-content\/uploads\/2026\/08\/westmalle-dubbel-100-anos-300x158.jpg 300w\" sizes=\"auto, (max-width: 600px) 100vw, 600px\" \/><figcaption id=\"caption-attachment-49151\" class=\"wp-caption-text\">Westmalle Dubbel 100 anos<\/figcaption><\/figure>\n<p>Essa trajet\u00f3ria\u2014de uma cerveja de mesa mon\u00e1stica a uma das receitas trapistas mais replicadas do mundo\u2014atravessa quase dois s\u00e9culos de hist\u00f3ria da abadia.<\/p>\n\n<h2>Da funda\u00e7\u00e3o \u00e0 primeira cerveja<\/h2>\n<p>A abadia de Westmalle foi fundada em 1794 e elevada a mosteiro trapista em 1836, ano em que o primeiro abade decidiu que a comunidade produziria sua pr\u00f3pria cerveja.<\/p>\n<p>No in\u00edcio, tratava-se de uma cerveja de mesa de baixa gradua\u00e7\u00e3o, destinada apenas ao consumo dos monges.<\/p>\n<p>Em 1856, foi acrescentada uma segunda cerveja\u2014uma marrom forte que hoje \u00e9 reconhecida como a precursora direta da Dubbel, ainda distante da receita atual, como tamb\u00e9m aborda nossa revis\u00e3o sobre <a href=\"https:\/\/www.thebeertimes.com\/pt-br\/historia-abadia-westmalle-cervejas-trapistas\/\">a hist\u00f3ria da Abadia de Westmalle<\/a>.<\/p>\n<h2>Verlinden e a receita que fixou o estilo em 1926<\/h2>\n<p>Ap\u00f3s a Primeira Guerra Mundial, a abadia enfrentava dificuldades e a qualidade daquela cerveja marrom se tornou irregular. Em 1926, a comunidade contratou o mestre cervejeiro Henrik Verlinden para colocar a produ\u00e7\u00e3o em ordem.<\/p>\n<p>Verlinden revisou a receita a fundo, ajustou o programa de maltes e estabeleceu um perfil escuro e de maior corpo que a abadia batizou de Dubbel Bruin.<\/p>\n<p>Essa vers\u00e3o de 1926 \u00e9 o ponto de partida da Westmalle Dubbel produzida at\u00e9 hoje, e aquela que outras cervejarias trapistas e seculares acabaram imitando, dando origem ao estilo Dubbel como \u00e9 conhecido atualmente.<\/p>\n<h2>Por que se chama Dubbel?<\/h2>\n<p>O nome faz refer\u00eancia \u00e0 t\u00e9cnica de dobrar a quantidade de malte em rela\u00e7\u00e3o \u00e0 cerveja marrom b\u00e1sica da casa\u2014a mesma decis\u00e3o que Verlinden tomou em 1926 e que determinou o corpo denso e o car\u00e1ter frutado da receita.<\/p>\n<h2>Uma receita que transcendeu o Kempen<\/h2>\n<p>Quase um s\u00e9culo depois, Manu Pauwels, respons\u00e1vel de marketing da cervejaria, resume esse legado observando que a Dubbel se tornou o ponto de refer\u00eancia para todo um estilo cervejeiro.<\/p>\n<blockquote><p>A Dubbel foi uma das primeiras cervejas especiais a fazer um nome para si mesma e a se espalhar para al\u00e9m da regi\u00e3o do Kempen.<\/p><\/blockquote>\n<p>Pauwels acrescenta que a cervejaria mant\u00e9m os mesmos princ\u00edpios desde 1926, com t\u00e9cnicas de produ\u00e7\u00e3o que evolu\u00edram ao longo do tempo.<\/p>\n<p>Esse mesmo ponto de partida tamb\u00e9m serviu para outro marco: em 1934, ao inaugurar uma nova sala de coc\u00e7\u00e3o, os monges triplicaram as propor\u00e7\u00f5es daquela receita original e deram origem \u00e0 <a href=\"https:\/\/www.thebeertimes.com\/pt-br\/westmalle-tripel-notas-de-degustacao-e-harmonizacoes-recomendadas-por-um-sommelier-de-cervejas\/\">Westmalle Tripel<\/a>, considerada por muitos entusiastas a m\u00e3e de todas as Tripels.<\/p>\n<p>Aqueles que desejam se aprofundar no perfil sensorial da Dubbel podem revisar <a href=\"https:\/\/www.thebeertimes.com\/westmalle-dubbel-notas-de-cata\/\">as notas de degusta\u00e7\u00e3o completas<\/a>, publicadas por nossa equipe de sommeliers de cerveja.<\/p><div id=\"thebe-4219741343\" class=\"thebe-libros-amazon thebe-entity-placement\" style=\"margin-left: auto;margin-right: auto;text-align: center;\"><div style=\"background-color: #ffffff; border: 1px solid #ccc; border-radius: 12px; padding: 16px; max-width: 320px; margin: 20px auto; text-align: center; font-family: helvetica, arial, sans-serif;\">\n<p><a href=\"https:\/\/amzn.to\/3LddZmQ\"><img loading=\"lazy\" decoding=\"async\" class=\"wp-image-43340 aligncenter\" src=\"https:\/\/www.thebeertimes.com\/wp-content\/uploads\/2025\/05\/Catar-cerveza-300x300.jpg\" alt=\"Gu\u00eda Pr\u00e1ctica Catar Cerveza Amazon\" width=\"200\" height=\"199\" srcset=\"https:\/\/www.thebeertimes.com\/wp-content\/uploads\/2025\/05\/Catar-cerveza-300x300.jpg 300w, https:\/\/www.thebeertimes.com\/wp-content\/uploads\/2025\/05\/Catar-cerveza-150x150.jpg 150w, https:\/\/www.thebeertimes.com\/wp-content\/uploads\/2025\/05\/Catar-cerveza-370x370.jpg 370w, https:\/\/www.thebeertimes.com\/wp-content\/uploads\/2025\/05\/Catar-cerveza.jpg 500w\" sizes=\"auto, (max-width: 200px) 100vw, 200px\" \/><\/a><\/p>\n<p style=\"color: #0000ff; font-weight: bold; margin: 8px 0; line-height: 1.2;\"><a href=\"https:\/\/amzn.to\/3LddZmQ\" target=\"_blank\" rel=\"nofollow\"><span style=\"font-size: 11pt;\">Gu\u00eda pr\u00e1ctica para catar cerveza: C\u00f3mo apreciar correctamente todas las cervezas del mundo<\/span><\/a><\/p>\n<p><a class=\"fasc-button fasc-size-medium fasc-type-flat fasc-rounded-medium fasc-ico-before dashicons-cart\" style=\"background-color: #ff9900; color: #000000;\" target=\"_blank\" rel=\"nofollow\" href=\"https:\/\/amzn.to\/3LddZmQ\">Comprar en Amazon<\/a><\/p>\n<\/div>\n<\/div>\n<h2>O que caracteriza uma Dubbel?<\/h2>\n<p>O estilo consolidado por Westmalle \u00e9 definido por uma cor mogno escuro, um corpo maltado pronunciado e notas de frutas escuras, caramelo e especiarias suaves fornecidas pela levedura.<\/p>\n<p>A gradua\u00e7\u00e3o t\u00edpica varia entre 6,5% e 8% ABV, uma faixa na qual o \u00e1lcool permanece integrado ao sabor e \u00e9 quase impercept\u00edvel no paladar, ao contr\u00e1rio de estilos mais potentes como a Quadrupel.<\/p>\n<p>Essa combina\u00e7\u00e3o de corpo, do\u00e7ura contida e baixa percep\u00e7\u00e3o alco\u00f3lica \u00e9 precisamente o que outras cervejarias trapistas e artesanais replicaram ao longo das d\u00e9cadas.<\/p>\n<h2>Garrafas, copos e queijo para marcar o s\u00e9culo<\/h2>\n<p>Para celebrar o centen\u00e1rio, a cervejaria lan\u00e7ou uma garrafa redesenhada de 33 centilitros com um r\u00f3tulo comemorativo e uma c\u00e1psula correspondente. Tamb\u00e9m apresentou uma edi\u00e7\u00e3o especial de copos com um design de anivers\u00e1rio e uma delicada borda prateada.<\/p>\n<p>Entre o final de setembro e o final de outubro, bares selecionados tamb\u00e9m oferecer\u00e3o uma produ\u00e7\u00e3o limitada de queijo Westmalle, produzido pela pr\u00f3pria abadia.<\/p>\n<h2>17 monges e uma cervejaria com outro prop\u00f3sito<\/h2>\n<p>Atualmente, dezessete monges vivem na abadia, juntamente com 75 funcion\u00e1rios, dos quais 53 trabalham diretamente na cervejaria. A renda gerada pela produ\u00e7\u00e3o n\u00e3o visa maximizar lucros, mas sim manter o patrim\u00f4nio da comunidade, pagar os sal\u00e1rios dos funcion\u00e1rios e apoiar obras de caridade.<\/p>\n<p>Esse modelo segue a l\u00f3gica das <a href=\"https:\/\/www.thebeertimes.com\/que-es-una-cerveza-trapense-referencias-de-estilos\/\">aut\u00eanticas cervejarias trapistas<\/a>, regulamentadas pelo selo ATP e historicamente ligadas a fins n\u00e3o comerciais.<\/p>\n<h2>Perguntas frequentes (FAQ)<\/h2>\n<h3>1. O que \u00e9 a Westmalle Dubbel?<\/h3>\n<p>\u00c9 a cerveja trapista da abadia de Westmalle, cuja receita atual data de 1926, quando o mestre cervejeiro Henrik Verlinden estabeleceu o perfil escuro e de maior corpo agora conhecido como Dubbel.<\/p>\n<h3>2. Por que se chama Dubbel?<\/h3>\n<p>O nome faz refer\u00eancia \u00e0 t\u00e9cnica de dobrar a quantidade de malte usada em compara\u00e7\u00e3o com a cerveja marrom b\u00e1sica que os monges produziam antes da reforma de 1926.<\/p>\n<h3>3. Quem criou a receita da Dubbel produzida hoje?<\/h3>\n<p>O mestre cervejeiro Henrik Verlinden, contratado pela abadia em 1926 para resolver os problemas de qualidade da cerveja marrom produzida desde 1856, ap\u00f3s a crise deixada pela Primeira Guerra Mundial.<\/p>\n<h3>4. Como Westmalle est\u00e1 celebrando seus 100 anos?<\/h3>\n<p>Com uma garrafa redesenhada de 33 centilitros, uma edi\u00e7\u00e3o especial de copos com borda prateada e uma produ\u00e7\u00e3o limitada de queijo Westmalle em bares selecionados entre setembro e outubro.<\/p>\n<h3>5. Quantos monges vivem atualmente na Abadia de Westmalle?<\/h3>\n<p>Dezessete monges vivem na abadia juntamente com 75 funcion\u00e1rios, dos quais 53 s\u00e3o diretamente dedicados \u00e0 cervejaria.<\/p>\n<p><script type=\"application\/ld+json\">\n{\n  \"@context\": \"https:\/\/schema.org\",\n  \"@type\": \"FAQPage\",\n  \"mainEntity\": [\n    {\n      \"@type\": \"Question\",\n      \"name\": \"O que \u00e9 a Westmalle Dubbel?\",\n      \"acceptedAnswer\": {\"@type\": \"Answer\", \"text\": \"\u00c9 a cerveja trapista da abadia de Westmalle, cuja receita atual data de 1926, quando o mestre cervejeiro Henrik Verlinden estabeleceu o perfil escuro e de maior corpo agora conhecido como Dubbel.\"}\n    },\n    {\n      \"@type\": \"Question\",\n      \"name\": \"Por que se chama Dubbel?\",\n      \"acceptedAnswer\": {\"@type\": \"Answer\", \"text\": \"O nome faz refer\u00eancia \u00e0 t\u00e9cnica de dobrar a quantidade de malte usada em compara\u00e7\u00e3o com a cerveja marrom b\u00e1sica que os monges produziam antes da reforma de 1926.\"}\n    },\n    {\n      \"@type\": \"Question\",\n      \"name\": \"Quem criou a receita da Dubbel produzida hoje?\",\n      \"acceptedAnswer\": {\"@type\": \"Answer\", \"text\": \"O mestre cervejeiro Henrik Verlinden, contratado pela abadia em 1926 para resolver os problemas de qualidade da cerveja marrom produzida desde 1856, ap\u00f3s a crise deixada pela Primeira Guerra Mundial.\"}\n    },\n    {\n      \"@type\": \"Question\",\n      \"name\": \"Como Westmalle est\u00e1 celebrando seus 100 anos?\",\n      \"acceptedAnswer\": {\"@type\": \"Answer\", \"text\": \"Com uma garrafa redesenhada de 33 centilitros, uma edi\u00e7\u00e3o especial de copos com borda prateada e uma produ\u00e7\u00e3o limitada de queijo Westmalle em bares selecionados entre setembro e outubro.\"}\n    },\n    {\n      \"@type\": \"Question\",\n      \"name\": \"Quantos monges vivem atualmente na Abadia de Westmalle?\",\n      \"acceptedAnswer\": {\"@type\": \"Answer\", \"text\": \"Dezessete monges vivem na abadia juntamente com 75 funcion\u00e1rios, dos quais 53 s\u00e3o diretamente dedicados \u00e0 cervejaria.\"}\n    }\n  ]\n}\n<\/script><\/p>\n<h2>Recomendamos<\/h2><div id=\"thebe-684633898\" class=\"thebe-adsterra-300-x-250 thebe-entity-placement\" style=\"margin-top: 15px;margin-left: auto;margin-right: auto;text-align: center;\"><script async src=\"\/\/pagead2.googlesyndication.com\/pagead\/js\/adsbygoogle.js?client=ca-pub-9395258998211551\" crossorigin=\"anonymous\"><\/script><ins class=\"adsbygoogle\" style=\"display:block;\" data-ad-client=\"ca-pub-9395258998211551\" \ndata-ad-slot=\"1930811761\" \ndata-ad-format=\"auto\"><\/ins>\n<script> \n(adsbygoogle = window.adsbygoogle || []).push({}); \n<\/script>\n<\/div>\n<ul>\n<li><a href=\"https:\/\/www.thebeertimes.com\/pt-br\/30-cervejas-belgas-imprescindiveis-que-voce-deveria-experimentar-ao-menos-uma-vez\/\">30 cervejas belgas essenciais que voc\u00ea deveria provar pelo menos uma vez na vida<\/a><\/li>\n<li><a href=\"https:\/\/www.thebeertimes.com\/10-cervecerias-que-deberias-visitar-en-belgica\/\">10 cervejarias que voc\u00ea deveria visitar na B\u00e9lgica<\/a><\/li>\n<\/ul>\n<div id=\"thebe-2639422067\" class=\"thebe-adskeeper-fin-articulo thebe-entity-placement\" style=\"margin-top: 20px;margin-left: auto;margin-right: auto;text-align: center;\"><div data-type=\"_mgwidget\" data-widget-id=\"1705281\">\r\n<\/div>\r\n<script>(function(w,q){w[q]=w[q]||[];w[q].push([\"_mgc.load\"])})(window,\"_mgq\");\r\n<\/script><\/div>","protected":false},"excerpt":{"rendered":"<p>Para celebrar o centen\u00e1rio, a cervejaria lan\u00e7ou uma garrafa de 33 cl com um r\u00f3tulo comemorativo e uma c\u00e1psula correspondente. Tamb\u00e9m apresentou uma edi\u00e7\u00e3o especial de copos com um design de anivers\u00e1rio e uma delicada borda prateada.<\/p>\n","protected":false},"author":1,"featured_media":49220,"comment_status":"open","ping_status":"open","sticky":false,"template":"","format":"standard","meta":{"wpai_generated_summary":"","footnotes":""},"categories":[21273],"tags":[21398,21135,21137,22312],"class_list":["post-49221","post","type-post","status-publish","format-standard","has-post-thumbnail","category-atualidade","tag-aniversario-pt-br","tag-belgica-pt-br","tag-estilos-de-cerveja","tag-westmalle"],"_links":{"self":[{"href":"https:\/\/www.thebeertimes.com\/pt-br\/wp-json\/wp\/v2\/posts\/49221","targetHints":{"allow":["GET"]}}],"collection":[{"href":"https:\/\/www.thebeertimes.com\/pt-br\/wp-json\/wp\/v2\/posts"}],"about":[{"href":"https:\/\/www.thebeertimes.com\/pt-br\/wp-json\/wp\/v2\/types\/post"}],"author":[{"embeddable":true,"href":"https:\/\/www.thebeertimes.com\/pt-br\/wp-json\/wp\/v2\/users\/1"}],"replies":[{"embeddable":true,"href":"https:\/\/www.thebeertimes.com\/pt-br\/wp-json\/wp\/v2\/comments?post=49221"}],"version-history":[{"count":1,"href":"https:\/\/www.thebeertimes.com\/pt-br\/wp-json\/wp\/v2\/posts\/49221\/revisions"}],"predecessor-version":[{"id":49222,"href":"https:\/\/www.thebeertimes.com\/pt-br\/wp-json\/wp\/v2\/posts\/49221\/revisions\/49222"}],"wp:featuredmedia":[{"embeddable":true,"href":"https:\/\/www.thebeertimes.com\/pt-br\/wp-json\/wp\/v2\/media\/49220"}],"wp:attachment":[{"href":"https:\/\/www.thebeertimes.com\/pt-br\/wp-json\/wp\/v2\/media?parent=49221"}],"wp:term":[{"taxonomy":"category","embeddable":true,"href":"https:\/\/www.thebeertimes.com\/pt-br\/wp-json\/wp\/v2\/categories?post=49221"},{"taxonomy":"post_tag","embeddable":true,"href":"https:\/\/www.thebeertimes.com\/pt-br\/wp-json\/wp\/v2\/tags?post=49221"}],"curies":[{"name":"wp","href":"https:\/\/api.w.org\/{rel}","templated":true}]}}